{"id":83755,"date":"2026-08-30T20:56:51","date_gmt":"2026-08-31T02:56:51","guid":{"rendered":"https:\/\/diarioabcdemichoacan.com.mx\/lasnoticias\/?p=83755"},"modified":"2026-08-31T20:57:28","modified_gmt":"2026-09-01T02:57:28","slug":"avanza-compromiso-ambiental-del-morebus-con-la-plantacion-de-2-mil-500-arboles","status":"publish","type":"post","link":"https:\/\/diarioabcdemichoacan.com.mx\/lasnoticias\/avanza-compromiso-ambiental-del-morebus-con-la-plantacion-de-2-mil-500-arboles\/","title":{"rendered":"Avanza compromiso ambiental del Moreb\u00fas con la plantaci\u00f3n de 2 mil 500 \u00e1rboles"},"content":{"rendered":"<p>Charo, Michoac\u00e1n, 30 de agosto de 2026.- En cumplimiento con los compromisos de sustentabilidad y la Manifestaci\u00f3n de Impacto Ambiental correspondiente a la obra del Moreb\u00fas, el gobernador Alfredo Ram\u00edrez Bedolla encabez\u00f3 la segunda jornada de reforestaci\u00f3n en un predio ubicado en la zona lim\u00edtrofe entre Morelia y Charo, mediante la cual se plantaron 2 mil 500 \u00e1rboles. Esta cifra forma parte de un total de 32 mil ejemplares destinados a diversas zonas de la ciudad.<\/p>\n<p>Durante la actividad, realizada en el quinto segmento del Segundo Anillo Perif\u00e9rico de Morelia, el mandatario estatal subray\u00f3 la importancia de integrar la agenda ambiental al desarrollo de la infraestructura urbana de la entidad.<\/p><div id=\"diari-3320613247\" class=\"diari-contenido diari-entity-placement\"><img loading=\"lazy\" decoding=\"async\" src=\"https:\/\/diarioabcdemichoacan.com.mx\/lasnoticias\/wp-content\/uploads\/2024\/07\/WhatsApp-Image-2024-05-07-at-10.12.40-a.m.jpeg\" alt=\"\"  srcset=\"https:\/\/diarioabcdemichoacan.com.mx\/lasnoticias\/wp-content\/uploads\/2024\/07\/WhatsApp-Image-2024-05-07-at-10.12.40-a.m.jpeg 400w, https:\/\/diarioabcdemichoacan.com.mx\/lasnoticias\/wp-content\/uploads\/2024\/07\/WhatsApp-Image-2024-05-07-at-10.12.40-a.m-150x150.jpeg 150w, https:\/\/diarioabcdemichoacan.com.mx\/lasnoticias\/wp-content\/uploads\/2024\/07\/WhatsApp-Image-2024-05-07-at-10.12.40-a.m-300x300.jpeg 300w\" sizes=\"(max-width: 400px) 100vw, 400px\" width=\"400\" height=\"400\"  style=\"display: inline-block;\" \/><\/div>\n<p>\u201cHoy venimos a reforestar; en las zonas donde tenemos obras, tambi\u00e9n tenemos que reforestar para mitigar el impacto y aprovechar el momento para generar m\u00e1s \u00e1reas verdes en la ciudad y en el desarrollo urbano que tenemos\u201d, detall\u00f3 Ram\u00edrez Bedolla.<\/p>\n<p>Asimismo, resalt\u00f3 que la visi\u00f3n estrat\u00e9gica de la administraci\u00f3n estatal contempla la construcci\u00f3n de un cintur\u00f3n verde en el \u00e1rea que comprende el Segundo Anillo Perif\u00e9rico, con el prop\u00f3sito de reforzar los trabajos de conservaci\u00f3n de los recursos naturales. Record\u00f3 que la semana pasada se realiz\u00f3 otra reforestaci\u00f3n en Villas del Pedregal, zona a la que se destinaron 5 mil \u00e1rboles.<\/p>\n<p>Por su parte, el secretario de Comunicaciones y Obras P\u00fablicas, Rogelio Zaraz\u00faa S\u00e1nchez, inform\u00f3 que con los 2 mil 500 \u00e1rboles integrados en esta jornada se alcanza un acumulado de 36 mil ejemplares plantados en el trazo e inmediaciones del Segundo Anillo Perif\u00e9rico de Morelia.<\/p>\n<p>En tanto que el secretario de Medio Ambiente, Alejandro M\u00e9ndez L\u00f3pez, destac\u00f3 el impacto global de estas acciones y precis\u00f3 que la meta institucional para el presente a\u00f1o es consolidar una cifra acumulada de 50 millones de \u00e1rboles reforestados en Michoac\u00e1n durante lo que va de la presente administraci\u00f3n estatal.<\/p>\n<p>Asistieron a la reforestaci\u00f3n Giulianna Bugarini Torres, diputada local por el distrito 11 de Morelia; Luis Navarro Garc\u00eda, secretario de Finanzas y Administraci\u00f3n; Cuauht\u00e9moc Ram\u00edrez Romero, secretario de Agricultura y Desarrollo Rural; Carlos Alberto Garc\u00eda Salgado, titular de la Oficina de Representaci\u00f3n de la Semarnat en Michoac\u00e1n y Martha Beatriz Rend\u00f3n L\u00f3pez, directora general de la Comisi\u00f3n Forestal del Estado.<\/p>\n","protected":false},"excerpt":{"rendered":"<p>Charo, Michoac\u00e1n, 30 de agosto de 2026.- En cumplimiento con los compromisos de sustentabilidad y la Manifestaci\u00f3n de Impacto Ambiental correspondiente a la obra del Moreb\u00fas, el gobernador Alfredo Ram\u00edrez Bedolla encabez\u00f3 la segunda jornada de reforestaci\u00f3n en un predio ubicado en la zona lim\u00edtrofe entre Morelia y Charo, mediante la cual se plantaron 2 [&hellip;]<\/p>\n","protected":false},"author":6,"featured_media":83756,"comment_status":"closed","ping_status":"closed","sticky":false,"template":"","format":"standard","meta":{"footnotes":""},"categories":[10,17],"tags":[],"class_list":["post-83755","post","type-post","status-publish","format-standard","has-post-thumbnail","category-estado","category-gobierno-de-michoacan"],"yoast_head":"<!-- This site is optimized with the Yoast SEO plugin v28.4 - https:\/\/yoast.com\/product\/yoast-seo-wordpress\/ -->\n<title>Avanza compromiso ambiental del Moreb\u00fas con la plantaci\u00f3n de 2 mil 500 \u00e1rboles - Diario ABC de Michoac\u00e1n<\/title>\n<meta name=\"robots\" content=\"index, follow, max-snippet:-1, max-image-preview:large, max-video-preview:-1\" \/>\n<link rel=\"canonical\" href=\"https:\/\/diarioabcdemichoacan.com.mx\/lasnoticias\/avanza-compromiso-ambiental-del-morebus-con-la-plantacion-de-2-mil-500-arboles\/\" \/>\n<meta property=\"og:locale\" content=\"es_ES\" \/>\n<meta property=\"og:type\" content=\"article\" \/>\n<meta property=\"og:title\" content=\"Avanza compromiso ambiental del Moreb\u00fas con la plantaci\u00f3n de 2 mil 500 \u00e1rboles - Diario ABC de Michoac\u00e1n\" \/>\n<meta property=\"og:description\" content=\"Charo, Michoac\u00e1n, 30 de agosto de 2026.- En cumplimiento con los compromisos de sustentabilidad y la Manifestaci\u00f3n de Impacto Ambiental correspondiente a la obra del Moreb\u00fas, el gobernador Alfredo Ram\u00edrez Bedolla encabez\u00f3 la segunda jornada de reforestaci\u00f3n en un predio ubicado en la zona lim\u00edtrofe entre Morelia y Charo, mediante la cual se plantaron 2 [&hellip;]\" \/>\n<meta property=\"og:url\" content=\"https:\/\/diarioabcdemichoacan.com.mx\/lasnoticias\/avanza-compromiso-ambiental-del-morebus-con-la-plantacion-de-2-mil-500-arboles\/\" \/>\n<meta property=\"og:site_name\" content=\"Diario ABC de Michoac\u00e1n\" \/>\n<meta property=\"article:published_time\" content=\"2026-08-31T02:56:51+00:00\" \/>\n<meta property=\"article:modified_time\" content=\"2026-09-01T02:57:28+00:00\" \/>\n<meta property=\"og:image\" content=\"https:\/\/diarioabcdemichoacan.com.mx\/lasnoticias\/wp-content\/uploads\/2026\/08\/2e647b04-1728-4ca2-a8f9-d8f44873e032.jpg\" \/>\n\t<meta property=\"og:image:width\" content=\"1280\" \/>\n\t<meta property=\"og:image:height\" content=\"853\" \/>\n\t<meta property=\"og:image:type\" content=\"image\/jpeg\" \/>\n<meta name=\"author\" content=\"MB\" \/>\n<meta name=\"twitter:card\" content=\"summary_large_image\" \/>\n<meta name=\"twitter:label1\" content=\"Escrito por\" \/>\n\t<meta name=\"twitter:data1\" content=\"MB\" \/>\n\t<meta name=\"twitter:label2\" content=\"Tiempo de lectura\" \/>\n\t<meta name=\"twitter:data2\" content=\"2 minutos\" \/>\n<script type=\"application\/ld+json\" class=\"yoast-schema-graph\">{\"@context\":\"https:\\\/\\\/schema.org\",\"@graph\":[{\"@type\":\"Article\",\"@id\":\"https:\\\/\\\/diarioabcdemichoacan.com.mx\\\/lasnoticias\\\/avanza-compromiso-ambiental-del-morebus-con-la-plantacion-de-2-mil-500-arboles\\\/#article\",\"isPartOf\":{\"@id\":\"https:\\\/\\\/diarioabcdemichoacan.com.mx\\\/lasnoticias\\\/avanza-compromiso-ambiental-del-morebus-con-la-plantacion-de-2-mil-500-arboles\\\/\"},\"author\":{\"name\":\"MB\",\"@id\":\"https:\\\/\\\/diarioabcdemichoacan.com.mx\\\/lasnoticias\\\/#\\\/schema\\\/person\\\/0546f9c3407148f7452ca932715c5e88\"},\"headline\":\"Avanza compromiso ambiental del Moreb\u00fas con la plantaci\u00f3n de 2 mil 500 \u00e1rboles\",\"datePublished\":\"2026-08-31T02:56:51+00:00\",\"dateModified\":\"2026-09-01T02:57:28+00:00\",\"mainEntityOfPage\":{\"@id\":\"https:\\\/\\\/diarioabcdemichoacan.com.mx\\\/lasnoticias\\\/avanza-compromiso-ambiental-del-morebus-con-la-plantacion-de-2-mil-500-arboles\\\/\"},\"wordCount\":408,\"image\":{\"@id\":\"https:\\\/\\\/diarioabcdemichoacan.com.mx\\\/lasnoticias\\\/avanza-compromiso-ambiental-del-morebus-con-la-plantacion-de-2-mil-500-arboles\\\/#primaryimage\"},\"thumbnailUrl\":\"https:\\\/\\\/diarioabcdemichoacan.com.mx\\\/lasnoticias\\\/wp-content\\\/uploads\\\/2026\\\/08\\\/2e647b04-1728-4ca2-a8f9-d8f44873e032.jpg\",\"articleSection\":[\"Estado\",\"Gobierno de Michoac\u00e1n\"],\"inLanguage\":\"es\"},{\"@type\":\"WebPage\",\"@id\":\"https:\\\/\\\/diarioabcdemichoacan.com.mx\\\/lasnoticias\\\/avanza-compromiso-ambiental-del-morebus-con-la-plantacion-de-2-mil-500-arboles\\\/\",\"url\":\"https:\\\/\\\/diarioabcdemichoacan.com.mx\\\/lasnoticias\\\/avanza-compromiso-ambiental-del-morebus-con-la-plantacion-de-2-mil-500-arboles\\\/\",\"name\":\"Avanza compromiso ambiental del Moreb\u00fas con la plantaci\u00f3n de 2 mil 500 \u00e1rboles - Diario ABC de Michoac\u00e1n\",\"isPartOf\":{\"@id\":\"https:\\\/\\\/diarioabcdemichoacan.com.mx\\\/lasnoticias\\\/#website\"},\"primaryImageOfPage\":{\"@id\":\"https:\\\/\\\/diarioabcdemichoacan.com.mx\\\/lasnoticias\\\/avanza-compromiso-ambiental-del-morebus-con-la-plantacion-de-2-mil-500-arboles\\\/#primaryimage\"},\"image\":{\"@id\":\"https:\\\/\\\/diarioabcdemichoacan.com.mx\\\/lasnoticias\\\/avanza-compromiso-ambiental-del-morebus-con-la-plantacion-de-2-mil-500-arboles\\\/#primaryimage\"},\"thumbnailUrl\":\"https:\\\/\\\/diarioabcdemichoacan.com.mx\\\/lasnoticias\\\/wp-content\\\/uploads\\\/2026\\\/08\\\/2e647b04-1728-4ca2-a8f9-d8f44873e032.jpg\",\"datePublished\":\"2026-08-31T02:56:51+00:00\",\"dateModified\":\"2026-09-01T02:57:28+00:00\",\"author\":{\"@id\":\"https:\\\/\\\/diarioabcdemichoacan.com.mx\\\/lasnoticias\\\/#\\\/schema\\\/person\\\/0546f9c3407148f7452ca932715c5e88\"},\"breadcrumb\":{\"@id\":\"https:\\\/\\\/diarioabcdemichoacan.com.mx\\\/lasnoticias\\\/avanza-compromiso-ambiental-del-morebus-con-la-plantacion-de-2-mil-500-arboles\\\/#breadcrumb\"},\"inLanguage\":\"es\",\"potentialAction\":[{\"@type\":\"ReadAction\",\"target\":[\"https:\\\/\\\/diarioabcdemichoacan.com.mx\\\/lasnoticias\\\/avanza-compromiso-ambiental-del-morebus-con-la-plantacion-de-2-mil-500-arboles\\\/\"]}]},{\"@type\":\"ImageObject\",\"inLanguage\":\"es\",\"@id\":\"https:\\\/\\\/diarioabcdemichoacan.com.mx\\\/lasnoticias\\\/avanza-compromiso-ambiental-del-morebus-con-la-plantacion-de-2-mil-500-arboles\\\/#primaryimage\",\"url\":\"https:\\\/\\\/diarioabcdemichoacan.com.mx\\\/lasnoticias\\\/wp-content\\\/uploads\\\/2026\\\/08\\\/2e647b04-1728-4ca2-a8f9-d8f44873e032.jpg\",\"contentUrl\":\"https:\\\/\\\/diarioabcdemichoacan.com.mx\\\/lasnoticias\\\/wp-content\\\/uploads\\\/2026\\\/08\\\/2e647b04-1728-4ca2-a8f9-d8f44873e032.jpg\",\"width\":1280,\"height\":853},{\"@type\":\"BreadcrumbList\",\"@id\":\"https:\\\/\\\/diarioabcdemichoacan.com.mx\\\/lasnoticias\\\/avanza-compromiso-ambiental-del-morebus-con-la-plantacion-de-2-mil-500-arboles\\\/#breadcrumb\",\"itemListElement\":[{\"@type\":\"ListItem\",\"position\":1,\"name\":\"Portada\",\"item\":\"https:\\\/\\\/diarioabcdemichoacan.com.mx\\\/lasnoticias\\\/\"},{\"@type\":\"ListItem\",\"position\":2,\"name\":\"Avanza compromiso ambiental del Moreb\u00fas con la plantaci\u00f3n de 2 mil 500 \u00e1rboles\"}]},{\"@type\":\"WebSite\",\"@id\":\"https:\\\/\\\/diarioabcdemichoacan.com.mx\\\/lasnoticias\\\/#website\",\"url\":\"https:\\\/\\\/diarioabcdemichoacan.com.mx\\\/lasnoticias\\\/\",\"name\":\"Diario ABC de Michoac\u00e1n\",\"description\":\"Las noticias al momento\",\"potentialAction\":[{\"@type\":\"SearchAction\",\"target\":{\"@type\":\"EntryPoint\",\"urlTemplate\":\"https:\\\/\\\/diarioabcdemichoacan.com.mx\\\/lasnoticias\\\/?s={search_term_string}\"},\"query-input\":{\"@type\":\"PropertyValueSpecification\",\"valueRequired\":true,\"valueName\":\"search_term_string\"}}],\"inLanguage\":\"es\"},{\"@type\":\"Person\",\"@id\":\"https:\\\/\\\/diarioabcdemichoacan.com.mx\\\/lasnoticias\\\/#\\\/schema\\\/person\\\/0546f9c3407148f7452ca932715c5e88\",\"name\":\"MB\",\"image\":{\"@type\":\"ImageObject\",\"inLanguage\":\"es\",\"@id\":\"https:\\\/\\\/secure.gravatar.com\\\/avatar\\\/ac036f018f6a8431a5687a020efaf39d914da6a3fc78ce6029ab7ae29c5130e2?s=96&d=mm&r=g\",\"url\":\"https:\\\/\\\/secure.gravatar.com\\\/avatar\\\/ac036f018f6a8431a5687a020efaf39d914da6a3fc78ce6029ab7ae29c5130e2?s=96&d=mm&r=g\",\"contentUrl\":\"https:\\\/\\\/secure.gravatar.com\\\/avatar\\\/ac036f018f6a8431a5687a020efaf39d914da6a3fc78ce6029ab7ae29c5130e2?s=96&d=mm&r=g\",\"caption\":\"MB\"},\"url\":\"https:\\\/\\\/diarioabcdemichoacan.com.mx\\\/lasnoticias\\\/author\\\/bomariano03\\\/\"}]}<\/script>\n<!-- \/ Yoast SEO plugin. -->","yoast_head_json":{"title":"Avanza compromiso ambiental del Moreb\u00fas con la plantaci\u00f3n de 2 mil 500 \u00e1rboles - Diario ABC de Michoac\u00e1n","robots":{"index":"index","follow":"follow","max-snippet":"max-snippet:-1","max-image-preview":"max-image-preview:large","max-video-preview":"max-video-preview:-1"},"canonical":"https:\/\/diarioabcdemichoacan.com.mx\/lasnoticias\/avanza-compromiso-ambiental-del-morebus-con-la-plantacion-de-2-mil-500-arboles\/","og_locale":"es_ES","og_type":"article","og_title":"Avanza compromiso ambiental del Moreb\u00fas con la plantaci\u00f3n de 2 mil 500 \u00e1rboles - Diario ABC de Michoac\u00e1n","og_description":"Charo, Michoac\u00e1n, 30 de agosto de 2026.- En cumplimiento con los compromisos de sustentabilidad y la Manifestaci\u00f3n de Impacto Ambiental correspondiente a la obra del Moreb\u00fas, el gobernador Alfredo Ram\u00edrez Bedolla encabez\u00f3 la segunda jornada de reforestaci\u00f3n en un predio ubicado en la zona lim\u00edtrofe entre Morelia y Charo, mediante la cual se plantaron 2 [&hellip;]","og_url":"https:\/\/diarioabcdemichoacan.com.mx\/lasnoticias\/avanza-compromiso-ambiental-del-morebus-con-la-plantacion-de-2-mil-500-arboles\/","og_site_name":"Diario ABC de Michoac\u00e1n","article_published_time":"2026-08-31T02:56:51+00:00","article_modified_time":"2026-09-01T02:57:28+00:00","og_image":[{"width":1280,"height":853,"url":"https:\/\/diarioabcdemichoacan.com.mx\/lasnoticias\/wp-content\/uploads\/2026\/08\/2e647b04-1728-4ca2-a8f9-d8f44873e032.jpg","type":"image\/jpeg"}],"author":"MB","twitter_card":"summary_large_image","twitter_misc":{"Escrito por":"MB","Tiempo de lectura":"2 minutos"},"schema":{"@context":"https:\/\/schema.org","@graph":[{"@type":"Article","@id":"https:\/\/diarioabcdemichoacan.com.mx\/lasnoticias\/avanza-compromiso-ambiental-del-morebus-con-la-plantacion-de-2-mil-500-arboles\/#article","isPartOf":{"@id":"https:\/\/diarioabcdemichoacan.com.mx\/lasnoticias\/avanza-compromiso-ambiental-del-morebus-con-la-plantacion-de-2-mil-500-arboles\/"},"author":{"name":"MB","@id":"https:\/\/diarioabcdemichoacan.com.mx\/lasnoticias\/#\/schema\/person\/0546f9c3407148f7452ca932715c5e88"},"headline":"Avanza compromiso ambiental del Moreb\u00fas con la plantaci\u00f3n de 2 mil 500 \u00e1rboles","datePublished":"2026-08-31T02:56:51+00:00","dateModified":"2026-09-01T02:57:28+00:00","mainEntityOfPage":{"@id":"https:\/\/diarioabcdemichoacan.com.mx\/lasnoticias\/avanza-compromiso-ambiental-del-morebus-con-la-plantacion-de-2-mil-500-arboles\/"},"wordCount":408,"image":{"@id":"https:\/\/diarioabcdemichoacan.com.mx\/lasnoticias\/avanza-compromiso-ambiental-del-morebus-con-la-plantacion-de-2-mil-500-arboles\/#primaryimage"},"thumbnailUrl":"https:\/\/diarioabcdemichoacan.com.mx\/lasnoticias\/wp-content\/uploads\/2026\/08\/2e647b04-1728-4ca2-a8f9-d8f44873e032.jpg","articleSection":["Estado","Gobierno de Michoac\u00e1n"],"inLanguage":"es"},{"@type":"WebPage","@id":"https:\/\/diarioabcdemichoacan.com.mx\/lasnoticias\/avanza-compromiso-ambiental-del-morebus-con-la-plantacion-de-2-mil-500-arboles\/","url":"https:\/\/diarioabcdemichoacan.com.mx\/lasnoticias\/avanza-compromiso-ambiental-del-morebus-con-la-plantacion-de-2-mil-500-arboles\/","name":"Avanza compromiso ambiental del Moreb\u00fas con la plantaci\u00f3n de 2 mil 500 \u00e1rboles - Diario ABC de Michoac\u00e1n","isPartOf":{"@id":"https:\/\/diarioabcdemichoacan.com.mx\/lasnoticias\/#website"},"primaryImageOfPage":{"@id":"https:\/\/diarioabcdemichoacan.com.mx\/lasnoticias\/avanza-compromiso-ambiental-del-morebus-con-la-plantacion-de-2-mil-500-arboles\/#primaryimage"},"image":{"@id":"https:\/\/diarioabcdemichoacan.com.mx\/lasnoticias\/avanza-compromiso-ambiental-del-morebus-con-la-plantacion-de-2-mil-500-arboles\/#primaryimage"},"thumbnailUrl":"https:\/\/diarioabcdemichoacan.com.mx\/lasnoticias\/wp-content\/uploads\/2026\/08\/2e647b04-1728-4ca2-a8f9-d8f44873e032.jpg","datePublished":"2026-08-31T02:56:51+00:00","dateModified":"2026-09-01T02:57:28+00:00","author":{"@id":"https:\/\/diarioabcdemichoacan.com.mx\/lasnoticias\/#\/schema\/person\/0546f9c3407148f7452ca932715c5e88"},"breadcrumb":{"@id":"https:\/\/diarioabcdemichoacan.com.mx\/lasnoticias\/avanza-compromiso-ambiental-del-morebus-con-la-plantacion-de-2-mil-500-arboles\/#breadcrumb"},"inLanguage":"es","potentialAction":[{"@type":"ReadAction","target":["https:\/\/diarioabcdemichoacan.com.mx\/lasnoticias\/avanza-compromiso-ambiental-del-morebus-con-la-plantacion-de-2-mil-500-arboles\/"]}]},{"@type":"ImageObject","inLanguage":"es","@id":"https:\/\/diarioabcdemichoacan.com.mx\/lasnoticias\/avanza-compromiso-ambiental-del-morebus-con-la-plantacion-de-2-mil-500-arboles\/#primaryimage","url":"https:\/\/diarioabcdemichoacan.com.mx\/lasnoticias\/wp-content\/uploads\/2026\/08\/2e647b04-1728-4ca2-a8f9-d8f44873e032.jpg","contentUrl":"https:\/\/diarioabcdemichoacan.com.mx\/lasnoticias\/wp-content\/uploads\/2026\/08\/2e647b04-1728-4ca2-a8f9-d8f44873e032.jpg","width":1280,"height":853},{"@type":"BreadcrumbList","@id":"https:\/\/diarioabcdemichoacan.com.mx\/lasnoticias\/avanza-compromiso-ambiental-del-morebus-con-la-plantacion-de-2-mil-500-arboles\/#breadcrumb","itemListElement":[{"@type":"ListItem","position":1,"name":"Portada","item":"https:\/\/diarioabcdemichoacan.com.mx\/lasnoticias\/"},{"@type":"ListItem","position":2,"name":"Avanza compromiso ambiental del Moreb\u00fas con la plantaci\u00f3n de 2 mil 500 \u00e1rboles"}]},{"@type":"WebSite","@id":"https:\/\/diarioabcdemichoacan.com.mx\/lasnoticias\/#website","url":"https:\/\/diarioabcdemichoacan.com.mx\/lasnoticias\/","name":"Diario ABC de Michoac\u00e1n","description":"Las noticias al momento","potentialAction":[{"@type":"SearchAction","target":{"@type":"EntryPoint","urlTemplate":"https:\/\/diarioabcdemichoacan.com.mx\/lasnoticias\/?s={search_term_string}"},"query-input":{"@type":"PropertyValueSpecification","valueRequired":true,"valueName":"search_term_string"}}],"inLanguage":"es"},{"@type":"Person","@id":"https:\/\/diarioabcdemichoacan.com.mx\/lasnoticias\/#\/schema\/person\/0546f9c3407148f7452ca932715c5e88","name":"MB","image":{"@type":"ImageObject","inLanguage":"es","@id":"https:\/\/secure.gravatar.com\/avatar\/ac036f018f6a8431a5687a020efaf39d914da6a3fc78ce6029ab7ae29c5130e2?s=96&d=mm&r=g","url":"https:\/\/secure.gravatar.com\/avatar\/ac036f018f6a8431a5687a020efaf39d914da6a3fc78ce6029ab7ae29c5130e2?s=96&d=mm&r=g","contentUrl":"https:\/\/secure.gravatar.com\/avatar\/ac036f018f6a8431a5687a020efaf39d914da6a3fc78ce6029ab7ae29c5130e2?s=96&d=mm&r=g","caption":"MB"},"url":"https:\/\/diarioabcdemichoacan.com.mx\/lasnoticias\/author\/bomariano03\/"}]}},"_links":{"self":[{"href":"https:\/\/diarioabcdemichoacan.com.mx\/lasnoticias\/wp-json\/wp\/v2\/posts\/83755","targetHints":{"allow":["GET"]}}],"collection":[{"href":"https:\/\/diarioabcdemichoacan.com.mx\/lasnoticias\/wp-json\/wp\/v2\/posts"}],"about":[{"href":"https:\/\/diarioabcdemichoacan.com.mx\/lasnoticias\/wp-json\/wp\/v2\/types\/post"}],"author":[{"embeddable":true,"href":"https:\/\/diarioabcdemichoacan.com.mx\/lasnoticias\/wp-json\/wp\/v2\/users\/6"}],"replies":[{"embeddable":true,"href":"https:\/\/diarioabcdemichoacan.com.mx\/lasnoticias\/wp-json\/wp\/v2\/comments?post=83755"}],"version-history":[{"count":1,"href":"https:\/\/diarioabcdemichoacan.com.mx\/lasnoticias\/wp-json\/wp\/v2\/posts\/83755\/revisions"}],"predecessor-version":[{"id":83757,"href":"https:\/\/diarioabcdemichoacan.com.mx\/lasnoticias\/wp-json\/wp\/v2\/posts\/83755\/revisions\/83757"}],"wp:featuredmedia":[{"embeddable":true,"href":"https:\/\/diarioabcdemichoacan.com.mx\/lasnoticias\/wp-json\/wp\/v2\/media\/83756"}],"wp:attachment":[{"href":"https:\/\/diarioabcdemichoacan.com.mx\/lasnoticias\/wp-json\/wp\/v2\/media?parent=83755"}],"wp:term":[{"taxonomy":"category","embeddable":true,"href":"https:\/\/diarioabcdemichoacan.com.mx\/lasnoticias\/wp-json\/wp\/v2\/categories?post=83755"},{"taxonomy":"post_tag","embeddable":true,"href":"https:\/\/diarioabcdemichoacan.com.mx\/lasnoticias\/wp-json\/wp\/v2\/tags?post=83755"}],"curies":[{"name":"wp","href":"https:\/\/api.w.org\/{rel}","templated":true}]}}