{"id":83758,"date":"2026-08-30T20:59:46","date_gmt":"2026-08-31T02:59:46","guid":{"rendered":"https:\/\/diarioabcdemichoacan.com.mx\/lasnoticias\/?p=83758"},"modified":"2026-08-31T21:01:47","modified_gmt":"2026-09-01T03:01:47","slug":"estudiantes-del-cecytem-ganan-primer-lugar-en-feria-internacional-de-ciencia-en-colombia","status":"publish","type":"post","link":"https:\/\/diarioabcdemichoacan.com.mx\/lasnoticias\/estudiantes-del-cecytem-ganan-primer-lugar-en-feria-internacional-de-ciencia-en-colombia\/","title":{"rendered":"Estudiantes del Cecytem ganan primer lugar en feria internacional de ciencia en Colombia"},"content":{"rendered":"<p>Los j\u00f3venes michoacanos obtuvieron el primer lugar en la categor\u00eda de Biotecnolog\u00eda y Ciencias Agr\u00edcolas con el proyecto \u201cActiplus\u201d<\/p>\n<hr \/>\n<p>Morelia, Michoac\u00e1n, 30 de agosto de 2026.- Estudiantes del Colegio de Estudios Cient\u00edficos y Tecnol\u00f3gicos del Estado de Michoac\u00e1n (Cecytem), plantel Puru\u00e1ndiro, conquistaron el primer lugar en la categor\u00eda de Biotecnolog\u00eda y Ciencias Agr\u00edcolas de la Feria Internacional Master College 2026 de Ciencia, Tecnolog\u00eda e Innovaci\u00f3n, que se realiza en Valledupar, Colombia.<\/p><div id=\"diari-2845051599\" class=\"diari-contenido diari-entity-placement\"><img loading=\"lazy\" decoding=\"async\" src=\"https:\/\/diarioabcdemichoacan.com.mx\/lasnoticias\/wp-content\/uploads\/2024\/07\/WhatsApp-Image-2024-05-07-at-10.12.40-a.m.jpeg\" alt=\"\"  srcset=\"https:\/\/diarioabcdemichoacan.com.mx\/lasnoticias\/wp-content\/uploads\/2024\/07\/WhatsApp-Image-2024-05-07-at-10.12.40-a.m.jpeg 400w, https:\/\/diarioabcdemichoacan.com.mx\/lasnoticias\/wp-content\/uploads\/2024\/07\/WhatsApp-Image-2024-05-07-at-10.12.40-a.m-150x150.jpeg 150w, https:\/\/diarioabcdemichoacan.com.mx\/lasnoticias\/wp-content\/uploads\/2024\/07\/WhatsApp-Image-2024-05-07-at-10.12.40-a.m-300x300.jpeg 300w\" sizes=\"(max-width: 400px) 100vw, 400px\" width=\"400\" height=\"400\"  style=\"display: inline-block;\" \/><\/div>\n<p>Los estudiantes Ramces Acosta Baca, Crist\u00f3bal Daniel Zavala Ch\u00e1vez y \u00c1lvaro Andr\u00e9s Recio Valdez se coronaron campeones con el proyecto \u201cActiplus\u201d, una propuesta innovadora desarrollada desde el aula que busca contribuir al aprovechamiento de microorganismos ben\u00e9ficos para el fortalecimiento de la agricultura. Los j\u00f3venes contaron con la asesor\u00eda del docente Javier Ari\u00e1n Orozco Alfaro.<\/p>\n<p>En esta competencia internacional participaron estudiantes de Colombia, M\u00e9xico, Ecuador, Brasil y Chile, con la presentaci\u00f3n de m\u00e1s de 200 proyectos de investigaci\u00f3n, en un espacio que permiti\u00f3 a las juventudes compartir conocimientos, experiencias e innovaciones en materia de ciencia y tecnolog\u00eda.<\/p>\n<p>El director del plantel Puru\u00e1ndiro, Enrique Alonso Mart\u00ednez Santana, se\u00f1al\u00f3 que la comunidad educativa celebra con orgullo este resultado y reconoci\u00f3 el esfuerzo, la dedicaci\u00f3n y el talento de los estudiantes, as\u00ed como el acompa\u00f1amiento y compromiso de su asesor, pues con este triunfo ponen en alto el nombre de Puru\u00e1ndiro y de Michoac\u00e1n en el \u00e1mbito internacional.<\/p>\n<p>Por su parte, el director general del Cecytem, Juan Carlos Velasco Procell, adem\u00e1s de reconocer el talento de los estudiantes y el compromiso de su asesor, se\u00f1al\u00f3 que resultados como este refrendan que en el Cecytem se impulsa una educaci\u00f3n que brinda a las y los j\u00f3venes las herramientas para desarrollar su talento, innovar y trascender fronteras.<\/p>\n","protected":false},"excerpt":{"rendered":"<p>Los j\u00f3venes michoacanos obtuvieron el primer lugar en la categor\u00eda de Biotecnolog\u00eda y Ciencias Agr\u00edcolas con el proyecto \u201cActiplus\u201d Morelia, Michoac\u00e1n, 30 de agosto de 2026.- Estudiantes del Colegio de Estudios Cient\u00edficos y Tecnol\u00f3gicos del Estado de Michoac\u00e1n (Cecytem), plantel Puru\u00e1ndiro, conquistaron el primer lugar en la categor\u00eda de Biotecnolog\u00eda y Ciencias Agr\u00edcolas de la [&hellip;]<\/p>\n","protected":false},"author":6,"featured_media":83759,"comment_status":"closed","ping_status":"closed","sticky":false,"template":"","format":"standard","meta":{"footnotes":""},"categories":[38,15,10,17],"tags":[],"class_list":["post-83758","post","type-post","status-publish","format-standard","has-post-thumbnail","category-ciencia","category-educacion","category-estado","category-gobierno-de-michoacan"],"yoast_head":"<!-- This site is optimized with the Yoast SEO plugin v28.4 - https:\/\/yoast.com\/product\/yoast-seo-wordpress\/ -->\n<title>Estudiantes del Cecytem ganan primer lugar en feria internacional de ciencia en Colombia - Diario ABC de Michoac\u00e1n<\/title>\n<meta name=\"robots\" content=\"index, follow, max-snippet:-1, max-image-preview:large, max-video-preview:-1\" \/>\n<link rel=\"canonical\" href=\"https:\/\/diarioabcdemichoacan.com.mx\/lasnoticias\/estudiantes-del-cecytem-ganan-primer-lugar-en-feria-internacional-de-ciencia-en-colombia\/\" \/>\n<meta property=\"og:locale\" content=\"es_ES\" \/>\n<meta property=\"og:type\" content=\"article\" \/>\n<meta property=\"og:title\" content=\"Estudiantes del Cecytem ganan primer lugar en feria internacional de ciencia en Colombia - Diario ABC de Michoac\u00e1n\" \/>\n<meta property=\"og:description\" content=\"Los j\u00f3venes michoacanos obtuvieron el primer lugar en la categor\u00eda de Biotecnolog\u00eda y Ciencias Agr\u00edcolas con el proyecto \u201cActiplus\u201d Morelia, Michoac\u00e1n, 30 de agosto de 2026.- Estudiantes del Colegio de Estudios Cient\u00edficos y Tecnol\u00f3gicos del Estado de Michoac\u00e1n (Cecytem), plantel Puru\u00e1ndiro, conquistaron el primer lugar en la categor\u00eda de Biotecnolog\u00eda y Ciencias Agr\u00edcolas de la [&hellip;]\" \/>\n<meta property=\"og:url\" content=\"https:\/\/diarioabcdemichoacan.com.mx\/lasnoticias\/estudiantes-del-cecytem-ganan-primer-lugar-en-feria-internacional-de-ciencia-en-colombia\/\" \/>\n<meta property=\"og:site_name\" content=\"Diario ABC de Michoac\u00e1n\" \/>\n<meta property=\"article:published_time\" content=\"2026-08-31T02:59:46+00:00\" \/>\n<meta property=\"article:modified_time\" content=\"2026-09-01T03:01:47+00:00\" \/>\n<meta property=\"og:image\" content=\"https:\/\/diarioabcdemichoacan.com.mx\/lasnoticias\/wp-content\/uploads\/2026\/08\/3344d322-eb8a-4f20-887f-aff202987d73.jpg\" \/>\n\t<meta property=\"og:image:width\" content=\"1600\" \/>\n\t<meta property=\"og:image:height\" content=\"1200\" \/>\n\t<meta property=\"og:image:type\" content=\"image\/jpeg\" \/>\n<meta name=\"author\" content=\"MB\" \/>\n<meta name=\"twitter:card\" content=\"summary_large_image\" \/>\n<meta name=\"twitter:label1\" content=\"Escrito por\" \/>\n\t<meta name=\"twitter:data1\" content=\"MB\" \/>\n\t<meta name=\"twitter:label2\" content=\"Tiempo de lectura\" \/>\n\t<meta name=\"twitter:data2\" content=\"2 minutos\" \/>\n<script type=\"application\/ld+json\" class=\"yoast-schema-graph\">{\"@context\":\"https:\\\/\\\/schema.org\",\"@graph\":[{\"@type\":\"Article\",\"@id\":\"https:\\\/\\\/diarioabcdemichoacan.com.mx\\\/lasnoticias\\\/estudiantes-del-cecytem-ganan-primer-lugar-en-feria-internacional-de-ciencia-en-colombia\\\/#article\",\"isPartOf\":{\"@id\":\"https:\\\/\\\/diarioabcdemichoacan.com.mx\\\/lasnoticias\\\/estudiantes-del-cecytem-ganan-primer-lugar-en-feria-internacional-de-ciencia-en-colombia\\\/\"},\"author\":{\"name\":\"MB\",\"@id\":\"https:\\\/\\\/diarioabcdemichoacan.com.mx\\\/lasnoticias\\\/#\\\/schema\\\/person\\\/0546f9c3407148f7452ca932715c5e88\"},\"headline\":\"Estudiantes del Cecytem ganan primer lugar en feria internacional de ciencia en Colombia\",\"datePublished\":\"2026-08-31T02:59:46+00:00\",\"dateModified\":\"2026-09-01T03:01:47+00:00\",\"mainEntityOfPage\":{\"@id\":\"https:\\\/\\\/diarioabcdemichoacan.com.mx\\\/lasnoticias\\\/estudiantes-del-cecytem-ganan-primer-lugar-en-feria-internacional-de-ciencia-en-colombia\\\/\"},\"wordCount\":329,\"image\":{\"@id\":\"https:\\\/\\\/diarioabcdemichoacan.com.mx\\\/lasnoticias\\\/estudiantes-del-cecytem-ganan-primer-lugar-en-feria-internacional-de-ciencia-en-colombia\\\/#primaryimage\"},\"thumbnailUrl\":\"https:\\\/\\\/diarioabcdemichoacan.com.mx\\\/lasnoticias\\\/wp-content\\\/uploads\\\/2026\\\/08\\\/3344d322-eb8a-4f20-887f-aff202987d73.jpg\",\"articleSection\":[\"Ciencia\",\"Educaci\u00f3n\",\"Estado\",\"Gobierno de Michoac\u00e1n\"],\"inLanguage\":\"es\"},{\"@type\":\"WebPage\",\"@id\":\"https:\\\/\\\/diarioabcdemichoacan.com.mx\\\/lasnoticias\\\/estudiantes-del-cecytem-ganan-primer-lugar-en-feria-internacional-de-ciencia-en-colombia\\\/\",\"url\":\"https:\\\/\\\/diarioabcdemichoacan.com.mx\\\/lasnoticias\\\/estudiantes-del-cecytem-ganan-primer-lugar-en-feria-internacional-de-ciencia-en-colombia\\\/\",\"name\":\"Estudiantes del Cecytem ganan primer lugar en feria internacional de ciencia en Colombia - Diario ABC de Michoac\u00e1n\",\"isPartOf\":{\"@id\":\"https:\\\/\\\/diarioabcdemichoacan.com.mx\\\/lasnoticias\\\/#website\"},\"primaryImageOfPage\":{\"@id\":\"https:\\\/\\\/diarioabcdemichoacan.com.mx\\\/lasnoticias\\\/estudiantes-del-cecytem-ganan-primer-lugar-en-feria-internacional-de-ciencia-en-colombia\\\/#primaryimage\"},\"image\":{\"@id\":\"https:\\\/\\\/diarioabcdemichoacan.com.mx\\\/lasnoticias\\\/estudiantes-del-cecytem-ganan-primer-lugar-en-feria-internacional-de-ciencia-en-colombia\\\/#primaryimage\"},\"thumbnailUrl\":\"https:\\\/\\\/diarioabcdemichoacan.com.mx\\\/lasnoticias\\\/wp-content\\\/uploads\\\/2026\\\/08\\\/3344d322-eb8a-4f20-887f-aff202987d73.jpg\",\"datePublished\":\"2026-08-31T02:59:46+00:00\",\"dateModified\":\"2026-09-01T03:01:47+00:00\",\"author\":{\"@id\":\"https:\\\/\\\/diarioabcdemichoacan.com.mx\\\/lasnoticias\\\/#\\\/schema\\\/person\\\/0546f9c3407148f7452ca932715c5e88\"},\"breadcrumb\":{\"@id\":\"https:\\\/\\\/diarioabcdemichoacan.com.mx\\\/lasnoticias\\\/estudiantes-del-cecytem-ganan-primer-lugar-en-feria-internacional-de-ciencia-en-colombia\\\/#breadcrumb\"},\"inLanguage\":\"es\",\"potentialAction\":[{\"@type\":\"ReadAction\",\"target\":[\"https:\\\/\\\/diarioabcdemichoacan.com.mx\\\/lasnoticias\\\/estudiantes-del-cecytem-ganan-primer-lugar-en-feria-internacional-de-ciencia-en-colombia\\\/\"]}]},{\"@type\":\"ImageObject\",\"inLanguage\":\"es\",\"@id\":\"https:\\\/\\\/diarioabcdemichoacan.com.mx\\\/lasnoticias\\\/estudiantes-del-cecytem-ganan-primer-lugar-en-feria-internacional-de-ciencia-en-colombia\\\/#primaryimage\",\"url\":\"https:\\\/\\\/diarioabcdemichoacan.com.mx\\\/lasnoticias\\\/wp-content\\\/uploads\\\/2026\\\/08\\\/3344d322-eb8a-4f20-887f-aff202987d73.jpg\",\"contentUrl\":\"https:\\\/\\\/diarioabcdemichoacan.com.mx\\\/lasnoticias\\\/wp-content\\\/uploads\\\/2026\\\/08\\\/3344d322-eb8a-4f20-887f-aff202987d73.jpg\",\"width\":1600,\"height\":1200},{\"@type\":\"BreadcrumbList\",\"@id\":\"https:\\\/\\\/diarioabcdemichoacan.com.mx\\\/lasnoticias\\\/estudiantes-del-cecytem-ganan-primer-lugar-en-feria-internacional-de-ciencia-en-colombia\\\/#breadcrumb\",\"itemListElement\":[{\"@type\":\"ListItem\",\"position\":1,\"name\":\"Portada\",\"item\":\"https:\\\/\\\/diarioabcdemichoacan.com.mx\\\/lasnoticias\\\/\"},{\"@type\":\"ListItem\",\"position\":2,\"name\":\"Estudiantes del Cecytem ganan primer lugar en feria internacional de ciencia en Colombia\"}]},{\"@type\":\"WebSite\",\"@id\":\"https:\\\/\\\/diarioabcdemichoacan.com.mx\\\/lasnoticias\\\/#website\",\"url\":\"https:\\\/\\\/diarioabcdemichoacan.com.mx\\\/lasnoticias\\\/\",\"name\":\"Diario ABC de Michoac\u00e1n\",\"description\":\"Las noticias al momento\",\"potentialAction\":[{\"@type\":\"SearchAction\",\"target\":{\"@type\":\"EntryPoint\",\"urlTemplate\":\"https:\\\/\\\/diarioabcdemichoacan.com.mx\\\/lasnoticias\\\/?s={search_term_string}\"},\"query-input\":{\"@type\":\"PropertyValueSpecification\",\"valueRequired\":true,\"valueName\":\"search_term_string\"}}],\"inLanguage\":\"es\"},{\"@type\":\"Person\",\"@id\":\"https:\\\/\\\/diarioabcdemichoacan.com.mx\\\/lasnoticias\\\/#\\\/schema\\\/person\\\/0546f9c3407148f7452ca932715c5e88\",\"name\":\"MB\",\"image\":{\"@type\":\"ImageObject\",\"inLanguage\":\"es\",\"@id\":\"https:\\\/\\\/secure.gravatar.com\\\/avatar\\\/ac036f018f6a8431a5687a020efaf39d914da6a3fc78ce6029ab7ae29c5130e2?s=96&d=mm&r=g\",\"url\":\"https:\\\/\\\/secure.gravatar.com\\\/avatar\\\/ac036f018f6a8431a5687a020efaf39d914da6a3fc78ce6029ab7ae29c5130e2?s=96&d=mm&r=g\",\"contentUrl\":\"https:\\\/\\\/secure.gravatar.com\\\/avatar\\\/ac036f018f6a8431a5687a020efaf39d914da6a3fc78ce6029ab7ae29c5130e2?s=96&d=mm&r=g\",\"caption\":\"MB\"},\"url\":\"https:\\\/\\\/diarioabcdemichoacan.com.mx\\\/lasnoticias\\\/author\\\/bomariano03\\\/\"}]}<\/script>\n<!-- \/ Yoast SEO plugin. -->","yoast_head_json":{"title":"Estudiantes del Cecytem ganan primer lugar en feria internacional de ciencia en Colombia - Diario ABC de Michoac\u00e1n","robots":{"index":"index","follow":"follow","max-snippet":"max-snippet:-1","max-image-preview":"max-image-preview:large","max-video-preview":"max-video-preview:-1"},"canonical":"https:\/\/diarioabcdemichoacan.com.mx\/lasnoticias\/estudiantes-del-cecytem-ganan-primer-lugar-en-feria-internacional-de-ciencia-en-colombia\/","og_locale":"es_ES","og_type":"article","og_title":"Estudiantes del Cecytem ganan primer lugar en feria internacional de ciencia en Colombia - Diario ABC de Michoac\u00e1n","og_description":"Los j\u00f3venes michoacanos obtuvieron el primer lugar en la categor\u00eda de Biotecnolog\u00eda y Ciencias Agr\u00edcolas con el proyecto \u201cActiplus\u201d Morelia, Michoac\u00e1n, 30 de agosto de 2026.- Estudiantes del Colegio de Estudios Cient\u00edficos y Tecnol\u00f3gicos del Estado de Michoac\u00e1n (Cecytem), plantel Puru\u00e1ndiro, conquistaron el primer lugar en la categor\u00eda de Biotecnolog\u00eda y Ciencias Agr\u00edcolas de la [&hellip;]","og_url":"https:\/\/diarioabcdemichoacan.com.mx\/lasnoticias\/estudiantes-del-cecytem-ganan-primer-lugar-en-feria-internacional-de-ciencia-en-colombia\/","og_site_name":"Diario ABC de Michoac\u00e1n","article_published_time":"2026-08-31T02:59:46+00:00","article_modified_time":"2026-09-01T03:01:47+00:00","og_image":[{"width":1600,"height":1200,"url":"https:\/\/diarioabcdemichoacan.com.mx\/lasnoticias\/wp-content\/uploads\/2026\/08\/3344d322-eb8a-4f20-887f-aff202987d73.jpg","type":"image\/jpeg"}],"author":"MB","twitter_card":"summary_large_image","twitter_misc":{"Escrito por":"MB","Tiempo de lectura":"2 minutos"},"schema":{"@context":"https:\/\/schema.org","@graph":[{"@type":"Article","@id":"https:\/\/diarioabcdemichoacan.com.mx\/lasnoticias\/estudiantes-del-cecytem-ganan-primer-lugar-en-feria-internacional-de-ciencia-en-colombia\/#article","isPartOf":{"@id":"https:\/\/diarioabcdemichoacan.com.mx\/lasnoticias\/estudiantes-del-cecytem-ganan-primer-lugar-en-feria-internacional-de-ciencia-en-colombia\/"},"author":{"name":"MB","@id":"https:\/\/diarioabcdemichoacan.com.mx\/lasnoticias\/#\/schema\/person\/0546f9c3407148f7452ca932715c5e88"},"headline":"Estudiantes del Cecytem ganan primer lugar en feria internacional de ciencia en Colombia","datePublished":"2026-08-31T02:59:46+00:00","dateModified":"2026-09-01T03:01:47+00:00","mainEntityOfPage":{"@id":"https:\/\/diarioabcdemichoacan.com.mx\/lasnoticias\/estudiantes-del-cecytem-ganan-primer-lugar-en-feria-internacional-de-ciencia-en-colombia\/"},"wordCount":329,"image":{"@id":"https:\/\/diarioabcdemichoacan.com.mx\/lasnoticias\/estudiantes-del-cecytem-ganan-primer-lugar-en-feria-internacional-de-ciencia-en-colombia\/#primaryimage"},"thumbnailUrl":"https:\/\/diarioabcdemichoacan.com.mx\/lasnoticias\/wp-content\/uploads\/2026\/08\/3344d322-eb8a-4f20-887f-aff202987d73.jpg","articleSection":["Ciencia","Educaci\u00f3n","Estado","Gobierno de Michoac\u00e1n"],"inLanguage":"es"},{"@type":"WebPage","@id":"https:\/\/diarioabcdemichoacan.com.mx\/lasnoticias\/estudiantes-del-cecytem-ganan-primer-lugar-en-feria-internacional-de-ciencia-en-colombia\/","url":"https:\/\/diarioabcdemichoacan.com.mx\/lasnoticias\/estudiantes-del-cecytem-ganan-primer-lugar-en-feria-internacional-de-ciencia-en-colombia\/","name":"Estudiantes del Cecytem ganan primer lugar en feria internacional de ciencia en Colombia - Diario ABC de Michoac\u00e1n","isPartOf":{"@id":"https:\/\/diarioabcdemichoacan.com.mx\/lasnoticias\/#website"},"primaryImageOfPage":{"@id":"https:\/\/diarioabcdemichoacan.com.mx\/lasnoticias\/estudiantes-del-cecytem-ganan-primer-lugar-en-feria-internacional-de-ciencia-en-colombia\/#primaryimage"},"image":{"@id":"https:\/\/diarioabcdemichoacan.com.mx\/lasnoticias\/estudiantes-del-cecytem-ganan-primer-lugar-en-feria-internacional-de-ciencia-en-colombia\/#primaryimage"},"thumbnailUrl":"https:\/\/diarioabcdemichoacan.com.mx\/lasnoticias\/wp-content\/uploads\/2026\/08\/3344d322-eb8a-4f20-887f-aff202987d73.jpg","datePublished":"2026-08-31T02:59:46+00:00","dateModified":"2026-09-01T03:01:47+00:00","author":{"@id":"https:\/\/diarioabcdemichoacan.com.mx\/lasnoticias\/#\/schema\/person\/0546f9c3407148f7452ca932715c5e88"},"breadcrumb":{"@id":"https:\/\/diarioabcdemichoacan.com.mx\/lasnoticias\/estudiantes-del-cecytem-ganan-primer-lugar-en-feria-internacional-de-ciencia-en-colombia\/#breadcrumb"},"inLanguage":"es","potentialAction":[{"@type":"ReadAction","target":["https:\/\/diarioabcdemichoacan.com.mx\/lasnoticias\/estudiantes-del-cecytem-ganan-primer-lugar-en-feria-internacional-de-ciencia-en-colombia\/"]}]},{"@type":"ImageObject","inLanguage":"es","@id":"https:\/\/diarioabcdemichoacan.com.mx\/lasnoticias\/estudiantes-del-cecytem-ganan-primer-lugar-en-feria-internacional-de-ciencia-en-colombia\/#primaryimage","url":"https:\/\/diarioabcdemichoacan.com.mx\/lasnoticias\/wp-content\/uploads\/2026\/08\/3344d322-eb8a-4f20-887f-aff202987d73.jpg","contentUrl":"https:\/\/diarioabcdemichoacan.com.mx\/lasnoticias\/wp-content\/uploads\/2026\/08\/3344d322-eb8a-4f20-887f-aff202987d73.jpg","width":1600,"height":1200},{"@type":"BreadcrumbList","@id":"https:\/\/diarioabcdemichoacan.com.mx\/lasnoticias\/estudiantes-del-cecytem-ganan-primer-lugar-en-feria-internacional-de-ciencia-en-colombia\/#breadcrumb","itemListElement":[{"@type":"ListItem","position":1,"name":"Portada","item":"https:\/\/diarioabcdemichoacan.com.mx\/lasnoticias\/"},{"@type":"ListItem","position":2,"name":"Estudiantes del Cecytem ganan primer lugar en feria internacional de ciencia en Colombia"}]},{"@type":"WebSite","@id":"https:\/\/diarioabcdemichoacan.com.mx\/lasnoticias\/#website","url":"https:\/\/diarioabcdemichoacan.com.mx\/lasnoticias\/","name":"Diario ABC de Michoac\u00e1n","description":"Las noticias al momento","potentialAction":[{"@type":"SearchAction","target":{"@type":"EntryPoint","urlTemplate":"https:\/\/diarioabcdemichoacan.com.mx\/lasnoticias\/?s={search_term_string}"},"query-input":{"@type":"PropertyValueSpecification","valueRequired":true,"valueName":"search_term_string"}}],"inLanguage":"es"},{"@type":"Person","@id":"https:\/\/diarioabcdemichoacan.com.mx\/lasnoticias\/#\/schema\/person\/0546f9c3407148f7452ca932715c5e88","name":"MB","image":{"@type":"ImageObject","inLanguage":"es","@id":"https:\/\/secure.gravatar.com\/avatar\/ac036f018f6a8431a5687a020efaf39d914da6a3fc78ce6029ab7ae29c5130e2?s=96&d=mm&r=g","url":"https:\/\/secure.gravatar.com\/avatar\/ac036f018f6a8431a5687a020efaf39d914da6a3fc78ce6029ab7ae29c5130e2?s=96&d=mm&r=g","contentUrl":"https:\/\/secure.gravatar.com\/avatar\/ac036f018f6a8431a5687a020efaf39d914da6a3fc78ce6029ab7ae29c5130e2?s=96&d=mm&r=g","caption":"MB"},"url":"https:\/\/diarioabcdemichoacan.com.mx\/lasnoticias\/author\/bomariano03\/"}]}},"_links":{"self":[{"href":"https:\/\/diarioabcdemichoacan.com.mx\/lasnoticias\/wp-json\/wp\/v2\/posts\/83758","targetHints":{"allow":["GET"]}}],"collection":[{"href":"https:\/\/diarioabcdemichoacan.com.mx\/lasnoticias\/wp-json\/wp\/v2\/posts"}],"about":[{"href":"https:\/\/diarioabcdemichoacan.com.mx\/lasnoticias\/wp-json\/wp\/v2\/types\/post"}],"author":[{"embeddable":true,"href":"https:\/\/diarioabcdemichoacan.com.mx\/lasnoticias\/wp-json\/wp\/v2\/users\/6"}],"replies":[{"embeddable":true,"href":"https:\/\/diarioabcdemichoacan.com.mx\/lasnoticias\/wp-json\/wp\/v2\/comments?post=83758"}],"version-history":[{"count":1,"href":"https:\/\/diarioabcdemichoacan.com.mx\/lasnoticias\/wp-json\/wp\/v2\/posts\/83758\/revisions"}],"predecessor-version":[{"id":83760,"href":"https:\/\/diarioabcdemichoacan.com.mx\/lasnoticias\/wp-json\/wp\/v2\/posts\/83758\/revisions\/83760"}],"wp:featuredmedia":[{"embeddable":true,"href":"https:\/\/diarioabcdemichoacan.com.mx\/lasnoticias\/wp-json\/wp\/v2\/media\/83759"}],"wp:attachment":[{"href":"https:\/\/diarioabcdemichoacan.com.mx\/lasnoticias\/wp-json\/wp\/v2\/media?parent=83758"}],"wp:term":[{"taxonomy":"category","embeddable":true,"href":"https:\/\/diarioabcdemichoacan.com.mx\/lasnoticias\/wp-json\/wp\/v2\/categories?post=83758"},{"taxonomy":"post_tag","embeddable":true,"href":"https:\/\/diarioabcdemichoacan.com.mx\/lasnoticias\/wp-json\/wp\/v2\/tags?post=83758"}],"curies":[{"name":"wp","href":"https:\/\/api.w.org\/{rel}","templated":true}]}}