{"id":83764,"date":"2026-08-29T21:10:20","date_gmt":"2026-08-30T03:10:20","guid":{"rendered":"https:\/\/diarioabcdemichoacan.com.mx\/lasnoticias\/?p=83764"},"modified":"2026-08-31T21:11:58","modified_gmt":"2026-09-01T03:11:58","slug":"ssp-libera-a-tres-adolescentes-privadas-de-la-libertad-y-detiene-a-dos-personas-en-jacona","status":"publish","type":"post","link":"https:\/\/diarioabcdemichoacan.com.mx\/lasnoticias\/ssp-libera-a-tres-adolescentes-privadas-de-la-libertad-y-detiene-a-dos-personas-en-jacona\/","title":{"rendered":"SSP libera a tres adolescentes privadas de la libertad y detiene a dos personas en Jacona"},"content":{"rendered":"<p>En coordinaci\u00f3n con la Polic\u00eda Municipal, se aseguraron un arma de fuego, m\u00e1s de 90 envoltorios con droga y 75 ponchallantas<\/p>\n<hr \/>\n<p>Jacona, Michoac\u00e1n, 29 de agosto de 2026.- Elementos de la Secretar\u00eda de Seguridad P\u00fablica (SSP), en coordinaci\u00f3n con personal de la Polic\u00eda Municipal, liberaron a tres adolescentes que se encontraban privadas de la libertad y detuvieron a dos hombres, durante una acci\u00f3n operativa realizada en la colonia Nueva Espa\u00f1a, de este municipio.<\/p><div id=\"diari-3997526262\" class=\"diari-contenido diari-entity-placement\"><img loading=\"lazy\" decoding=\"async\" src=\"https:\/\/diarioabcdemichoacan.com.mx\/lasnoticias\/wp-content\/uploads\/2024\/07\/WhatsApp-Image-2024-05-07-at-10.12.40-a.m.jpeg\" alt=\"\"  srcset=\"https:\/\/diarioabcdemichoacan.com.mx\/lasnoticias\/wp-content\/uploads\/2024\/07\/WhatsApp-Image-2024-05-07-at-10.12.40-a.m.jpeg 400w, https:\/\/diarioabcdemichoacan.com.mx\/lasnoticias\/wp-content\/uploads\/2024\/07\/WhatsApp-Image-2024-05-07-at-10.12.40-a.m-150x150.jpeg 150w, https:\/\/diarioabcdemichoacan.com.mx\/lasnoticias\/wp-content\/uploads\/2024\/07\/WhatsApp-Image-2024-05-07-at-10.12.40-a.m-300x300.jpeg 300w\" sizes=\"(max-width: 400px) 100vw, 400px\" width=\"400\" height=\"400\"  style=\"display: inline-block;\" \/><\/div>\n<p>La acci\u00f3n se atendi\u00f3 tras un reporte recibido a trav\u00e9s del C5 Michoac\u00e1n, donde se alert\u00f3 sobre un hecho donde al parecer diversas mujeres gritaban pidiendo auxilio. Al acudir al lugar referido, los agentes observaron a un hombre que aparentemente portaba un arma de fuego, mismo que al ver la presencia del personal policial adopt\u00f3 una actitud nerviosa. Al aproximarse, los elementos escucharon nuevamente los llamados de auxilio.<\/p>\n<p>Tras la emergencia, los oficiales aplicaron el protocolo de actuaci\u00f3n correspondiente, posteriormente fueron localizadas tres adolescentes, quienes fueron resguardadas de inmediato y recibieron protecci\u00f3n para salvaguardar su integridad. Asimismo, fueron detenidos dos hombres, presuntamente se\u00f1alados por las v\u00edctimas como las personas que las manten\u00edan en contra de su voluntad.<\/p>\n<p>En este hecho tambi\u00e9n fueron asegurados 94 envoltorios con una sustancia cristalina con caracter\u00edsticas propias de metanfetamina, 75 objetos conocidos como ponchallantas; 27 cartuchos \u00fatiles; un arma de fuego tipo escopeta; as\u00ed como una camioneta y dos motocicletas.<\/p>\n<p>Las personas detenidas y lo asegurado fueron puestos a disposici\u00f3n de la autoridad competente, quien ser\u00e1 la encargada de llevar a cabo las investigaciones correspondientes y determinar\u00e1 las responsabilidades conforme a derecho.<\/p>\n","protected":false},"excerpt":{"rendered":"<p>En coordinaci\u00f3n con la Polic\u00eda Municipal, se aseguraron un arma de fuego, m\u00e1s de 90 envoltorios con droga y 75 ponchallantas Jacona, Michoac\u00e1n, 29 de agosto de 2026.- Elementos de la Secretar\u00eda de Seguridad P\u00fablica (SSP), en coordinaci\u00f3n con personal de la Polic\u00eda Municipal, liberaron a tres adolescentes que se encontraban privadas de la libertad [&hellip;]<\/p>\n","protected":false},"author":6,"featured_media":83765,"comment_status":"closed","ping_status":"closed","sticky":false,"template":"","format":"standard","meta":{"footnotes":""},"categories":[17,25],"tags":[],"class_list":["post-83764","post","type-post","status-publish","format-standard","has-post-thumbnail","category-gobierno-de-michoacan","category-seguridad"],"yoast_head":"<!-- This site is optimized with the Yoast SEO plugin v28.4 - https:\/\/yoast.com\/product\/yoast-seo-wordpress\/ -->\n<title>SSP libera a tres adolescentes privadas de la libertad y detiene a dos personas en Jacona - Diario ABC de Michoac\u00e1n<\/title>\n<meta name=\"robots\" content=\"index, follow, max-snippet:-1, max-image-preview:large, max-video-preview:-1\" \/>\n<link rel=\"canonical\" href=\"https:\/\/diarioabcdemichoacan.com.mx\/lasnoticias\/ssp-libera-a-tres-adolescentes-privadas-de-la-libertad-y-detiene-a-dos-personas-en-jacona\/\" \/>\n<meta property=\"og:locale\" content=\"es_ES\" \/>\n<meta property=\"og:type\" content=\"article\" \/>\n<meta property=\"og:title\" content=\"SSP libera a tres adolescentes privadas de la libertad y detiene a dos personas en Jacona - Diario ABC de Michoac\u00e1n\" \/>\n<meta property=\"og:description\" content=\"En coordinaci\u00f3n con la Polic\u00eda Municipal, se aseguraron un arma de fuego, m\u00e1s de 90 envoltorios con droga y 75 ponchallantas Jacona, Michoac\u00e1n, 29 de agosto de 2026.- Elementos de la Secretar\u00eda de Seguridad P\u00fablica (SSP), en coordinaci\u00f3n con personal de la Polic\u00eda Municipal, liberaron a tres adolescentes que se encontraban privadas de la libertad [&hellip;]\" \/>\n<meta property=\"og:url\" content=\"https:\/\/diarioabcdemichoacan.com.mx\/lasnoticias\/ssp-libera-a-tres-adolescentes-privadas-de-la-libertad-y-detiene-a-dos-personas-en-jacona\/\" \/>\n<meta property=\"og:site_name\" content=\"Diario ABC de Michoac\u00e1n\" \/>\n<meta property=\"article:published_time\" content=\"2026-08-30T03:10:20+00:00\" \/>\n<meta property=\"article:modified_time\" content=\"2026-09-01T03:11:58+00:00\" \/>\n<meta property=\"og:image\" content=\"https:\/\/diarioabcdemichoacan.com.mx\/lasnoticias\/wp-content\/uploads\/2026\/08\/144aa746-0868-4e07-8d08-66fb4170d306.jpg\" \/>\n\t<meta property=\"og:image:width\" content=\"1600\" \/>\n\t<meta property=\"og:image:height\" content=\"965\" \/>\n\t<meta property=\"og:image:type\" content=\"image\/jpeg\" \/>\n<meta name=\"author\" content=\"MB\" \/>\n<meta name=\"twitter:card\" content=\"summary_large_image\" \/>\n<meta name=\"twitter:label1\" content=\"Escrito por\" \/>\n\t<meta name=\"twitter:data1\" content=\"MB\" \/>\n\t<meta name=\"twitter:label2\" content=\"Tiempo de lectura\" \/>\n\t<meta name=\"twitter:data2\" content=\"2 minutos\" \/>\n<script type=\"application\/ld+json\" class=\"yoast-schema-graph\">{\"@context\":\"https:\\\/\\\/schema.org\",\"@graph\":[{\"@type\":\"Article\",\"@id\":\"https:\\\/\\\/diarioabcdemichoacan.com.mx\\\/lasnoticias\\\/ssp-libera-a-tres-adolescentes-privadas-de-la-libertad-y-detiene-a-dos-personas-en-jacona\\\/#article\",\"isPartOf\":{\"@id\":\"https:\\\/\\\/diarioabcdemichoacan.com.mx\\\/lasnoticias\\\/ssp-libera-a-tres-adolescentes-privadas-de-la-libertad-y-detiene-a-dos-personas-en-jacona\\\/\"},\"author\":{\"name\":\"MB\",\"@id\":\"https:\\\/\\\/diarioabcdemichoacan.com.mx\\\/lasnoticias\\\/#\\\/schema\\\/person\\\/0546f9c3407148f7452ca932715c5e88\"},\"headline\":\"SSP libera a tres adolescentes privadas de la libertad y detiene a dos personas en Jacona\",\"datePublished\":\"2026-08-30T03:10:20+00:00\",\"dateModified\":\"2026-09-01T03:11:58+00:00\",\"mainEntityOfPage\":{\"@id\":\"https:\\\/\\\/diarioabcdemichoacan.com.mx\\\/lasnoticias\\\/ssp-libera-a-tres-adolescentes-privadas-de-la-libertad-y-detiene-a-dos-personas-en-jacona\\\/\"},\"wordCount\":291,\"image\":{\"@id\":\"https:\\\/\\\/diarioabcdemichoacan.com.mx\\\/lasnoticias\\\/ssp-libera-a-tres-adolescentes-privadas-de-la-libertad-y-detiene-a-dos-personas-en-jacona\\\/#primaryimage\"},\"thumbnailUrl\":\"https:\\\/\\\/diarioabcdemichoacan.com.mx\\\/lasnoticias\\\/wp-content\\\/uploads\\\/2026\\\/08\\\/144aa746-0868-4e07-8d08-66fb4170d306.jpg\",\"articleSection\":[\"Gobierno de Michoac\u00e1n\",\"Seguridad\"],\"inLanguage\":\"es\"},{\"@type\":\"WebPage\",\"@id\":\"https:\\\/\\\/diarioabcdemichoacan.com.mx\\\/lasnoticias\\\/ssp-libera-a-tres-adolescentes-privadas-de-la-libertad-y-detiene-a-dos-personas-en-jacona\\\/\",\"url\":\"https:\\\/\\\/diarioabcdemichoacan.com.mx\\\/lasnoticias\\\/ssp-libera-a-tres-adolescentes-privadas-de-la-libertad-y-detiene-a-dos-personas-en-jacona\\\/\",\"name\":\"SSP libera a tres adolescentes privadas de la libertad y detiene a dos personas en Jacona - Diario ABC de Michoac\u00e1n\",\"isPartOf\":{\"@id\":\"https:\\\/\\\/diarioabcdemichoacan.com.mx\\\/lasnoticias\\\/#website\"},\"primaryImageOfPage\":{\"@id\":\"https:\\\/\\\/diarioabcdemichoacan.com.mx\\\/lasnoticias\\\/ssp-libera-a-tres-adolescentes-privadas-de-la-libertad-y-detiene-a-dos-personas-en-jacona\\\/#primaryimage\"},\"image\":{\"@id\":\"https:\\\/\\\/diarioabcdemichoacan.com.mx\\\/lasnoticias\\\/ssp-libera-a-tres-adolescentes-privadas-de-la-libertad-y-detiene-a-dos-personas-en-jacona\\\/#primaryimage\"},\"thumbnailUrl\":\"https:\\\/\\\/diarioabcdemichoacan.com.mx\\\/lasnoticias\\\/wp-content\\\/uploads\\\/2026\\\/08\\\/144aa746-0868-4e07-8d08-66fb4170d306.jpg\",\"datePublished\":\"2026-08-30T03:10:20+00:00\",\"dateModified\":\"2026-09-01T03:11:58+00:00\",\"author\":{\"@id\":\"https:\\\/\\\/diarioabcdemichoacan.com.mx\\\/lasnoticias\\\/#\\\/schema\\\/person\\\/0546f9c3407148f7452ca932715c5e88\"},\"breadcrumb\":{\"@id\":\"https:\\\/\\\/diarioabcdemichoacan.com.mx\\\/lasnoticias\\\/ssp-libera-a-tres-adolescentes-privadas-de-la-libertad-y-detiene-a-dos-personas-en-jacona\\\/#breadcrumb\"},\"inLanguage\":\"es\",\"potentialAction\":[{\"@type\":\"ReadAction\",\"target\":[\"https:\\\/\\\/diarioabcdemichoacan.com.mx\\\/lasnoticias\\\/ssp-libera-a-tres-adolescentes-privadas-de-la-libertad-y-detiene-a-dos-personas-en-jacona\\\/\"]}]},{\"@type\":\"ImageObject\",\"inLanguage\":\"es\",\"@id\":\"https:\\\/\\\/diarioabcdemichoacan.com.mx\\\/lasnoticias\\\/ssp-libera-a-tres-adolescentes-privadas-de-la-libertad-y-detiene-a-dos-personas-en-jacona\\\/#primaryimage\",\"url\":\"https:\\\/\\\/diarioabcdemichoacan.com.mx\\\/lasnoticias\\\/wp-content\\\/uploads\\\/2026\\\/08\\\/144aa746-0868-4e07-8d08-66fb4170d306.jpg\",\"contentUrl\":\"https:\\\/\\\/diarioabcdemichoacan.com.mx\\\/lasnoticias\\\/wp-content\\\/uploads\\\/2026\\\/08\\\/144aa746-0868-4e07-8d08-66fb4170d306.jpg\",\"width\":1600,\"height\":965},{\"@type\":\"BreadcrumbList\",\"@id\":\"https:\\\/\\\/diarioabcdemichoacan.com.mx\\\/lasnoticias\\\/ssp-libera-a-tres-adolescentes-privadas-de-la-libertad-y-detiene-a-dos-personas-en-jacona\\\/#breadcrumb\",\"itemListElement\":[{\"@type\":\"ListItem\",\"position\":1,\"name\":\"Portada\",\"item\":\"https:\\\/\\\/diarioabcdemichoacan.com.mx\\\/lasnoticias\\\/\"},{\"@type\":\"ListItem\",\"position\":2,\"name\":\"SSP libera a tres adolescentes privadas de la libertad y detiene a dos personas en Jacona\"}]},{\"@type\":\"WebSite\",\"@id\":\"https:\\\/\\\/diarioabcdemichoacan.com.mx\\\/lasnoticias\\\/#website\",\"url\":\"https:\\\/\\\/diarioabcdemichoacan.com.mx\\\/lasnoticias\\\/\",\"name\":\"Diario ABC de Michoac\u00e1n\",\"description\":\"Las noticias al momento\",\"potentialAction\":[{\"@type\":\"SearchAction\",\"target\":{\"@type\":\"EntryPoint\",\"urlTemplate\":\"https:\\\/\\\/diarioabcdemichoacan.com.mx\\\/lasnoticias\\\/?s={search_term_string}\"},\"query-input\":{\"@type\":\"PropertyValueSpecification\",\"valueRequired\":true,\"valueName\":\"search_term_string\"}}],\"inLanguage\":\"es\"},{\"@type\":\"Person\",\"@id\":\"https:\\\/\\\/diarioabcdemichoacan.com.mx\\\/lasnoticias\\\/#\\\/schema\\\/person\\\/0546f9c3407148f7452ca932715c5e88\",\"name\":\"MB\",\"image\":{\"@type\":\"ImageObject\",\"inLanguage\":\"es\",\"@id\":\"https:\\\/\\\/secure.gravatar.com\\\/avatar\\\/ac036f018f6a8431a5687a020efaf39d914da6a3fc78ce6029ab7ae29c5130e2?s=96&d=mm&r=g\",\"url\":\"https:\\\/\\\/secure.gravatar.com\\\/avatar\\\/ac036f018f6a8431a5687a020efaf39d914da6a3fc78ce6029ab7ae29c5130e2?s=96&d=mm&r=g\",\"contentUrl\":\"https:\\\/\\\/secure.gravatar.com\\\/avatar\\\/ac036f018f6a8431a5687a020efaf39d914da6a3fc78ce6029ab7ae29c5130e2?s=96&d=mm&r=g\",\"caption\":\"MB\"},\"url\":\"https:\\\/\\\/diarioabcdemichoacan.com.mx\\\/lasnoticias\\\/author\\\/bomariano03\\\/\"}]}<\/script>\n<!-- \/ Yoast SEO plugin. -->","yoast_head_json":{"title":"SSP libera a tres adolescentes privadas de la libertad y detiene a dos personas en Jacona - Diario ABC de Michoac\u00e1n","robots":{"index":"index","follow":"follow","max-snippet":"max-snippet:-1","max-image-preview":"max-image-preview:large","max-video-preview":"max-video-preview:-1"},"canonical":"https:\/\/diarioabcdemichoacan.com.mx\/lasnoticias\/ssp-libera-a-tres-adolescentes-privadas-de-la-libertad-y-detiene-a-dos-personas-en-jacona\/","og_locale":"es_ES","og_type":"article","og_title":"SSP libera a tres adolescentes privadas de la libertad y detiene a dos personas en Jacona - Diario ABC de Michoac\u00e1n","og_description":"En coordinaci\u00f3n con la Polic\u00eda Municipal, se aseguraron un arma de fuego, m\u00e1s de 90 envoltorios con droga y 75 ponchallantas Jacona, Michoac\u00e1n, 29 de agosto de 2026.- Elementos de la Secretar\u00eda de Seguridad P\u00fablica (SSP), en coordinaci\u00f3n con personal de la Polic\u00eda Municipal, liberaron a tres adolescentes que se encontraban privadas de la libertad [&hellip;]","og_url":"https:\/\/diarioabcdemichoacan.com.mx\/lasnoticias\/ssp-libera-a-tres-adolescentes-privadas-de-la-libertad-y-detiene-a-dos-personas-en-jacona\/","og_site_name":"Diario ABC de Michoac\u00e1n","article_published_time":"2026-08-30T03:10:20+00:00","article_modified_time":"2026-09-01T03:11:58+00:00","og_image":[{"width":1600,"height":965,"url":"https:\/\/diarioabcdemichoacan.com.mx\/lasnoticias\/wp-content\/uploads\/2026\/08\/144aa746-0868-4e07-8d08-66fb4170d306.jpg","type":"image\/jpeg"}],"author":"MB","twitter_card":"summary_large_image","twitter_misc":{"Escrito por":"MB","Tiempo de lectura":"2 minutos"},"schema":{"@context":"https:\/\/schema.org","@graph":[{"@type":"Article","@id":"https:\/\/diarioabcdemichoacan.com.mx\/lasnoticias\/ssp-libera-a-tres-adolescentes-privadas-de-la-libertad-y-detiene-a-dos-personas-en-jacona\/#article","isPartOf":{"@id":"https:\/\/diarioabcdemichoacan.com.mx\/lasnoticias\/ssp-libera-a-tres-adolescentes-privadas-de-la-libertad-y-detiene-a-dos-personas-en-jacona\/"},"author":{"name":"MB","@id":"https:\/\/diarioabcdemichoacan.com.mx\/lasnoticias\/#\/schema\/person\/0546f9c3407148f7452ca932715c5e88"},"headline":"SSP libera a tres adolescentes privadas de la libertad y detiene a dos personas en Jacona","datePublished":"2026-08-30T03:10:20+00:00","dateModified":"2026-09-01T03:11:58+00:00","mainEntityOfPage":{"@id":"https:\/\/diarioabcdemichoacan.com.mx\/lasnoticias\/ssp-libera-a-tres-adolescentes-privadas-de-la-libertad-y-detiene-a-dos-personas-en-jacona\/"},"wordCount":291,"image":{"@id":"https:\/\/diarioabcdemichoacan.com.mx\/lasnoticias\/ssp-libera-a-tres-adolescentes-privadas-de-la-libertad-y-detiene-a-dos-personas-en-jacona\/#primaryimage"},"thumbnailUrl":"https:\/\/diarioabcdemichoacan.com.mx\/lasnoticias\/wp-content\/uploads\/2026\/08\/144aa746-0868-4e07-8d08-66fb4170d306.jpg","articleSection":["Gobierno de Michoac\u00e1n","Seguridad"],"inLanguage":"es"},{"@type":"WebPage","@id":"https:\/\/diarioabcdemichoacan.com.mx\/lasnoticias\/ssp-libera-a-tres-adolescentes-privadas-de-la-libertad-y-detiene-a-dos-personas-en-jacona\/","url":"https:\/\/diarioabcdemichoacan.com.mx\/lasnoticias\/ssp-libera-a-tres-adolescentes-privadas-de-la-libertad-y-detiene-a-dos-personas-en-jacona\/","name":"SSP libera a tres adolescentes privadas de la libertad y detiene a dos personas en Jacona - Diario ABC de Michoac\u00e1n","isPartOf":{"@id":"https:\/\/diarioabcdemichoacan.com.mx\/lasnoticias\/#website"},"primaryImageOfPage":{"@id":"https:\/\/diarioabcdemichoacan.com.mx\/lasnoticias\/ssp-libera-a-tres-adolescentes-privadas-de-la-libertad-y-detiene-a-dos-personas-en-jacona\/#primaryimage"},"image":{"@id":"https:\/\/diarioabcdemichoacan.com.mx\/lasnoticias\/ssp-libera-a-tres-adolescentes-privadas-de-la-libertad-y-detiene-a-dos-personas-en-jacona\/#primaryimage"},"thumbnailUrl":"https:\/\/diarioabcdemichoacan.com.mx\/lasnoticias\/wp-content\/uploads\/2026\/08\/144aa746-0868-4e07-8d08-66fb4170d306.jpg","datePublished":"2026-08-30T03:10:20+00:00","dateModified":"2026-09-01T03:11:58+00:00","author":{"@id":"https:\/\/diarioabcdemichoacan.com.mx\/lasnoticias\/#\/schema\/person\/0546f9c3407148f7452ca932715c5e88"},"breadcrumb":{"@id":"https:\/\/diarioabcdemichoacan.com.mx\/lasnoticias\/ssp-libera-a-tres-adolescentes-privadas-de-la-libertad-y-detiene-a-dos-personas-en-jacona\/#breadcrumb"},"inLanguage":"es","potentialAction":[{"@type":"ReadAction","target":["https:\/\/diarioabcdemichoacan.com.mx\/lasnoticias\/ssp-libera-a-tres-adolescentes-privadas-de-la-libertad-y-detiene-a-dos-personas-en-jacona\/"]}]},{"@type":"ImageObject","inLanguage":"es","@id":"https:\/\/diarioabcdemichoacan.com.mx\/lasnoticias\/ssp-libera-a-tres-adolescentes-privadas-de-la-libertad-y-detiene-a-dos-personas-en-jacona\/#primaryimage","url":"https:\/\/diarioabcdemichoacan.com.mx\/lasnoticias\/wp-content\/uploads\/2026\/08\/144aa746-0868-4e07-8d08-66fb4170d306.jpg","contentUrl":"https:\/\/diarioabcdemichoacan.com.mx\/lasnoticias\/wp-content\/uploads\/2026\/08\/144aa746-0868-4e07-8d08-66fb4170d306.jpg","width":1600,"height":965},{"@type":"BreadcrumbList","@id":"https:\/\/diarioabcdemichoacan.com.mx\/lasnoticias\/ssp-libera-a-tres-adolescentes-privadas-de-la-libertad-y-detiene-a-dos-personas-en-jacona\/#breadcrumb","itemListElement":[{"@type":"ListItem","position":1,"name":"Portada","item":"https:\/\/diarioabcdemichoacan.com.mx\/lasnoticias\/"},{"@type":"ListItem","position":2,"name":"SSP libera a tres adolescentes privadas de la libertad y detiene a dos personas en Jacona"}]},{"@type":"WebSite","@id":"https:\/\/diarioabcdemichoacan.com.mx\/lasnoticias\/#website","url":"https:\/\/diarioabcdemichoacan.com.mx\/lasnoticias\/","name":"Diario ABC de Michoac\u00e1n","description":"Las noticias al momento","potentialAction":[{"@type":"SearchAction","target":{"@type":"EntryPoint","urlTemplate":"https:\/\/diarioabcdemichoacan.com.mx\/lasnoticias\/?s={search_term_string}"},"query-input":{"@type":"PropertyValueSpecification","valueRequired":true,"valueName":"search_term_string"}}],"inLanguage":"es"},{"@type":"Person","@id":"https:\/\/diarioabcdemichoacan.com.mx\/lasnoticias\/#\/schema\/person\/0546f9c3407148f7452ca932715c5e88","name":"MB","image":{"@type":"ImageObject","inLanguage":"es","@id":"https:\/\/secure.gravatar.com\/avatar\/ac036f018f6a8431a5687a020efaf39d914da6a3fc78ce6029ab7ae29c5130e2?s=96&d=mm&r=g","url":"https:\/\/secure.gravatar.com\/avatar\/ac036f018f6a8431a5687a020efaf39d914da6a3fc78ce6029ab7ae29c5130e2?s=96&d=mm&r=g","contentUrl":"https:\/\/secure.gravatar.com\/avatar\/ac036f018f6a8431a5687a020efaf39d914da6a3fc78ce6029ab7ae29c5130e2?s=96&d=mm&r=g","caption":"MB"},"url":"https:\/\/diarioabcdemichoacan.com.mx\/lasnoticias\/author\/bomariano03\/"}]}},"_links":{"self":[{"href":"https:\/\/diarioabcdemichoacan.com.mx\/lasnoticias\/wp-json\/wp\/v2\/posts\/83764","targetHints":{"allow":["GET"]}}],"collection":[{"href":"https:\/\/diarioabcdemichoacan.com.mx\/lasnoticias\/wp-json\/wp\/v2\/posts"}],"about":[{"href":"https:\/\/diarioabcdemichoacan.com.mx\/lasnoticias\/wp-json\/wp\/v2\/types\/post"}],"author":[{"embeddable":true,"href":"https:\/\/diarioabcdemichoacan.com.mx\/lasnoticias\/wp-json\/wp\/v2\/users\/6"}],"replies":[{"embeddable":true,"href":"https:\/\/diarioabcdemichoacan.com.mx\/lasnoticias\/wp-json\/wp\/v2\/comments?post=83764"}],"version-history":[{"count":1,"href":"https:\/\/diarioabcdemichoacan.com.mx\/lasnoticias\/wp-json\/wp\/v2\/posts\/83764\/revisions"}],"predecessor-version":[{"id":83766,"href":"https:\/\/diarioabcdemichoacan.com.mx\/lasnoticias\/wp-json\/wp\/v2\/posts\/83764\/revisions\/83766"}],"wp:featuredmedia":[{"embeddable":true,"href":"https:\/\/diarioabcdemichoacan.com.mx\/lasnoticias\/wp-json\/wp\/v2\/media\/83765"}],"wp:attachment":[{"href":"https:\/\/diarioabcdemichoacan.com.mx\/lasnoticias\/wp-json\/wp\/v2\/media?parent=83764"}],"wp:term":[{"taxonomy":"category","embeddable":true,"href":"https:\/\/diarioabcdemichoacan.com.mx\/lasnoticias\/wp-json\/wp\/v2\/categories?post=83764"},{"taxonomy":"post_tag","embeddable":true,"href":"https:\/\/diarioabcdemichoacan.com.mx\/lasnoticias\/wp-json\/wp\/v2\/tags?post=83764"}],"curies":[{"name":"wp","href":"https:\/\/api.w.org\/{rel}","templated":true}]}}