{"id":83767,"date":"2026-08-29T21:12:24","date_gmt":"2026-08-30T03:12:24","guid":{"rendered":"https:\/\/diarioabcdemichoacan.com.mx\/lasnoticias\/?p=83767"},"modified":"2026-08-31T21:12:49","modified_gmt":"2026-09-01T03:12:49","slug":"inaugura-bedolla-rehabilitacion-de-la-carretera-tiripetio-caracuaro-erendira","status":"publish","type":"post","link":"https:\/\/diarioabcdemichoacan.com.mx\/lasnoticias\/inaugura-bedolla-rehabilitacion-de-la-carretera-tiripetio-caracuaro-erendira\/","title":{"rendered":"Inaugura Bedolla rehabilitaci\u00f3n de la carretera Tiripet\u00edo-Car\u00e1cuaro-Er\u00e9ndira"},"content":{"rendered":"<p>Car\u00e1cuaro, Michoac\u00e1n, 29 de agosto de 2026.- El gobernador Alfredo Ram\u00edrez Bedolla inaugur\u00f3 la rehabilitaci\u00f3n de 79 kil\u00f3metros de la carretera Tiripet\u00edo-Car\u00e1cuaro-Er\u00e9ndira, obra que fortalece la conectividad y movilidad de la regi\u00f3n de Tierra Caliente en beneficio de m\u00e1s de 48 mil personas.<\/p>\n<p>El mandatario estatal destac\u00f3 que la modernizaci\u00f3n de esta v\u00eda permitir\u00e1 mejorar las condiciones de traslado para las comunidades de la regi\u00f3n, as\u00ed como para quienes transitan hacia y desde el vecino estado de Guerrero, al contar con una carretera m\u00e1s segura y en mejores condiciones.<\/p><div id=\"diari-1569275116\" class=\"diari-contenido diari-entity-placement\"><img loading=\"lazy\" decoding=\"async\" src=\"https:\/\/diarioabcdemichoacan.com.mx\/lasnoticias\/wp-content\/uploads\/2024\/07\/WhatsApp-Image-2024-05-07-at-10.12.40-a.m.jpeg\" alt=\"\"  srcset=\"https:\/\/diarioabcdemichoacan.com.mx\/lasnoticias\/wp-content\/uploads\/2024\/07\/WhatsApp-Image-2024-05-07-at-10.12.40-a.m.jpeg 400w, https:\/\/diarioabcdemichoacan.com.mx\/lasnoticias\/wp-content\/uploads\/2024\/07\/WhatsApp-Image-2024-05-07-at-10.12.40-a.m-150x150.jpeg 150w, https:\/\/diarioabcdemichoacan.com.mx\/lasnoticias\/wp-content\/uploads\/2024\/07\/WhatsApp-Image-2024-05-07-at-10.12.40-a.m-300x300.jpeg 300w\" sizes=\"(max-width: 400px) 100vw, 400px\" width=\"400\" height=\"400\"  style=\"display: inline-block;\" \/><\/div>\n<p>Ram\u00edrez Bedolla se\u00f1al\u00f3 que esta obra forma parte de las acciones realizadas por su administraci\u00f3n para fortalecer la infraestructura carretera estatal, con casi 3 mil kil\u00f3metros intervenidos durante el actual gobierno, a trav\u00e9s de finanzas sanas y sin deuda p\u00fablica.<\/p>\n<p>Asimismo, destac\u00f3 que en cinco a\u00f1os se han destinado m\u00e1s de 30 mil millones de pesos a obra p\u00fablica, recursos que tambi\u00e9n han permitido fortalecer la capacidad operativa del estado mediante la adquisici\u00f3n de 90 equipos de maquinaria pesada, entre retroexcavadoras, motoconformadoras y camiones de volteo, entre otros.<\/p>\n<p>Por su parte, el secretario de Comunicaciones y Obras P\u00fablicas, Rogelio Zaraz\u00faa S\u00e1nchez, explic\u00f3 que los trabajos realizados a lo largo de los 79 kil\u00f3metros incluyeron deshierbe, construcci\u00f3n de mamposter\u00eda y obras de drenaje, bacheo, renivelaci\u00f3n y colocaci\u00f3n de nueva carpeta asf\u00e1ltica.<\/p>\n<p>Detall\u00f3 que la rehabilitaci\u00f3n beneficia directamente a las condiciones de tr\u00e1nsito de los casi 4 mil veh\u00edculos que diariamente utilizan esta v\u00eda, al mejorar la seguridad y funcionalidad de uno de los principales caminos de conexi\u00f3n de esta zona del estado.<\/p>\n<p>Acompa\u00f1aron al gobernador Hever Tentory Garc\u00eda, presidente municipal de Car\u00e1cuaro; Pablo Varona Estrada, presidente Municipal de Huetamo; Vanessa L\u00f3pez Carrillo, diputada Federal del Distrito 11 P\u00e1tzcuaro; El\u00edas Ibarra Torres, secretario de Salud en Michoac\u00e1n; Alejandra Anguiano Gonz\u00e1lez, secretaria de Igualdad Sustantiva y Desarrollo de las<br \/>\nMujeres Michoacanas y Claudia Lizzeth Rivera Ram\u00edrez, beneficiaria de la obra y precursora del proyecto de pueblos ind\u00edgenas promoviendo el reconocimiento, crecimiento y los derechos en la tenencia de Paso de N\u00fa\u00f1ez.<\/p>\n","protected":false},"excerpt":{"rendered":"<p>Car\u00e1cuaro, Michoac\u00e1n, 29 de agosto de 2026.- El gobernador Alfredo Ram\u00edrez Bedolla inaugur\u00f3 la rehabilitaci\u00f3n de 79 kil\u00f3metros de la carretera Tiripet\u00edo-Car\u00e1cuaro-Er\u00e9ndira, obra que fortalece la conectividad y movilidad de la regi\u00f3n de Tierra Caliente en beneficio de m\u00e1s de 48 mil personas. El mandatario estatal destac\u00f3 que la modernizaci\u00f3n de esta v\u00eda permitir\u00e1 mejorar [&hellip;]<\/p>\n","protected":false},"author":6,"featured_media":83768,"comment_status":"closed","ping_status":"closed","sticky":false,"template":"","format":"standard","meta":{"footnotes":""},"categories":[10,17],"tags":[],"class_list":["post-83767","post","type-post","status-publish","format-standard","has-post-thumbnail","category-estado","category-gobierno-de-michoacan"],"yoast_head":"<!-- This site is optimized with the Yoast SEO plugin v28.4 - https:\/\/yoast.com\/product\/yoast-seo-wordpress\/ -->\n<title>Inaugura Bedolla rehabilitaci\u00f3n de la carretera Tiripet\u00edo-Car\u00e1cuaro-Er\u00e9ndira - Diario ABC de Michoac\u00e1n<\/title>\n<meta name=\"robots\" content=\"index, follow, max-snippet:-1, max-image-preview:large, max-video-preview:-1\" \/>\n<link rel=\"canonical\" href=\"https:\/\/diarioabcdemichoacan.com.mx\/lasnoticias\/inaugura-bedolla-rehabilitacion-de-la-carretera-tiripetio-caracuaro-erendira\/\" \/>\n<meta property=\"og:locale\" content=\"es_ES\" \/>\n<meta property=\"og:type\" content=\"article\" \/>\n<meta property=\"og:title\" content=\"Inaugura Bedolla rehabilitaci\u00f3n de la carretera Tiripet\u00edo-Car\u00e1cuaro-Er\u00e9ndira - Diario ABC de Michoac\u00e1n\" \/>\n<meta property=\"og:description\" content=\"Car\u00e1cuaro, Michoac\u00e1n, 29 de agosto de 2026.- El gobernador Alfredo Ram\u00edrez Bedolla inaugur\u00f3 la rehabilitaci\u00f3n de 79 kil\u00f3metros de la carretera Tiripet\u00edo-Car\u00e1cuaro-Er\u00e9ndira, obra que fortalece la conectividad y movilidad de la regi\u00f3n de Tierra Caliente en beneficio de m\u00e1s de 48 mil personas. El mandatario estatal destac\u00f3 que la modernizaci\u00f3n de esta v\u00eda permitir\u00e1 mejorar [&hellip;]\" \/>\n<meta property=\"og:url\" content=\"https:\/\/diarioabcdemichoacan.com.mx\/lasnoticias\/inaugura-bedolla-rehabilitacion-de-la-carretera-tiripetio-caracuaro-erendira\/\" \/>\n<meta property=\"og:site_name\" content=\"Diario ABC de Michoac\u00e1n\" \/>\n<meta property=\"article:published_time\" content=\"2026-08-30T03:12:24+00:00\" \/>\n<meta property=\"article:modified_time\" content=\"2026-09-01T03:12:49+00:00\" \/>\n<meta property=\"og:image\" content=\"https:\/\/diarioabcdemichoacan.com.mx\/lasnoticias\/wp-content\/uploads\/2026\/08\/aa4f4cdb-33b5-47bf-8ac0-3135ae421878.jpg\" \/>\n\t<meta property=\"og:image:width\" content=\"1280\" \/>\n\t<meta property=\"og:image:height\" content=\"853\" \/>\n\t<meta property=\"og:image:type\" content=\"image\/jpeg\" \/>\n<meta name=\"author\" content=\"MB\" \/>\n<meta name=\"twitter:card\" content=\"summary_large_image\" \/>\n<meta name=\"twitter:label1\" content=\"Escrito por\" \/>\n\t<meta name=\"twitter:data1\" content=\"MB\" \/>\n\t<meta name=\"twitter:label2\" content=\"Tiempo de lectura\" \/>\n\t<meta name=\"twitter:data2\" content=\"2 minutos\" \/>\n<script type=\"application\/ld+json\" class=\"yoast-schema-graph\">{\"@context\":\"https:\\\/\\\/schema.org\",\"@graph\":[{\"@type\":\"Article\",\"@id\":\"https:\\\/\\\/diarioabcdemichoacan.com.mx\\\/lasnoticias\\\/inaugura-bedolla-rehabilitacion-de-la-carretera-tiripetio-caracuaro-erendira\\\/#article\",\"isPartOf\":{\"@id\":\"https:\\\/\\\/diarioabcdemichoacan.com.mx\\\/lasnoticias\\\/inaugura-bedolla-rehabilitacion-de-la-carretera-tiripetio-caracuaro-erendira\\\/\"},\"author\":{\"name\":\"MB\",\"@id\":\"https:\\\/\\\/diarioabcdemichoacan.com.mx\\\/lasnoticias\\\/#\\\/schema\\\/person\\\/0546f9c3407148f7452ca932715c5e88\"},\"headline\":\"Inaugura Bedolla rehabilitaci\u00f3n de la carretera Tiripet\u00edo-Car\u00e1cuaro-Er\u00e9ndira\",\"datePublished\":\"2026-08-30T03:12:24+00:00\",\"dateModified\":\"2026-09-01T03:12:49+00:00\",\"mainEntityOfPage\":{\"@id\":\"https:\\\/\\\/diarioabcdemichoacan.com.mx\\\/lasnoticias\\\/inaugura-bedolla-rehabilitacion-de-la-carretera-tiripetio-caracuaro-erendira\\\/\"},\"wordCount\":389,\"image\":{\"@id\":\"https:\\\/\\\/diarioabcdemichoacan.com.mx\\\/lasnoticias\\\/inaugura-bedolla-rehabilitacion-de-la-carretera-tiripetio-caracuaro-erendira\\\/#primaryimage\"},\"thumbnailUrl\":\"https:\\\/\\\/diarioabcdemichoacan.com.mx\\\/lasnoticias\\\/wp-content\\\/uploads\\\/2026\\\/08\\\/aa4f4cdb-33b5-47bf-8ac0-3135ae421878.jpg\",\"articleSection\":[\"Estado\",\"Gobierno de Michoac\u00e1n\"],\"inLanguage\":\"es\"},{\"@type\":\"WebPage\",\"@id\":\"https:\\\/\\\/diarioabcdemichoacan.com.mx\\\/lasnoticias\\\/inaugura-bedolla-rehabilitacion-de-la-carretera-tiripetio-caracuaro-erendira\\\/\",\"url\":\"https:\\\/\\\/diarioabcdemichoacan.com.mx\\\/lasnoticias\\\/inaugura-bedolla-rehabilitacion-de-la-carretera-tiripetio-caracuaro-erendira\\\/\",\"name\":\"Inaugura Bedolla rehabilitaci\u00f3n de la carretera Tiripet\u00edo-Car\u00e1cuaro-Er\u00e9ndira - Diario ABC de Michoac\u00e1n\",\"isPartOf\":{\"@id\":\"https:\\\/\\\/diarioabcdemichoacan.com.mx\\\/lasnoticias\\\/#website\"},\"primaryImageOfPage\":{\"@id\":\"https:\\\/\\\/diarioabcdemichoacan.com.mx\\\/lasnoticias\\\/inaugura-bedolla-rehabilitacion-de-la-carretera-tiripetio-caracuaro-erendira\\\/#primaryimage\"},\"image\":{\"@id\":\"https:\\\/\\\/diarioabcdemichoacan.com.mx\\\/lasnoticias\\\/inaugura-bedolla-rehabilitacion-de-la-carretera-tiripetio-caracuaro-erendira\\\/#primaryimage\"},\"thumbnailUrl\":\"https:\\\/\\\/diarioabcdemichoacan.com.mx\\\/lasnoticias\\\/wp-content\\\/uploads\\\/2026\\\/08\\\/aa4f4cdb-33b5-47bf-8ac0-3135ae421878.jpg\",\"datePublished\":\"2026-08-30T03:12:24+00:00\",\"dateModified\":\"2026-09-01T03:12:49+00:00\",\"author\":{\"@id\":\"https:\\\/\\\/diarioabcdemichoacan.com.mx\\\/lasnoticias\\\/#\\\/schema\\\/person\\\/0546f9c3407148f7452ca932715c5e88\"},\"breadcrumb\":{\"@id\":\"https:\\\/\\\/diarioabcdemichoacan.com.mx\\\/lasnoticias\\\/inaugura-bedolla-rehabilitacion-de-la-carretera-tiripetio-caracuaro-erendira\\\/#breadcrumb\"},\"inLanguage\":\"es\",\"potentialAction\":[{\"@type\":\"ReadAction\",\"target\":[\"https:\\\/\\\/diarioabcdemichoacan.com.mx\\\/lasnoticias\\\/inaugura-bedolla-rehabilitacion-de-la-carretera-tiripetio-caracuaro-erendira\\\/\"]}]},{\"@type\":\"ImageObject\",\"inLanguage\":\"es\",\"@id\":\"https:\\\/\\\/diarioabcdemichoacan.com.mx\\\/lasnoticias\\\/inaugura-bedolla-rehabilitacion-de-la-carretera-tiripetio-caracuaro-erendira\\\/#primaryimage\",\"url\":\"https:\\\/\\\/diarioabcdemichoacan.com.mx\\\/lasnoticias\\\/wp-content\\\/uploads\\\/2026\\\/08\\\/aa4f4cdb-33b5-47bf-8ac0-3135ae421878.jpg\",\"contentUrl\":\"https:\\\/\\\/diarioabcdemichoacan.com.mx\\\/lasnoticias\\\/wp-content\\\/uploads\\\/2026\\\/08\\\/aa4f4cdb-33b5-47bf-8ac0-3135ae421878.jpg\",\"width\":1280,\"height\":853},{\"@type\":\"BreadcrumbList\",\"@id\":\"https:\\\/\\\/diarioabcdemichoacan.com.mx\\\/lasnoticias\\\/inaugura-bedolla-rehabilitacion-de-la-carretera-tiripetio-caracuaro-erendira\\\/#breadcrumb\",\"itemListElement\":[{\"@type\":\"ListItem\",\"position\":1,\"name\":\"Portada\",\"item\":\"https:\\\/\\\/diarioabcdemichoacan.com.mx\\\/lasnoticias\\\/\"},{\"@type\":\"ListItem\",\"position\":2,\"name\":\"Inaugura Bedolla rehabilitaci\u00f3n de la carretera Tiripet\u00edo-Car\u00e1cuaro-Er\u00e9ndira\"}]},{\"@type\":\"WebSite\",\"@id\":\"https:\\\/\\\/diarioabcdemichoacan.com.mx\\\/lasnoticias\\\/#website\",\"url\":\"https:\\\/\\\/diarioabcdemichoacan.com.mx\\\/lasnoticias\\\/\",\"name\":\"Diario ABC de Michoac\u00e1n\",\"description\":\"Las noticias al momento\",\"potentialAction\":[{\"@type\":\"SearchAction\",\"target\":{\"@type\":\"EntryPoint\",\"urlTemplate\":\"https:\\\/\\\/diarioabcdemichoacan.com.mx\\\/lasnoticias\\\/?s={search_term_string}\"},\"query-input\":{\"@type\":\"PropertyValueSpecification\",\"valueRequired\":true,\"valueName\":\"search_term_string\"}}],\"inLanguage\":\"es\"},{\"@type\":\"Person\",\"@id\":\"https:\\\/\\\/diarioabcdemichoacan.com.mx\\\/lasnoticias\\\/#\\\/schema\\\/person\\\/0546f9c3407148f7452ca932715c5e88\",\"name\":\"MB\",\"image\":{\"@type\":\"ImageObject\",\"inLanguage\":\"es\",\"@id\":\"https:\\\/\\\/secure.gravatar.com\\\/avatar\\\/ac036f018f6a8431a5687a020efaf39d914da6a3fc78ce6029ab7ae29c5130e2?s=96&d=mm&r=g\",\"url\":\"https:\\\/\\\/secure.gravatar.com\\\/avatar\\\/ac036f018f6a8431a5687a020efaf39d914da6a3fc78ce6029ab7ae29c5130e2?s=96&d=mm&r=g\",\"contentUrl\":\"https:\\\/\\\/secure.gravatar.com\\\/avatar\\\/ac036f018f6a8431a5687a020efaf39d914da6a3fc78ce6029ab7ae29c5130e2?s=96&d=mm&r=g\",\"caption\":\"MB\"},\"url\":\"https:\\\/\\\/diarioabcdemichoacan.com.mx\\\/lasnoticias\\\/author\\\/bomariano03\\\/\"}]}<\/script>\n<!-- \/ Yoast SEO plugin. -->","yoast_head_json":{"title":"Inaugura Bedolla rehabilitaci\u00f3n de la carretera Tiripet\u00edo-Car\u00e1cuaro-Er\u00e9ndira - Diario ABC de Michoac\u00e1n","robots":{"index":"index","follow":"follow","max-snippet":"max-snippet:-1","max-image-preview":"max-image-preview:large","max-video-preview":"max-video-preview:-1"},"canonical":"https:\/\/diarioabcdemichoacan.com.mx\/lasnoticias\/inaugura-bedolla-rehabilitacion-de-la-carretera-tiripetio-caracuaro-erendira\/","og_locale":"es_ES","og_type":"article","og_title":"Inaugura Bedolla rehabilitaci\u00f3n de la carretera Tiripet\u00edo-Car\u00e1cuaro-Er\u00e9ndira - Diario ABC de Michoac\u00e1n","og_description":"Car\u00e1cuaro, Michoac\u00e1n, 29 de agosto de 2026.- El gobernador Alfredo Ram\u00edrez Bedolla inaugur\u00f3 la rehabilitaci\u00f3n de 79 kil\u00f3metros de la carretera Tiripet\u00edo-Car\u00e1cuaro-Er\u00e9ndira, obra que fortalece la conectividad y movilidad de la regi\u00f3n de Tierra Caliente en beneficio de m\u00e1s de 48 mil personas. El mandatario estatal destac\u00f3 que la modernizaci\u00f3n de esta v\u00eda permitir\u00e1 mejorar [&hellip;]","og_url":"https:\/\/diarioabcdemichoacan.com.mx\/lasnoticias\/inaugura-bedolla-rehabilitacion-de-la-carretera-tiripetio-caracuaro-erendira\/","og_site_name":"Diario ABC de Michoac\u00e1n","article_published_time":"2026-08-30T03:12:24+00:00","article_modified_time":"2026-09-01T03:12:49+00:00","og_image":[{"width":1280,"height":853,"url":"https:\/\/diarioabcdemichoacan.com.mx\/lasnoticias\/wp-content\/uploads\/2026\/08\/aa4f4cdb-33b5-47bf-8ac0-3135ae421878.jpg","type":"image\/jpeg"}],"author":"MB","twitter_card":"summary_large_image","twitter_misc":{"Escrito por":"MB","Tiempo de lectura":"2 minutos"},"schema":{"@context":"https:\/\/schema.org","@graph":[{"@type":"Article","@id":"https:\/\/diarioabcdemichoacan.com.mx\/lasnoticias\/inaugura-bedolla-rehabilitacion-de-la-carretera-tiripetio-caracuaro-erendira\/#article","isPartOf":{"@id":"https:\/\/diarioabcdemichoacan.com.mx\/lasnoticias\/inaugura-bedolla-rehabilitacion-de-la-carretera-tiripetio-caracuaro-erendira\/"},"author":{"name":"MB","@id":"https:\/\/diarioabcdemichoacan.com.mx\/lasnoticias\/#\/schema\/person\/0546f9c3407148f7452ca932715c5e88"},"headline":"Inaugura Bedolla rehabilitaci\u00f3n de la carretera Tiripet\u00edo-Car\u00e1cuaro-Er\u00e9ndira","datePublished":"2026-08-30T03:12:24+00:00","dateModified":"2026-09-01T03:12:49+00:00","mainEntityOfPage":{"@id":"https:\/\/diarioabcdemichoacan.com.mx\/lasnoticias\/inaugura-bedolla-rehabilitacion-de-la-carretera-tiripetio-caracuaro-erendira\/"},"wordCount":389,"image":{"@id":"https:\/\/diarioabcdemichoacan.com.mx\/lasnoticias\/inaugura-bedolla-rehabilitacion-de-la-carretera-tiripetio-caracuaro-erendira\/#primaryimage"},"thumbnailUrl":"https:\/\/diarioabcdemichoacan.com.mx\/lasnoticias\/wp-content\/uploads\/2026\/08\/aa4f4cdb-33b5-47bf-8ac0-3135ae421878.jpg","articleSection":["Estado","Gobierno de Michoac\u00e1n"],"inLanguage":"es"},{"@type":"WebPage","@id":"https:\/\/diarioabcdemichoacan.com.mx\/lasnoticias\/inaugura-bedolla-rehabilitacion-de-la-carretera-tiripetio-caracuaro-erendira\/","url":"https:\/\/diarioabcdemichoacan.com.mx\/lasnoticias\/inaugura-bedolla-rehabilitacion-de-la-carretera-tiripetio-caracuaro-erendira\/","name":"Inaugura Bedolla rehabilitaci\u00f3n de la carretera Tiripet\u00edo-Car\u00e1cuaro-Er\u00e9ndira - Diario ABC de Michoac\u00e1n","isPartOf":{"@id":"https:\/\/diarioabcdemichoacan.com.mx\/lasnoticias\/#website"},"primaryImageOfPage":{"@id":"https:\/\/diarioabcdemichoacan.com.mx\/lasnoticias\/inaugura-bedolla-rehabilitacion-de-la-carretera-tiripetio-caracuaro-erendira\/#primaryimage"},"image":{"@id":"https:\/\/diarioabcdemichoacan.com.mx\/lasnoticias\/inaugura-bedolla-rehabilitacion-de-la-carretera-tiripetio-caracuaro-erendira\/#primaryimage"},"thumbnailUrl":"https:\/\/diarioabcdemichoacan.com.mx\/lasnoticias\/wp-content\/uploads\/2026\/08\/aa4f4cdb-33b5-47bf-8ac0-3135ae421878.jpg","datePublished":"2026-08-30T03:12:24+00:00","dateModified":"2026-09-01T03:12:49+00:00","author":{"@id":"https:\/\/diarioabcdemichoacan.com.mx\/lasnoticias\/#\/schema\/person\/0546f9c3407148f7452ca932715c5e88"},"breadcrumb":{"@id":"https:\/\/diarioabcdemichoacan.com.mx\/lasnoticias\/inaugura-bedolla-rehabilitacion-de-la-carretera-tiripetio-caracuaro-erendira\/#breadcrumb"},"inLanguage":"es","potentialAction":[{"@type":"ReadAction","target":["https:\/\/diarioabcdemichoacan.com.mx\/lasnoticias\/inaugura-bedolla-rehabilitacion-de-la-carretera-tiripetio-caracuaro-erendira\/"]}]},{"@type":"ImageObject","inLanguage":"es","@id":"https:\/\/diarioabcdemichoacan.com.mx\/lasnoticias\/inaugura-bedolla-rehabilitacion-de-la-carretera-tiripetio-caracuaro-erendira\/#primaryimage","url":"https:\/\/diarioabcdemichoacan.com.mx\/lasnoticias\/wp-content\/uploads\/2026\/08\/aa4f4cdb-33b5-47bf-8ac0-3135ae421878.jpg","contentUrl":"https:\/\/diarioabcdemichoacan.com.mx\/lasnoticias\/wp-content\/uploads\/2026\/08\/aa4f4cdb-33b5-47bf-8ac0-3135ae421878.jpg","width":1280,"height":853},{"@type":"BreadcrumbList","@id":"https:\/\/diarioabcdemichoacan.com.mx\/lasnoticias\/inaugura-bedolla-rehabilitacion-de-la-carretera-tiripetio-caracuaro-erendira\/#breadcrumb","itemListElement":[{"@type":"ListItem","position":1,"name":"Portada","item":"https:\/\/diarioabcdemichoacan.com.mx\/lasnoticias\/"},{"@type":"ListItem","position":2,"name":"Inaugura Bedolla rehabilitaci\u00f3n de la carretera Tiripet\u00edo-Car\u00e1cuaro-Er\u00e9ndira"}]},{"@type":"WebSite","@id":"https:\/\/diarioabcdemichoacan.com.mx\/lasnoticias\/#website","url":"https:\/\/diarioabcdemichoacan.com.mx\/lasnoticias\/","name":"Diario ABC de Michoac\u00e1n","description":"Las noticias al momento","potentialAction":[{"@type":"SearchAction","target":{"@type":"EntryPoint","urlTemplate":"https:\/\/diarioabcdemichoacan.com.mx\/lasnoticias\/?s={search_term_string}"},"query-input":{"@type":"PropertyValueSpecification","valueRequired":true,"valueName":"search_term_string"}}],"inLanguage":"es"},{"@type":"Person","@id":"https:\/\/diarioabcdemichoacan.com.mx\/lasnoticias\/#\/schema\/person\/0546f9c3407148f7452ca932715c5e88","name":"MB","image":{"@type":"ImageObject","inLanguage":"es","@id":"https:\/\/secure.gravatar.com\/avatar\/ac036f018f6a8431a5687a020efaf39d914da6a3fc78ce6029ab7ae29c5130e2?s=96&d=mm&r=g","url":"https:\/\/secure.gravatar.com\/avatar\/ac036f018f6a8431a5687a020efaf39d914da6a3fc78ce6029ab7ae29c5130e2?s=96&d=mm&r=g","contentUrl":"https:\/\/secure.gravatar.com\/avatar\/ac036f018f6a8431a5687a020efaf39d914da6a3fc78ce6029ab7ae29c5130e2?s=96&d=mm&r=g","caption":"MB"},"url":"https:\/\/diarioabcdemichoacan.com.mx\/lasnoticias\/author\/bomariano03\/"}]}},"_links":{"self":[{"href":"https:\/\/diarioabcdemichoacan.com.mx\/lasnoticias\/wp-json\/wp\/v2\/posts\/83767","targetHints":{"allow":["GET"]}}],"collection":[{"href":"https:\/\/diarioabcdemichoacan.com.mx\/lasnoticias\/wp-json\/wp\/v2\/posts"}],"about":[{"href":"https:\/\/diarioabcdemichoacan.com.mx\/lasnoticias\/wp-json\/wp\/v2\/types\/post"}],"author":[{"embeddable":true,"href":"https:\/\/diarioabcdemichoacan.com.mx\/lasnoticias\/wp-json\/wp\/v2\/users\/6"}],"replies":[{"embeddable":true,"href":"https:\/\/diarioabcdemichoacan.com.mx\/lasnoticias\/wp-json\/wp\/v2\/comments?post=83767"}],"version-history":[{"count":1,"href":"https:\/\/diarioabcdemichoacan.com.mx\/lasnoticias\/wp-json\/wp\/v2\/posts\/83767\/revisions"}],"predecessor-version":[{"id":83769,"href":"https:\/\/diarioabcdemichoacan.com.mx\/lasnoticias\/wp-json\/wp\/v2\/posts\/83767\/revisions\/83769"}],"wp:featuredmedia":[{"embeddable":true,"href":"https:\/\/diarioabcdemichoacan.com.mx\/lasnoticias\/wp-json\/wp\/v2\/media\/83768"}],"wp:attachment":[{"href":"https:\/\/diarioabcdemichoacan.com.mx\/lasnoticias\/wp-json\/wp\/v2\/media?parent=83767"}],"wp:term":[{"taxonomy":"category","embeddable":true,"href":"https:\/\/diarioabcdemichoacan.com.mx\/lasnoticias\/wp-json\/wp\/v2\/categories?post=83767"},{"taxonomy":"post_tag","embeddable":true,"href":"https:\/\/diarioabcdemichoacan.com.mx\/lasnoticias\/wp-json\/wp\/v2\/tags?post=83767"}],"curies":[{"name":"wp","href":"https:\/\/api.w.org\/{rel}","templated":true}]}}