{"id":83770,"date":"2026-08-29T21:13:11","date_gmt":"2026-08-30T03:13:11","guid":{"rendered":"https:\/\/diarioabcdemichoacan.com.mx\/lasnoticias\/?p=83770"},"modified":"2026-08-31T21:23:07","modified_gmt":"2026-09-01T03:23:07","slug":"las-mujeres-no-estan-solas-bedolla-inaugura-centros-libre-en-huetamo-y-caracuaro","status":"publish","type":"post","link":"https:\/\/diarioabcdemichoacan.com.mx\/lasnoticias\/las-mujeres-no-estan-solas-bedolla-inaugura-centros-libre-en-huetamo-y-caracuaro\/","title":{"rendered":"Las mujeres no est\u00e1n solas; Bedolla inaugura Centros Libre en Huetamo y Car\u00e1cuaro"},"content":{"rendered":"<p>Huetamo, Michoac\u00e1n, 29 de agosto de 2026.- Con una red de apoyo y un espacio de atenci\u00f3n integral, las mujeres de Huetamo y Car\u00e1cuaro no est\u00e1n solas, porque ahora cuentan con un lugar de desarrollo y acompa\u00f1amiento, se\u00f1al\u00f3 el gobernador Alfredo Ram\u00edrez Bedolla, durante la inauguraci\u00f3n oficial de los Centros Libre para las Mujeres en estos municipios.<\/p>\n<p>\u201cHoy es un d\u00eda de celebrarse, porque estos espacios son en realidad una gran extensi\u00f3n de todo ese cari\u00f1o y visi\u00f3n de la presidenta Claudia Sheinbaum para las mujeres. Ella lo dijo muy bien cuando tom\u00f3 protesta como presidenta de la Rep\u00fablica, que no lleg\u00f3 sola, que llegaron todas\u201d, mencion\u00f3 el mandatario estatal.<\/p><div id=\"diari-4228048643\" class=\"diari-contenido diari-entity-placement\"><img loading=\"lazy\" decoding=\"async\" src=\"https:\/\/diarioabcdemichoacan.com.mx\/lasnoticias\/wp-content\/uploads\/2024\/07\/WhatsApp-Image-2024-05-07-at-10.12.40-a.m.jpeg\" alt=\"\"  srcset=\"https:\/\/diarioabcdemichoacan.com.mx\/lasnoticias\/wp-content\/uploads\/2024\/07\/WhatsApp-Image-2024-05-07-at-10.12.40-a.m.jpeg 400w, https:\/\/diarioabcdemichoacan.com.mx\/lasnoticias\/wp-content\/uploads\/2024\/07\/WhatsApp-Image-2024-05-07-at-10.12.40-a.m-150x150.jpeg 150w, https:\/\/diarioabcdemichoacan.com.mx\/lasnoticias\/wp-content\/uploads\/2024\/07\/WhatsApp-Image-2024-05-07-at-10.12.40-a.m-300x300.jpeg 300w\" sizes=\"(max-width: 400px) 100vw, 400px\" width=\"400\" height=\"400\"  style=\"display: inline-block;\" \/><\/div>\n<p>Ram\u00edrez Bedolla refiri\u00f3 que los Centros Libre nacen de la iniciativa del Gobierno de M\u00e9xico, con el objetivo de brindar a las mujeres acompa\u00f1amiento y las herramientas necesarias para su libre empoderamiento.<\/p>\n<p>Recalc\u00f3 que estos dos espacios se suman a los 127 que hay en Michoac\u00e1n, y a\u00f1adi\u00f3 que no s\u00f3lo se encuentran en las cabeceras municipales sino tambi\u00e9n en las comunidades ind\u00edgenas, a fin de fortalecer la red de atenci\u00f3n integral de esta pol\u00edtica p\u00fablica en la entidad.<\/p>\n<p>Por su parte, la secretaria de Igualdad Sustantiva y Desarrollo de las Mujeres Michoacanas, Alejandra Anguiano Gonz\u00e1lez, indic\u00f3 que para el a\u00f1o 2025 se destinaron casi 900 mil pesos de inversi\u00f3n para este espacio, beneficiando a 513 mujeres a trav\u00e9s de 602 servicios brindados; y a\u00f1adi\u00f3 que para la presente anualidad se invirti\u00f3 cerca del mill\u00f3n de pesos, para poder ampliar el alcance y los apoyos para las participantes de este programa.<\/p>\n<p>Asistieron El\u00edas Ibarra Torres, secretario de Salud; Amparo Granados Mendoza, directora de Vinculaci\u00f3n Interinstitucional y Pol\u00edtica, representante de la Secretar\u00eda de las Mujeres del Gobierno de M\u00e9xico; Vanessa L\u00f3pez Carillo, diputada federal; Pablo Varona Estrada, presidente municipal de Huetamo y el presidente municipal de Car\u00e1cuaro, Hever Tentory Garc\u00eda, as\u00ed como autoridades federales, estatales municipales; beneficiarias y p\u00fablico en general.<\/p>\n","protected":false},"excerpt":{"rendered":"<p>Huetamo, Michoac\u00e1n, 29 de agosto de 2026.- Con una red de apoyo y un espacio de atenci\u00f3n integral, las mujeres de Huetamo y Car\u00e1cuaro no est\u00e1n solas, porque ahora cuentan con un lugar de desarrollo y acompa\u00f1amiento, se\u00f1al\u00f3 el gobernador Alfredo Ram\u00edrez Bedolla, durante la inauguraci\u00f3n oficial de los Centros Libre para las Mujeres en [&hellip;]<\/p>\n","protected":false},"author":6,"featured_media":83771,"comment_status":"closed","ping_status":"closed","sticky":false,"template":"","format":"standard","meta":{"footnotes":""},"categories":[10,17],"tags":[],"class_list":["post-83770","post","type-post","status-publish","format-standard","has-post-thumbnail","category-estado","category-gobierno-de-michoacan"],"yoast_head":"<!-- This site is optimized with the Yoast SEO plugin v28.4 - https:\/\/yoast.com\/product\/yoast-seo-wordpress\/ -->\n<title>Las mujeres no est\u00e1n solas; Bedolla inaugura Centros Libre en Huetamo y Car\u00e1cuaro - Diario ABC de Michoac\u00e1n<\/title>\n<meta name=\"robots\" content=\"index, follow, max-snippet:-1, max-image-preview:large, max-video-preview:-1\" \/>\n<link rel=\"canonical\" href=\"https:\/\/diarioabcdemichoacan.com.mx\/lasnoticias\/las-mujeres-no-estan-solas-bedolla-inaugura-centros-libre-en-huetamo-y-caracuaro\/\" \/>\n<meta property=\"og:locale\" content=\"es_ES\" \/>\n<meta property=\"og:type\" content=\"article\" \/>\n<meta property=\"og:title\" content=\"Las mujeres no est\u00e1n solas; Bedolla inaugura Centros Libre en Huetamo y Car\u00e1cuaro - Diario ABC de Michoac\u00e1n\" \/>\n<meta property=\"og:description\" content=\"Huetamo, Michoac\u00e1n, 29 de agosto de 2026.- Con una red de apoyo y un espacio de atenci\u00f3n integral, las mujeres de Huetamo y Car\u00e1cuaro no est\u00e1n solas, porque ahora cuentan con un lugar de desarrollo y acompa\u00f1amiento, se\u00f1al\u00f3 el gobernador Alfredo Ram\u00edrez Bedolla, durante la inauguraci\u00f3n oficial de los Centros Libre para las Mujeres en [&hellip;]\" \/>\n<meta property=\"og:url\" content=\"https:\/\/diarioabcdemichoacan.com.mx\/lasnoticias\/las-mujeres-no-estan-solas-bedolla-inaugura-centros-libre-en-huetamo-y-caracuaro\/\" \/>\n<meta property=\"og:site_name\" content=\"Diario ABC de Michoac\u00e1n\" \/>\n<meta property=\"article:published_time\" content=\"2026-08-30T03:13:11+00:00\" \/>\n<meta property=\"article:modified_time\" content=\"2026-09-01T03:23:07+00:00\" \/>\n<meta property=\"og:image\" content=\"https:\/\/diarioabcdemichoacan.com.mx\/lasnoticias\/wp-content\/uploads\/2026\/08\/f406d057-870e-4365-8574-11ce310679d7.jpg\" \/>\n\t<meta property=\"og:image:width\" content=\"1280\" \/>\n\t<meta property=\"og:image:height\" content=\"853\" \/>\n\t<meta property=\"og:image:type\" content=\"image\/jpeg\" \/>\n<meta name=\"author\" content=\"MB\" \/>\n<meta name=\"twitter:card\" content=\"summary_large_image\" \/>\n<meta name=\"twitter:label1\" content=\"Escrito por\" \/>\n\t<meta name=\"twitter:data1\" content=\"MB\" \/>\n\t<meta name=\"twitter:label2\" content=\"Tiempo de lectura\" \/>\n\t<meta name=\"twitter:data2\" content=\"2 minutos\" \/>\n<script type=\"application\/ld+json\" class=\"yoast-schema-graph\">{\"@context\":\"https:\\\/\\\/schema.org\",\"@graph\":[{\"@type\":\"Article\",\"@id\":\"https:\\\/\\\/diarioabcdemichoacan.com.mx\\\/lasnoticias\\\/las-mujeres-no-estan-solas-bedolla-inaugura-centros-libre-en-huetamo-y-caracuaro\\\/#article\",\"isPartOf\":{\"@id\":\"https:\\\/\\\/diarioabcdemichoacan.com.mx\\\/lasnoticias\\\/las-mujeres-no-estan-solas-bedolla-inaugura-centros-libre-en-huetamo-y-caracuaro\\\/\"},\"author\":{\"name\":\"MB\",\"@id\":\"https:\\\/\\\/diarioabcdemichoacan.com.mx\\\/lasnoticias\\\/#\\\/schema\\\/person\\\/0546f9c3407148f7452ca932715c5e88\"},\"headline\":\"Las mujeres no est\u00e1n solas; Bedolla inaugura Centros Libre en Huetamo y Car\u00e1cuaro\",\"datePublished\":\"2026-08-30T03:13:11+00:00\",\"dateModified\":\"2026-09-01T03:23:07+00:00\",\"mainEntityOfPage\":{\"@id\":\"https:\\\/\\\/diarioabcdemichoacan.com.mx\\\/lasnoticias\\\/las-mujeres-no-estan-solas-bedolla-inaugura-centros-libre-en-huetamo-y-caracuaro\\\/\"},\"wordCount\":368,\"image\":{\"@id\":\"https:\\\/\\\/diarioabcdemichoacan.com.mx\\\/lasnoticias\\\/las-mujeres-no-estan-solas-bedolla-inaugura-centros-libre-en-huetamo-y-caracuaro\\\/#primaryimage\"},\"thumbnailUrl\":\"https:\\\/\\\/diarioabcdemichoacan.com.mx\\\/lasnoticias\\\/wp-content\\\/uploads\\\/2026\\\/08\\\/f406d057-870e-4365-8574-11ce310679d7.jpg\",\"articleSection\":[\"Estado\",\"Gobierno de Michoac\u00e1n\"],\"inLanguage\":\"es\"},{\"@type\":\"WebPage\",\"@id\":\"https:\\\/\\\/diarioabcdemichoacan.com.mx\\\/lasnoticias\\\/las-mujeres-no-estan-solas-bedolla-inaugura-centros-libre-en-huetamo-y-caracuaro\\\/\",\"url\":\"https:\\\/\\\/diarioabcdemichoacan.com.mx\\\/lasnoticias\\\/las-mujeres-no-estan-solas-bedolla-inaugura-centros-libre-en-huetamo-y-caracuaro\\\/\",\"name\":\"Las mujeres no est\u00e1n solas; Bedolla inaugura Centros Libre en Huetamo y Car\u00e1cuaro - Diario ABC de Michoac\u00e1n\",\"isPartOf\":{\"@id\":\"https:\\\/\\\/diarioabcdemichoacan.com.mx\\\/lasnoticias\\\/#website\"},\"primaryImageOfPage\":{\"@id\":\"https:\\\/\\\/diarioabcdemichoacan.com.mx\\\/lasnoticias\\\/las-mujeres-no-estan-solas-bedolla-inaugura-centros-libre-en-huetamo-y-caracuaro\\\/#primaryimage\"},\"image\":{\"@id\":\"https:\\\/\\\/diarioabcdemichoacan.com.mx\\\/lasnoticias\\\/las-mujeres-no-estan-solas-bedolla-inaugura-centros-libre-en-huetamo-y-caracuaro\\\/#primaryimage\"},\"thumbnailUrl\":\"https:\\\/\\\/diarioabcdemichoacan.com.mx\\\/lasnoticias\\\/wp-content\\\/uploads\\\/2026\\\/08\\\/f406d057-870e-4365-8574-11ce310679d7.jpg\",\"datePublished\":\"2026-08-30T03:13:11+00:00\",\"dateModified\":\"2026-09-01T03:23:07+00:00\",\"author\":{\"@id\":\"https:\\\/\\\/diarioabcdemichoacan.com.mx\\\/lasnoticias\\\/#\\\/schema\\\/person\\\/0546f9c3407148f7452ca932715c5e88\"},\"breadcrumb\":{\"@id\":\"https:\\\/\\\/diarioabcdemichoacan.com.mx\\\/lasnoticias\\\/las-mujeres-no-estan-solas-bedolla-inaugura-centros-libre-en-huetamo-y-caracuaro\\\/#breadcrumb\"},\"inLanguage\":\"es\",\"potentialAction\":[{\"@type\":\"ReadAction\",\"target\":[\"https:\\\/\\\/diarioabcdemichoacan.com.mx\\\/lasnoticias\\\/las-mujeres-no-estan-solas-bedolla-inaugura-centros-libre-en-huetamo-y-caracuaro\\\/\"]}]},{\"@type\":\"ImageObject\",\"inLanguage\":\"es\",\"@id\":\"https:\\\/\\\/diarioabcdemichoacan.com.mx\\\/lasnoticias\\\/las-mujeres-no-estan-solas-bedolla-inaugura-centros-libre-en-huetamo-y-caracuaro\\\/#primaryimage\",\"url\":\"https:\\\/\\\/diarioabcdemichoacan.com.mx\\\/lasnoticias\\\/wp-content\\\/uploads\\\/2026\\\/08\\\/f406d057-870e-4365-8574-11ce310679d7.jpg\",\"contentUrl\":\"https:\\\/\\\/diarioabcdemichoacan.com.mx\\\/lasnoticias\\\/wp-content\\\/uploads\\\/2026\\\/08\\\/f406d057-870e-4365-8574-11ce310679d7.jpg\",\"width\":1280,\"height\":853},{\"@type\":\"BreadcrumbList\",\"@id\":\"https:\\\/\\\/diarioabcdemichoacan.com.mx\\\/lasnoticias\\\/las-mujeres-no-estan-solas-bedolla-inaugura-centros-libre-en-huetamo-y-caracuaro\\\/#breadcrumb\",\"itemListElement\":[{\"@type\":\"ListItem\",\"position\":1,\"name\":\"Portada\",\"item\":\"https:\\\/\\\/diarioabcdemichoacan.com.mx\\\/lasnoticias\\\/\"},{\"@type\":\"ListItem\",\"position\":2,\"name\":\"Las mujeres no est\u00e1n solas; Bedolla inaugura Centros Libre en Huetamo y Car\u00e1cuaro\"}]},{\"@type\":\"WebSite\",\"@id\":\"https:\\\/\\\/diarioabcdemichoacan.com.mx\\\/lasnoticias\\\/#website\",\"url\":\"https:\\\/\\\/diarioabcdemichoacan.com.mx\\\/lasnoticias\\\/\",\"name\":\"Diario ABC de Michoac\u00e1n\",\"description\":\"Las noticias al momento\",\"potentialAction\":[{\"@type\":\"SearchAction\",\"target\":{\"@type\":\"EntryPoint\",\"urlTemplate\":\"https:\\\/\\\/diarioabcdemichoacan.com.mx\\\/lasnoticias\\\/?s={search_term_string}\"},\"query-input\":{\"@type\":\"PropertyValueSpecification\",\"valueRequired\":true,\"valueName\":\"search_term_string\"}}],\"inLanguage\":\"es\"},{\"@type\":\"Person\",\"@id\":\"https:\\\/\\\/diarioabcdemichoacan.com.mx\\\/lasnoticias\\\/#\\\/schema\\\/person\\\/0546f9c3407148f7452ca932715c5e88\",\"name\":\"MB\",\"image\":{\"@type\":\"ImageObject\",\"inLanguage\":\"es\",\"@id\":\"https:\\\/\\\/secure.gravatar.com\\\/avatar\\\/ac036f018f6a8431a5687a020efaf39d914da6a3fc78ce6029ab7ae29c5130e2?s=96&d=mm&r=g\",\"url\":\"https:\\\/\\\/secure.gravatar.com\\\/avatar\\\/ac036f018f6a8431a5687a020efaf39d914da6a3fc78ce6029ab7ae29c5130e2?s=96&d=mm&r=g\",\"contentUrl\":\"https:\\\/\\\/secure.gravatar.com\\\/avatar\\\/ac036f018f6a8431a5687a020efaf39d914da6a3fc78ce6029ab7ae29c5130e2?s=96&d=mm&r=g\",\"caption\":\"MB\"},\"url\":\"https:\\\/\\\/diarioabcdemichoacan.com.mx\\\/lasnoticias\\\/author\\\/bomariano03\\\/\"}]}<\/script>\n<!-- \/ Yoast SEO plugin. -->","yoast_head_json":{"title":"Las mujeres no est\u00e1n solas; Bedolla inaugura Centros Libre en Huetamo y Car\u00e1cuaro - Diario ABC de Michoac\u00e1n","robots":{"index":"index","follow":"follow","max-snippet":"max-snippet:-1","max-image-preview":"max-image-preview:large","max-video-preview":"max-video-preview:-1"},"canonical":"https:\/\/diarioabcdemichoacan.com.mx\/lasnoticias\/las-mujeres-no-estan-solas-bedolla-inaugura-centros-libre-en-huetamo-y-caracuaro\/","og_locale":"es_ES","og_type":"article","og_title":"Las mujeres no est\u00e1n solas; Bedolla inaugura Centros Libre en Huetamo y Car\u00e1cuaro - Diario ABC de Michoac\u00e1n","og_description":"Huetamo, Michoac\u00e1n, 29 de agosto de 2026.- Con una red de apoyo y un espacio de atenci\u00f3n integral, las mujeres de Huetamo y Car\u00e1cuaro no est\u00e1n solas, porque ahora cuentan con un lugar de desarrollo y acompa\u00f1amiento, se\u00f1al\u00f3 el gobernador Alfredo Ram\u00edrez Bedolla, durante la inauguraci\u00f3n oficial de los Centros Libre para las Mujeres en [&hellip;]","og_url":"https:\/\/diarioabcdemichoacan.com.mx\/lasnoticias\/las-mujeres-no-estan-solas-bedolla-inaugura-centros-libre-en-huetamo-y-caracuaro\/","og_site_name":"Diario ABC de Michoac\u00e1n","article_published_time":"2026-08-30T03:13:11+00:00","article_modified_time":"2026-09-01T03:23:07+00:00","og_image":[{"width":1280,"height":853,"url":"https:\/\/diarioabcdemichoacan.com.mx\/lasnoticias\/wp-content\/uploads\/2026\/08\/f406d057-870e-4365-8574-11ce310679d7.jpg","type":"image\/jpeg"}],"author":"MB","twitter_card":"summary_large_image","twitter_misc":{"Escrito por":"MB","Tiempo de lectura":"2 minutos"},"schema":{"@context":"https:\/\/schema.org","@graph":[{"@type":"Article","@id":"https:\/\/diarioabcdemichoacan.com.mx\/lasnoticias\/las-mujeres-no-estan-solas-bedolla-inaugura-centros-libre-en-huetamo-y-caracuaro\/#article","isPartOf":{"@id":"https:\/\/diarioabcdemichoacan.com.mx\/lasnoticias\/las-mujeres-no-estan-solas-bedolla-inaugura-centros-libre-en-huetamo-y-caracuaro\/"},"author":{"name":"MB","@id":"https:\/\/diarioabcdemichoacan.com.mx\/lasnoticias\/#\/schema\/person\/0546f9c3407148f7452ca932715c5e88"},"headline":"Las mujeres no est\u00e1n solas; Bedolla inaugura Centros Libre en Huetamo y Car\u00e1cuaro","datePublished":"2026-08-30T03:13:11+00:00","dateModified":"2026-09-01T03:23:07+00:00","mainEntityOfPage":{"@id":"https:\/\/diarioabcdemichoacan.com.mx\/lasnoticias\/las-mujeres-no-estan-solas-bedolla-inaugura-centros-libre-en-huetamo-y-caracuaro\/"},"wordCount":368,"image":{"@id":"https:\/\/diarioabcdemichoacan.com.mx\/lasnoticias\/las-mujeres-no-estan-solas-bedolla-inaugura-centros-libre-en-huetamo-y-caracuaro\/#primaryimage"},"thumbnailUrl":"https:\/\/diarioabcdemichoacan.com.mx\/lasnoticias\/wp-content\/uploads\/2026\/08\/f406d057-870e-4365-8574-11ce310679d7.jpg","articleSection":["Estado","Gobierno de Michoac\u00e1n"],"inLanguage":"es"},{"@type":"WebPage","@id":"https:\/\/diarioabcdemichoacan.com.mx\/lasnoticias\/las-mujeres-no-estan-solas-bedolla-inaugura-centros-libre-en-huetamo-y-caracuaro\/","url":"https:\/\/diarioabcdemichoacan.com.mx\/lasnoticias\/las-mujeres-no-estan-solas-bedolla-inaugura-centros-libre-en-huetamo-y-caracuaro\/","name":"Las mujeres no est\u00e1n solas; Bedolla inaugura Centros Libre en Huetamo y Car\u00e1cuaro - Diario ABC de Michoac\u00e1n","isPartOf":{"@id":"https:\/\/diarioabcdemichoacan.com.mx\/lasnoticias\/#website"},"primaryImageOfPage":{"@id":"https:\/\/diarioabcdemichoacan.com.mx\/lasnoticias\/las-mujeres-no-estan-solas-bedolla-inaugura-centros-libre-en-huetamo-y-caracuaro\/#primaryimage"},"image":{"@id":"https:\/\/diarioabcdemichoacan.com.mx\/lasnoticias\/las-mujeres-no-estan-solas-bedolla-inaugura-centros-libre-en-huetamo-y-caracuaro\/#primaryimage"},"thumbnailUrl":"https:\/\/diarioabcdemichoacan.com.mx\/lasnoticias\/wp-content\/uploads\/2026\/08\/f406d057-870e-4365-8574-11ce310679d7.jpg","datePublished":"2026-08-30T03:13:11+00:00","dateModified":"2026-09-01T03:23:07+00:00","author":{"@id":"https:\/\/diarioabcdemichoacan.com.mx\/lasnoticias\/#\/schema\/person\/0546f9c3407148f7452ca932715c5e88"},"breadcrumb":{"@id":"https:\/\/diarioabcdemichoacan.com.mx\/lasnoticias\/las-mujeres-no-estan-solas-bedolla-inaugura-centros-libre-en-huetamo-y-caracuaro\/#breadcrumb"},"inLanguage":"es","potentialAction":[{"@type":"ReadAction","target":["https:\/\/diarioabcdemichoacan.com.mx\/lasnoticias\/las-mujeres-no-estan-solas-bedolla-inaugura-centros-libre-en-huetamo-y-caracuaro\/"]}]},{"@type":"ImageObject","inLanguage":"es","@id":"https:\/\/diarioabcdemichoacan.com.mx\/lasnoticias\/las-mujeres-no-estan-solas-bedolla-inaugura-centros-libre-en-huetamo-y-caracuaro\/#primaryimage","url":"https:\/\/diarioabcdemichoacan.com.mx\/lasnoticias\/wp-content\/uploads\/2026\/08\/f406d057-870e-4365-8574-11ce310679d7.jpg","contentUrl":"https:\/\/diarioabcdemichoacan.com.mx\/lasnoticias\/wp-content\/uploads\/2026\/08\/f406d057-870e-4365-8574-11ce310679d7.jpg","width":1280,"height":853},{"@type":"BreadcrumbList","@id":"https:\/\/diarioabcdemichoacan.com.mx\/lasnoticias\/las-mujeres-no-estan-solas-bedolla-inaugura-centros-libre-en-huetamo-y-caracuaro\/#breadcrumb","itemListElement":[{"@type":"ListItem","position":1,"name":"Portada","item":"https:\/\/diarioabcdemichoacan.com.mx\/lasnoticias\/"},{"@type":"ListItem","position":2,"name":"Las mujeres no est\u00e1n solas; Bedolla inaugura Centros Libre en Huetamo y Car\u00e1cuaro"}]},{"@type":"WebSite","@id":"https:\/\/diarioabcdemichoacan.com.mx\/lasnoticias\/#website","url":"https:\/\/diarioabcdemichoacan.com.mx\/lasnoticias\/","name":"Diario ABC de Michoac\u00e1n","description":"Las noticias al momento","potentialAction":[{"@type":"SearchAction","target":{"@type":"EntryPoint","urlTemplate":"https:\/\/diarioabcdemichoacan.com.mx\/lasnoticias\/?s={search_term_string}"},"query-input":{"@type":"PropertyValueSpecification","valueRequired":true,"valueName":"search_term_string"}}],"inLanguage":"es"},{"@type":"Person","@id":"https:\/\/diarioabcdemichoacan.com.mx\/lasnoticias\/#\/schema\/person\/0546f9c3407148f7452ca932715c5e88","name":"MB","image":{"@type":"ImageObject","inLanguage":"es","@id":"https:\/\/secure.gravatar.com\/avatar\/ac036f018f6a8431a5687a020efaf39d914da6a3fc78ce6029ab7ae29c5130e2?s=96&d=mm&r=g","url":"https:\/\/secure.gravatar.com\/avatar\/ac036f018f6a8431a5687a020efaf39d914da6a3fc78ce6029ab7ae29c5130e2?s=96&d=mm&r=g","contentUrl":"https:\/\/secure.gravatar.com\/avatar\/ac036f018f6a8431a5687a020efaf39d914da6a3fc78ce6029ab7ae29c5130e2?s=96&d=mm&r=g","caption":"MB"},"url":"https:\/\/diarioabcdemichoacan.com.mx\/lasnoticias\/author\/bomariano03\/"}]}},"_links":{"self":[{"href":"https:\/\/diarioabcdemichoacan.com.mx\/lasnoticias\/wp-json\/wp\/v2\/posts\/83770","targetHints":{"allow":["GET"]}}],"collection":[{"href":"https:\/\/diarioabcdemichoacan.com.mx\/lasnoticias\/wp-json\/wp\/v2\/posts"}],"about":[{"href":"https:\/\/diarioabcdemichoacan.com.mx\/lasnoticias\/wp-json\/wp\/v2\/types\/post"}],"author":[{"embeddable":true,"href":"https:\/\/diarioabcdemichoacan.com.mx\/lasnoticias\/wp-json\/wp\/v2\/users\/6"}],"replies":[{"embeddable":true,"href":"https:\/\/diarioabcdemichoacan.com.mx\/lasnoticias\/wp-json\/wp\/v2\/comments?post=83770"}],"version-history":[{"count":1,"href":"https:\/\/diarioabcdemichoacan.com.mx\/lasnoticias\/wp-json\/wp\/v2\/posts\/83770\/revisions"}],"predecessor-version":[{"id":83772,"href":"https:\/\/diarioabcdemichoacan.com.mx\/lasnoticias\/wp-json\/wp\/v2\/posts\/83770\/revisions\/83772"}],"wp:featuredmedia":[{"embeddable":true,"href":"https:\/\/diarioabcdemichoacan.com.mx\/lasnoticias\/wp-json\/wp\/v2\/media\/83771"}],"wp:attachment":[{"href":"https:\/\/diarioabcdemichoacan.com.mx\/lasnoticias\/wp-json\/wp\/v2\/media?parent=83770"}],"wp:term":[{"taxonomy":"category","embeddable":true,"href":"https:\/\/diarioabcdemichoacan.com.mx\/lasnoticias\/wp-json\/wp\/v2\/categories?post=83770"},{"taxonomy":"post_tag","embeddable":true,"href":"https:\/\/diarioabcdemichoacan.com.mx\/lasnoticias\/wp-json\/wp\/v2\/tags?post=83770"}],"curies":[{"name":"wp","href":"https:\/\/api.w.org\/{rel}","templated":true}]}}