{"id":83779,"date":"2026-08-29T21:26:03","date_gmt":"2026-08-30T03:26:03","guid":{"rendered":"https:\/\/diarioabcdemichoacan.com.mx\/lasnoticias\/?p=83779"},"modified":"2026-08-31T21:27:03","modified_gmt":"2026-09-01T03:27:03","slug":"morebus-transformara-la-movilidad-de-morelia-bajo-estandares-internacionales-de-onu-habitat-bedolla","status":"publish","type":"post","link":"https:\/\/diarioabcdemichoacan.com.mx\/lasnoticias\/morebus-transformara-la-movilidad-de-morelia-bajo-estandares-internacionales-de-onu-habitat-bedolla\/","title":{"rendered":"Moreb\u00fas transformar\u00e1 la movilidad de Morelia bajo est\u00e1ndares internacionales de ONU-Habitat: Bedolla"},"content":{"rendered":"<p>Morelia, Michoac\u00e1n, 29 de agosto de 2026.- Con el objetivo de transformar la movilidad urbana y elevar la calidad de vida de la poblaci\u00f3n, el gobernador Alfredo Ram\u00edrez Bedolla se\u00f1al\u00f3 que el nuevo sistema de transporte Moreb\u00fas, es un proyecto que se encuentra alineado con el modelo de desarrollo urbano sostenible y eficiente de ONU-Habitat.<\/p>\n<p>Ram\u00edrez Bedolla detall\u00f3 que, siguiendo los est\u00e1ndares y recomendaciones de dicho organismo internacional, el Moreb\u00fas se consolidar\u00e1 como un modelo ideal de transporte para zonas urbanas con una densidad demogr\u00e1fica de un mill\u00f3n de habitantes, como es el caso de la capital michoacana.<\/p><div id=\"diari-2935562993\" class=\"diari-contenido diari-entity-placement\"><img loading=\"lazy\" decoding=\"async\" src=\"https:\/\/diarioabcdemichoacan.com.mx\/lasnoticias\/wp-content\/uploads\/2024\/07\/WhatsApp-Image-2024-05-07-at-10.12.40-a.m.jpeg\" alt=\"\"  srcset=\"https:\/\/diarioabcdemichoacan.com.mx\/lasnoticias\/wp-content\/uploads\/2024\/07\/WhatsApp-Image-2024-05-07-at-10.12.40-a.m.jpeg 400w, https:\/\/diarioabcdemichoacan.com.mx\/lasnoticias\/wp-content\/uploads\/2024\/07\/WhatsApp-Image-2024-05-07-at-10.12.40-a.m-150x150.jpeg 150w, https:\/\/diarioabcdemichoacan.com.mx\/lasnoticias\/wp-content\/uploads\/2024\/07\/WhatsApp-Image-2024-05-07-at-10.12.40-a.m-300x300.jpeg 300w\" sizes=\"(max-width: 400px) 100vw, 400px\" width=\"400\" height=\"400\"  style=\"display: inline-block;\" \/><\/div>\n<p>El mandatario estatal destac\u00f3 las caracter\u00edsticas clave que estructuran este nuevo sistema, integrado por 74 unidades completamente nuevas y una red de estaciones distribuidas estrat\u00e9gicamente en el trayecto que va desde la salida a Cuto de la Esperanza hasta el monumento a L\u00e1zaro C\u00e1rdenas.<\/p>\n<p>Resalt\u00f3 que el Moreb\u00fas representar\u00e1 una reducci\u00f3n significativa en los tiempos de traslado para m\u00e1s de 80 mil habitantes al d\u00eda de la zona Poniente.<\/p>\n<p>Adem\u00e1s, la infraestructura que comprende dicho sistema se encuentra dise\u00f1ada bajo el principio de accesibilidad universal, garantizando que personas con discapacidad se desplacen de manera digna, segura y aut\u00f3noma.<\/p>\n","protected":false},"excerpt":{"rendered":"<p>Morelia, Michoac\u00e1n, 29 de agosto de 2026.- Con el objetivo de transformar la movilidad urbana y elevar la calidad de vida de la poblaci\u00f3n, el gobernador Alfredo Ram\u00edrez Bedolla se\u00f1al\u00f3 que el nuevo sistema de transporte Moreb\u00fas, es un proyecto que se encuentra alineado con el modelo de desarrollo urbano sostenible y eficiente de ONU-Habitat. [&hellip;]<\/p>\n","protected":false},"author":6,"featured_media":83780,"comment_status":"closed","ping_status":"closed","sticky":false,"template":"","format":"standard","meta":{"footnotes":""},"categories":[10,17],"tags":[],"class_list":["post-83779","post","type-post","status-publish","format-standard","has-post-thumbnail","category-estado","category-gobierno-de-michoacan"],"yoast_head":"<!-- This site is optimized with the Yoast SEO plugin v28.4 - https:\/\/yoast.com\/product\/yoast-seo-wordpress\/ -->\n<title>Moreb\u00fas transformar\u00e1 la movilidad de Morelia bajo est\u00e1ndares internacionales de ONU-Habitat: Bedolla - Diario ABC de Michoac\u00e1n<\/title>\n<meta name=\"robots\" content=\"index, follow, max-snippet:-1, max-image-preview:large, max-video-preview:-1\" \/>\n<link rel=\"canonical\" href=\"https:\/\/diarioabcdemichoacan.com.mx\/lasnoticias\/morebus-transformara-la-movilidad-de-morelia-bajo-estandares-internacionales-de-onu-habitat-bedolla\/\" \/>\n<meta property=\"og:locale\" content=\"es_ES\" \/>\n<meta property=\"og:type\" content=\"article\" \/>\n<meta property=\"og:title\" content=\"Moreb\u00fas transformar\u00e1 la movilidad de Morelia bajo est\u00e1ndares internacionales de ONU-Habitat: Bedolla - Diario ABC de Michoac\u00e1n\" \/>\n<meta property=\"og:description\" content=\"Morelia, Michoac\u00e1n, 29 de agosto de 2026.- Con el objetivo de transformar la movilidad urbana y elevar la calidad de vida de la poblaci\u00f3n, el gobernador Alfredo Ram\u00edrez Bedolla se\u00f1al\u00f3 que el nuevo sistema de transporte Moreb\u00fas, es un proyecto que se encuentra alineado con el modelo de desarrollo urbano sostenible y eficiente de ONU-Habitat. [&hellip;]\" \/>\n<meta property=\"og:url\" content=\"https:\/\/diarioabcdemichoacan.com.mx\/lasnoticias\/morebus-transformara-la-movilidad-de-morelia-bajo-estandares-internacionales-de-onu-habitat-bedolla\/\" \/>\n<meta property=\"og:site_name\" content=\"Diario ABC de Michoac\u00e1n\" \/>\n<meta property=\"article:published_time\" content=\"2026-08-30T03:26:03+00:00\" \/>\n<meta property=\"article:modified_time\" content=\"2026-09-01T03:27:03+00:00\" \/>\n<meta property=\"og:image\" content=\"https:\/\/diarioabcdemichoacan.com.mx\/lasnoticias\/wp-content\/uploads\/2026\/08\/668a7dd0-4e55-4176-9130-6f669c6133cb.jpg\" \/>\n\t<meta property=\"og:image:width\" content=\"1600\" \/>\n\t<meta property=\"og:image:height\" content=\"1066\" \/>\n\t<meta property=\"og:image:type\" content=\"image\/jpeg\" \/>\n<meta name=\"author\" content=\"MB\" \/>\n<meta name=\"twitter:card\" content=\"summary_large_image\" \/>\n<meta name=\"twitter:label1\" content=\"Escrito por\" \/>\n\t<meta name=\"twitter:data1\" content=\"MB\" \/>\n\t<meta name=\"twitter:label2\" content=\"Tiempo de lectura\" \/>\n\t<meta name=\"twitter:data2\" content=\"2 minutos\" \/>\n<script type=\"application\/ld+json\" class=\"yoast-schema-graph\">{\"@context\":\"https:\\\/\\\/schema.org\",\"@graph\":[{\"@type\":\"Article\",\"@id\":\"https:\\\/\\\/diarioabcdemichoacan.com.mx\\\/lasnoticias\\\/morebus-transformara-la-movilidad-de-morelia-bajo-estandares-internacionales-de-onu-habitat-bedolla\\\/#article\",\"isPartOf\":{\"@id\":\"https:\\\/\\\/diarioabcdemichoacan.com.mx\\\/lasnoticias\\\/morebus-transformara-la-movilidad-de-morelia-bajo-estandares-internacionales-de-onu-habitat-bedolla\\\/\"},\"author\":{\"name\":\"MB\",\"@id\":\"https:\\\/\\\/diarioabcdemichoacan.com.mx\\\/lasnoticias\\\/#\\\/schema\\\/person\\\/0546f9c3407148f7452ca932715c5e88\"},\"headline\":\"Moreb\u00fas transformar\u00e1 la movilidad de Morelia bajo est\u00e1ndares internacionales de ONU-Habitat: Bedolla\",\"datePublished\":\"2026-08-30T03:26:03+00:00\",\"dateModified\":\"2026-09-01T03:27:03+00:00\",\"mainEntityOfPage\":{\"@id\":\"https:\\\/\\\/diarioabcdemichoacan.com.mx\\\/lasnoticias\\\/morebus-transformara-la-movilidad-de-morelia-bajo-estandares-internacionales-de-onu-habitat-bedolla\\\/\"},\"wordCount\":228,\"image\":{\"@id\":\"https:\\\/\\\/diarioabcdemichoacan.com.mx\\\/lasnoticias\\\/morebus-transformara-la-movilidad-de-morelia-bajo-estandares-internacionales-de-onu-habitat-bedolla\\\/#primaryimage\"},\"thumbnailUrl\":\"https:\\\/\\\/diarioabcdemichoacan.com.mx\\\/lasnoticias\\\/wp-content\\\/uploads\\\/2026\\\/08\\\/668a7dd0-4e55-4176-9130-6f669c6133cb.jpg\",\"articleSection\":[\"Estado\",\"Gobierno de Michoac\u00e1n\"],\"inLanguage\":\"es\"},{\"@type\":\"WebPage\",\"@id\":\"https:\\\/\\\/diarioabcdemichoacan.com.mx\\\/lasnoticias\\\/morebus-transformara-la-movilidad-de-morelia-bajo-estandares-internacionales-de-onu-habitat-bedolla\\\/\",\"url\":\"https:\\\/\\\/diarioabcdemichoacan.com.mx\\\/lasnoticias\\\/morebus-transformara-la-movilidad-de-morelia-bajo-estandares-internacionales-de-onu-habitat-bedolla\\\/\",\"name\":\"Moreb\u00fas transformar\u00e1 la movilidad de Morelia bajo est\u00e1ndares internacionales de ONU-Habitat: Bedolla - Diario ABC de Michoac\u00e1n\",\"isPartOf\":{\"@id\":\"https:\\\/\\\/diarioabcdemichoacan.com.mx\\\/lasnoticias\\\/#website\"},\"primaryImageOfPage\":{\"@id\":\"https:\\\/\\\/diarioabcdemichoacan.com.mx\\\/lasnoticias\\\/morebus-transformara-la-movilidad-de-morelia-bajo-estandares-internacionales-de-onu-habitat-bedolla\\\/#primaryimage\"},\"image\":{\"@id\":\"https:\\\/\\\/diarioabcdemichoacan.com.mx\\\/lasnoticias\\\/morebus-transformara-la-movilidad-de-morelia-bajo-estandares-internacionales-de-onu-habitat-bedolla\\\/#primaryimage\"},\"thumbnailUrl\":\"https:\\\/\\\/diarioabcdemichoacan.com.mx\\\/lasnoticias\\\/wp-content\\\/uploads\\\/2026\\\/08\\\/668a7dd0-4e55-4176-9130-6f669c6133cb.jpg\",\"datePublished\":\"2026-08-30T03:26:03+00:00\",\"dateModified\":\"2026-09-01T03:27:03+00:00\",\"author\":{\"@id\":\"https:\\\/\\\/diarioabcdemichoacan.com.mx\\\/lasnoticias\\\/#\\\/schema\\\/person\\\/0546f9c3407148f7452ca932715c5e88\"},\"breadcrumb\":{\"@id\":\"https:\\\/\\\/diarioabcdemichoacan.com.mx\\\/lasnoticias\\\/morebus-transformara-la-movilidad-de-morelia-bajo-estandares-internacionales-de-onu-habitat-bedolla\\\/#breadcrumb\"},\"inLanguage\":\"es\",\"potentialAction\":[{\"@type\":\"ReadAction\",\"target\":[\"https:\\\/\\\/diarioabcdemichoacan.com.mx\\\/lasnoticias\\\/morebus-transformara-la-movilidad-de-morelia-bajo-estandares-internacionales-de-onu-habitat-bedolla\\\/\"]}]},{\"@type\":\"ImageObject\",\"inLanguage\":\"es\",\"@id\":\"https:\\\/\\\/diarioabcdemichoacan.com.mx\\\/lasnoticias\\\/morebus-transformara-la-movilidad-de-morelia-bajo-estandares-internacionales-de-onu-habitat-bedolla\\\/#primaryimage\",\"url\":\"https:\\\/\\\/diarioabcdemichoacan.com.mx\\\/lasnoticias\\\/wp-content\\\/uploads\\\/2026\\\/08\\\/668a7dd0-4e55-4176-9130-6f669c6133cb.jpg\",\"contentUrl\":\"https:\\\/\\\/diarioabcdemichoacan.com.mx\\\/lasnoticias\\\/wp-content\\\/uploads\\\/2026\\\/08\\\/668a7dd0-4e55-4176-9130-6f669c6133cb.jpg\",\"width\":1600,\"height\":1066},{\"@type\":\"BreadcrumbList\",\"@id\":\"https:\\\/\\\/diarioabcdemichoacan.com.mx\\\/lasnoticias\\\/morebus-transformara-la-movilidad-de-morelia-bajo-estandares-internacionales-de-onu-habitat-bedolla\\\/#breadcrumb\",\"itemListElement\":[{\"@type\":\"ListItem\",\"position\":1,\"name\":\"Portada\",\"item\":\"https:\\\/\\\/diarioabcdemichoacan.com.mx\\\/lasnoticias\\\/\"},{\"@type\":\"ListItem\",\"position\":2,\"name\":\"Moreb\u00fas transformar\u00e1 la movilidad de Morelia bajo est\u00e1ndares internacionales de ONU-Habitat: Bedolla\"}]},{\"@type\":\"WebSite\",\"@id\":\"https:\\\/\\\/diarioabcdemichoacan.com.mx\\\/lasnoticias\\\/#website\",\"url\":\"https:\\\/\\\/diarioabcdemichoacan.com.mx\\\/lasnoticias\\\/\",\"name\":\"Diario ABC de Michoac\u00e1n\",\"description\":\"Las noticias al momento\",\"potentialAction\":[{\"@type\":\"SearchAction\",\"target\":{\"@type\":\"EntryPoint\",\"urlTemplate\":\"https:\\\/\\\/diarioabcdemichoacan.com.mx\\\/lasnoticias\\\/?s={search_term_string}\"},\"query-input\":{\"@type\":\"PropertyValueSpecification\",\"valueRequired\":true,\"valueName\":\"search_term_string\"}}],\"inLanguage\":\"es\"},{\"@type\":\"Person\",\"@id\":\"https:\\\/\\\/diarioabcdemichoacan.com.mx\\\/lasnoticias\\\/#\\\/schema\\\/person\\\/0546f9c3407148f7452ca932715c5e88\",\"name\":\"MB\",\"image\":{\"@type\":\"ImageObject\",\"inLanguage\":\"es\",\"@id\":\"https:\\\/\\\/secure.gravatar.com\\\/avatar\\\/ac036f018f6a8431a5687a020efaf39d914da6a3fc78ce6029ab7ae29c5130e2?s=96&d=mm&r=g\",\"url\":\"https:\\\/\\\/secure.gravatar.com\\\/avatar\\\/ac036f018f6a8431a5687a020efaf39d914da6a3fc78ce6029ab7ae29c5130e2?s=96&d=mm&r=g\",\"contentUrl\":\"https:\\\/\\\/secure.gravatar.com\\\/avatar\\\/ac036f018f6a8431a5687a020efaf39d914da6a3fc78ce6029ab7ae29c5130e2?s=96&d=mm&r=g\",\"caption\":\"MB\"},\"url\":\"https:\\\/\\\/diarioabcdemichoacan.com.mx\\\/lasnoticias\\\/author\\\/bomariano03\\\/\"}]}<\/script>\n<!-- \/ Yoast SEO plugin. -->","yoast_head_json":{"title":"Moreb\u00fas transformar\u00e1 la movilidad de Morelia bajo est\u00e1ndares internacionales de ONU-Habitat: Bedolla - Diario ABC de Michoac\u00e1n","robots":{"index":"index","follow":"follow","max-snippet":"max-snippet:-1","max-image-preview":"max-image-preview:large","max-video-preview":"max-video-preview:-1"},"canonical":"https:\/\/diarioabcdemichoacan.com.mx\/lasnoticias\/morebus-transformara-la-movilidad-de-morelia-bajo-estandares-internacionales-de-onu-habitat-bedolla\/","og_locale":"es_ES","og_type":"article","og_title":"Moreb\u00fas transformar\u00e1 la movilidad de Morelia bajo est\u00e1ndares internacionales de ONU-Habitat: Bedolla - Diario ABC de Michoac\u00e1n","og_description":"Morelia, Michoac\u00e1n, 29 de agosto de 2026.- Con el objetivo de transformar la movilidad urbana y elevar la calidad de vida de la poblaci\u00f3n, el gobernador Alfredo Ram\u00edrez Bedolla se\u00f1al\u00f3 que el nuevo sistema de transporte Moreb\u00fas, es un proyecto que se encuentra alineado con el modelo de desarrollo urbano sostenible y eficiente de ONU-Habitat. [&hellip;]","og_url":"https:\/\/diarioabcdemichoacan.com.mx\/lasnoticias\/morebus-transformara-la-movilidad-de-morelia-bajo-estandares-internacionales-de-onu-habitat-bedolla\/","og_site_name":"Diario ABC de Michoac\u00e1n","article_published_time":"2026-08-30T03:26:03+00:00","article_modified_time":"2026-09-01T03:27:03+00:00","og_image":[{"width":1600,"height":1066,"url":"https:\/\/diarioabcdemichoacan.com.mx\/lasnoticias\/wp-content\/uploads\/2026\/08\/668a7dd0-4e55-4176-9130-6f669c6133cb.jpg","type":"image\/jpeg"}],"author":"MB","twitter_card":"summary_large_image","twitter_misc":{"Escrito por":"MB","Tiempo de lectura":"2 minutos"},"schema":{"@context":"https:\/\/schema.org","@graph":[{"@type":"Article","@id":"https:\/\/diarioabcdemichoacan.com.mx\/lasnoticias\/morebus-transformara-la-movilidad-de-morelia-bajo-estandares-internacionales-de-onu-habitat-bedolla\/#article","isPartOf":{"@id":"https:\/\/diarioabcdemichoacan.com.mx\/lasnoticias\/morebus-transformara-la-movilidad-de-morelia-bajo-estandares-internacionales-de-onu-habitat-bedolla\/"},"author":{"name":"MB","@id":"https:\/\/diarioabcdemichoacan.com.mx\/lasnoticias\/#\/schema\/person\/0546f9c3407148f7452ca932715c5e88"},"headline":"Moreb\u00fas transformar\u00e1 la movilidad de Morelia bajo est\u00e1ndares internacionales de ONU-Habitat: Bedolla","datePublished":"2026-08-30T03:26:03+00:00","dateModified":"2026-09-01T03:27:03+00:00","mainEntityOfPage":{"@id":"https:\/\/diarioabcdemichoacan.com.mx\/lasnoticias\/morebus-transformara-la-movilidad-de-morelia-bajo-estandares-internacionales-de-onu-habitat-bedolla\/"},"wordCount":228,"image":{"@id":"https:\/\/diarioabcdemichoacan.com.mx\/lasnoticias\/morebus-transformara-la-movilidad-de-morelia-bajo-estandares-internacionales-de-onu-habitat-bedolla\/#primaryimage"},"thumbnailUrl":"https:\/\/diarioabcdemichoacan.com.mx\/lasnoticias\/wp-content\/uploads\/2026\/08\/668a7dd0-4e55-4176-9130-6f669c6133cb.jpg","articleSection":["Estado","Gobierno de Michoac\u00e1n"],"inLanguage":"es"},{"@type":"WebPage","@id":"https:\/\/diarioabcdemichoacan.com.mx\/lasnoticias\/morebus-transformara-la-movilidad-de-morelia-bajo-estandares-internacionales-de-onu-habitat-bedolla\/","url":"https:\/\/diarioabcdemichoacan.com.mx\/lasnoticias\/morebus-transformara-la-movilidad-de-morelia-bajo-estandares-internacionales-de-onu-habitat-bedolla\/","name":"Moreb\u00fas transformar\u00e1 la movilidad de Morelia bajo est\u00e1ndares internacionales de ONU-Habitat: Bedolla - Diario ABC de Michoac\u00e1n","isPartOf":{"@id":"https:\/\/diarioabcdemichoacan.com.mx\/lasnoticias\/#website"},"primaryImageOfPage":{"@id":"https:\/\/diarioabcdemichoacan.com.mx\/lasnoticias\/morebus-transformara-la-movilidad-de-morelia-bajo-estandares-internacionales-de-onu-habitat-bedolla\/#primaryimage"},"image":{"@id":"https:\/\/diarioabcdemichoacan.com.mx\/lasnoticias\/morebus-transformara-la-movilidad-de-morelia-bajo-estandares-internacionales-de-onu-habitat-bedolla\/#primaryimage"},"thumbnailUrl":"https:\/\/diarioabcdemichoacan.com.mx\/lasnoticias\/wp-content\/uploads\/2026\/08\/668a7dd0-4e55-4176-9130-6f669c6133cb.jpg","datePublished":"2026-08-30T03:26:03+00:00","dateModified":"2026-09-01T03:27:03+00:00","author":{"@id":"https:\/\/diarioabcdemichoacan.com.mx\/lasnoticias\/#\/schema\/person\/0546f9c3407148f7452ca932715c5e88"},"breadcrumb":{"@id":"https:\/\/diarioabcdemichoacan.com.mx\/lasnoticias\/morebus-transformara-la-movilidad-de-morelia-bajo-estandares-internacionales-de-onu-habitat-bedolla\/#breadcrumb"},"inLanguage":"es","potentialAction":[{"@type":"ReadAction","target":["https:\/\/diarioabcdemichoacan.com.mx\/lasnoticias\/morebus-transformara-la-movilidad-de-morelia-bajo-estandares-internacionales-de-onu-habitat-bedolla\/"]}]},{"@type":"ImageObject","inLanguage":"es","@id":"https:\/\/diarioabcdemichoacan.com.mx\/lasnoticias\/morebus-transformara-la-movilidad-de-morelia-bajo-estandares-internacionales-de-onu-habitat-bedolla\/#primaryimage","url":"https:\/\/diarioabcdemichoacan.com.mx\/lasnoticias\/wp-content\/uploads\/2026\/08\/668a7dd0-4e55-4176-9130-6f669c6133cb.jpg","contentUrl":"https:\/\/diarioabcdemichoacan.com.mx\/lasnoticias\/wp-content\/uploads\/2026\/08\/668a7dd0-4e55-4176-9130-6f669c6133cb.jpg","width":1600,"height":1066},{"@type":"BreadcrumbList","@id":"https:\/\/diarioabcdemichoacan.com.mx\/lasnoticias\/morebus-transformara-la-movilidad-de-morelia-bajo-estandares-internacionales-de-onu-habitat-bedolla\/#breadcrumb","itemListElement":[{"@type":"ListItem","position":1,"name":"Portada","item":"https:\/\/diarioabcdemichoacan.com.mx\/lasnoticias\/"},{"@type":"ListItem","position":2,"name":"Moreb\u00fas transformar\u00e1 la movilidad de Morelia bajo est\u00e1ndares internacionales de ONU-Habitat: Bedolla"}]},{"@type":"WebSite","@id":"https:\/\/diarioabcdemichoacan.com.mx\/lasnoticias\/#website","url":"https:\/\/diarioabcdemichoacan.com.mx\/lasnoticias\/","name":"Diario ABC de Michoac\u00e1n","description":"Las noticias al momento","potentialAction":[{"@type":"SearchAction","target":{"@type":"EntryPoint","urlTemplate":"https:\/\/diarioabcdemichoacan.com.mx\/lasnoticias\/?s={search_term_string}"},"query-input":{"@type":"PropertyValueSpecification","valueRequired":true,"valueName":"search_term_string"}}],"inLanguage":"es"},{"@type":"Person","@id":"https:\/\/diarioabcdemichoacan.com.mx\/lasnoticias\/#\/schema\/person\/0546f9c3407148f7452ca932715c5e88","name":"MB","image":{"@type":"ImageObject","inLanguage":"es","@id":"https:\/\/secure.gravatar.com\/avatar\/ac036f018f6a8431a5687a020efaf39d914da6a3fc78ce6029ab7ae29c5130e2?s=96&d=mm&r=g","url":"https:\/\/secure.gravatar.com\/avatar\/ac036f018f6a8431a5687a020efaf39d914da6a3fc78ce6029ab7ae29c5130e2?s=96&d=mm&r=g","contentUrl":"https:\/\/secure.gravatar.com\/avatar\/ac036f018f6a8431a5687a020efaf39d914da6a3fc78ce6029ab7ae29c5130e2?s=96&d=mm&r=g","caption":"MB"},"url":"https:\/\/diarioabcdemichoacan.com.mx\/lasnoticias\/author\/bomariano03\/"}]}},"_links":{"self":[{"href":"https:\/\/diarioabcdemichoacan.com.mx\/lasnoticias\/wp-json\/wp\/v2\/posts\/83779","targetHints":{"allow":["GET"]}}],"collection":[{"href":"https:\/\/diarioabcdemichoacan.com.mx\/lasnoticias\/wp-json\/wp\/v2\/posts"}],"about":[{"href":"https:\/\/diarioabcdemichoacan.com.mx\/lasnoticias\/wp-json\/wp\/v2\/types\/post"}],"author":[{"embeddable":true,"href":"https:\/\/diarioabcdemichoacan.com.mx\/lasnoticias\/wp-json\/wp\/v2\/users\/6"}],"replies":[{"embeddable":true,"href":"https:\/\/diarioabcdemichoacan.com.mx\/lasnoticias\/wp-json\/wp\/v2\/comments?post=83779"}],"version-history":[{"count":1,"href":"https:\/\/diarioabcdemichoacan.com.mx\/lasnoticias\/wp-json\/wp\/v2\/posts\/83779\/revisions"}],"predecessor-version":[{"id":83781,"href":"https:\/\/diarioabcdemichoacan.com.mx\/lasnoticias\/wp-json\/wp\/v2\/posts\/83779\/revisions\/83781"}],"wp:featuredmedia":[{"embeddable":true,"href":"https:\/\/diarioabcdemichoacan.com.mx\/lasnoticias\/wp-json\/wp\/v2\/media\/83780"}],"wp:attachment":[{"href":"https:\/\/diarioabcdemichoacan.com.mx\/lasnoticias\/wp-json\/wp\/v2\/media?parent=83779"}],"wp:term":[{"taxonomy":"category","embeddable":true,"href":"https:\/\/diarioabcdemichoacan.com.mx\/lasnoticias\/wp-json\/wp\/v2\/categories?post=83779"},{"taxonomy":"post_tag","embeddable":true,"href":"https:\/\/diarioabcdemichoacan.com.mx\/lasnoticias\/wp-json\/wp\/v2\/tags?post=83779"}],"curies":[{"name":"wp","href":"https:\/\/api.w.org\/{rel}","templated":true}]}}