{"id":83785,"date":"2026-08-29T21:28:15","date_gmt":"2026-08-30T03:28:15","guid":{"rendered":"https:\/\/diarioabcdemichoacan.com.mx\/lasnoticias\/?p=83785"},"modified":"2026-08-31T21:28:55","modified_gmt":"2026-09-01T03:28:55","slug":"a-partir-del-lunes-31-de-agosto-restablecera-la-circulacion-habitual-en-la-zona-del-obelisco","status":"publish","type":"post","link":"https:\/\/diarioabcdemichoacan.com.mx\/lasnoticias\/a-partir-del-lunes-31-de-agosto-restablecera-la-circulacion-habitual-en-la-zona-del-obelisco\/","title":{"rendered":"A partir del lunes 31 de agosto restablecer\u00e1 la circulaci\u00f3n habitual en la zona del Obelisco"},"content":{"rendered":"<p>Tras concluir las obras con maquinaria pesada de la estaci\u00f3n 4 del telef\u00e9rico y el carril del Moreb\u00fas<\/p>\n<hr \/>\n<p>Morelia, Michoac\u00e1n, 29 de agosto de 2026.- La Secretar\u00eda de Desarrollo Urbano y Movilidad (Sedum) informa que, a partir del pr\u00f3ximo lunes 31 de agosto, se reanudar\u00e1 de forma regular la circulaci\u00f3n vehicular en la intersecci\u00f3n de calzada La Huerta y avenida Madero Poniente, tras concluir de manera satisfactoria los trabajos con maquinaria pesada correspondientes a la construcci\u00f3n de la estaci\u00f3n 4 \u201cObelisco\u201d del telef\u00e9rico de Morelia y el carril confinado del Moreb\u00fas.<\/p><div id=\"diari-3794138008\" class=\"diari-contenido diari-entity-placement\"><img loading=\"lazy\" decoding=\"async\" src=\"https:\/\/diarioabcdemichoacan.com.mx\/lasnoticias\/wp-content\/uploads\/2024\/07\/WhatsApp-Image-2024-05-07-at-10.12.40-a.m.jpeg\" alt=\"\"  srcset=\"https:\/\/diarioabcdemichoacan.com.mx\/lasnoticias\/wp-content\/uploads\/2024\/07\/WhatsApp-Image-2024-05-07-at-10.12.40-a.m.jpeg 400w, https:\/\/diarioabcdemichoacan.com.mx\/lasnoticias\/wp-content\/uploads\/2024\/07\/WhatsApp-Image-2024-05-07-at-10.12.40-a.m-150x150.jpeg 150w, https:\/\/diarioabcdemichoacan.com.mx\/lasnoticias\/wp-content\/uploads\/2024\/07\/WhatsApp-Image-2024-05-07-at-10.12.40-a.m-300x300.jpeg 300w\" sizes=\"(max-width: 400px) 100vw, 400px\" width=\"400\" height=\"400\"  style=\"display: inline-block;\" \/><\/div>\n<p>La titular de la dependencia, Mar\u00eda Elena Huerta, explic\u00f3 que el retiro de la maquinaria pesada mejorar\u00e1 la circulaci\u00f3n para veh\u00edculos particulares y transporte p\u00fablico, al tiempo que continuar\u00e1n los trabajos correspondientes al carril confinado del Moreb\u00fas en la zona, por lo que se mantendr\u00e1 se\u00f1alizaci\u00f3n preventiva y presencia de personal para orientar a los conductores.<\/p>\n<p>Con esta reapertura, quienes circulen sobre avenida Madero Poniente en direcci\u00f3n hacia el Centro retomar\u00e1n el esquema de circulaci\u00f3n que se ten\u00eda previo a la intervenci\u00f3n de los trabajos.<\/p>\n<p>Asimismo, como parte de los ajustes viales en la zona, se elimin\u00f3 la vuelta a la izquierda en la intersecci\u00f3n de calzada La Huerta y avenida Madero Poniente. Se recomienda a los automovilistas que circulan por La Huerta hacia Tres Puentes utilizar la calle Juan Manuel Pantoja, habilitada en doble sentido frente al Poder Judicial, continuar por Jes\u00fas Sol\u00f3rzano y reincorporarse a avenida Madero. Esta alternativa vial permitir\u00e1 distribuir el flujo vehicular y reducir los puntos de conflicto en el \u00e1rea.<\/p>\n<p>La Sedum se\u00f1al\u00f3 que los trabajos del telef\u00e9rico y del Moreb\u00fas continuar\u00e1n de manera simult\u00e1nea, con el objetivo de concluir las obras y habilitar progresivamente la configuraci\u00f3n vial definitiva. La dependencia hizo un llamado a las y los conductores a respetar la se\u00f1alizaci\u00f3n, los l\u00edmites de velocidad y las indicaciones del personal vial durante este periodo de transici\u00f3n.<\/p>\n<p>Finalmente, la secretaria destac\u00f3 que la nueva configuraci\u00f3n vial en la zona del Obelisco entrar\u00e1 en operaci\u00f3n una vez que se instalen los elementos necesarios para garantizar un tr\u00e1nsito seguro y ordenado, tales como nuevos sem\u00e1foros, delimitadores de carril y el balizamiento correspondiente sobre la carpeta asf\u00e1ltica.<\/p>\n<p><img loading=\"lazy\" decoding=\"async\" class=\"alignnone size-full wp-image-83786\" src=\"https:\/\/diarioabcdemichoacan.com.mx\/lasnoticias\/wp-content\/uploads\/2026\/08\/2f6bfe61-e8e6-471e-907d-3da9736a9657.jpg\" alt=\"\" width=\"1280\" height=\"1600\" srcset=\"https:\/\/diarioabcdemichoacan.com.mx\/lasnoticias\/wp-content\/uploads\/2026\/08\/2f6bfe61-e8e6-471e-907d-3da9736a9657.jpg 1280w, https:\/\/diarioabcdemichoacan.com.mx\/lasnoticias\/wp-content\/uploads\/2026\/08\/2f6bfe61-e8e6-471e-907d-3da9736a9657-400x500.jpg 400w, https:\/\/diarioabcdemichoacan.com.mx\/lasnoticias\/wp-content\/uploads\/2026\/08\/2f6bfe61-e8e6-471e-907d-3da9736a9657-819x1024.jpg 819w, https:\/\/diarioabcdemichoacan.com.mx\/lasnoticias\/wp-content\/uploads\/2026\/08\/2f6bfe61-e8e6-471e-907d-3da9736a9657-768x960.jpg 768w, https:\/\/diarioabcdemichoacan.com.mx\/lasnoticias\/wp-content\/uploads\/2026\/08\/2f6bfe61-e8e6-471e-907d-3da9736a9657-1229x1536.jpg 1229w, https:\/\/diarioabcdemichoacan.com.mx\/lasnoticias\/wp-content\/uploads\/2026\/08\/2f6bfe61-e8e6-471e-907d-3da9736a9657-336x420.jpg 336w, https:\/\/diarioabcdemichoacan.com.mx\/lasnoticias\/wp-content\/uploads\/2026\/08\/2f6bfe61-e8e6-471e-907d-3da9736a9657-150x188.jpg 150w, https:\/\/diarioabcdemichoacan.com.mx\/lasnoticias\/wp-content\/uploads\/2026\/08\/2f6bfe61-e8e6-471e-907d-3da9736a9657-300x375.jpg 300w, https:\/\/diarioabcdemichoacan.com.mx\/lasnoticias\/wp-content\/uploads\/2026\/08\/2f6bfe61-e8e6-471e-907d-3da9736a9657-696x870.jpg 696w, https:\/\/diarioabcdemichoacan.com.mx\/lasnoticias\/wp-content\/uploads\/2026\/08\/2f6bfe61-e8e6-471e-907d-3da9736a9657-1068x1335.jpg 1068w\" sizes=\"auto, (max-width: 1280px) 100vw, 1280px\" \/><\/p>\n<p>&nbsp;<\/p>\n","protected":false},"excerpt":{"rendered":"<p>Tras concluir las obras con maquinaria pesada de la estaci\u00f3n 4 del telef\u00e9rico y el carril del Moreb\u00fas Morelia, Michoac\u00e1n, 29 de agosto de 2026.- La Secretar\u00eda de Desarrollo Urbano y Movilidad (Sedum) informa que, a partir del pr\u00f3ximo lunes 31 de agosto, se reanudar\u00e1 de forma regular la circulaci\u00f3n vehicular en la intersecci\u00f3n de [&hellip;]<\/p>\n","protected":false},"author":6,"featured_media":83786,"comment_status":"closed","ping_status":"closed","sticky":false,"template":"","format":"standard","meta":{"footnotes":""},"categories":[10,17,7],"tags":[],"class_list":["post-83785","post","type-post","status-publish","format-standard","has-post-thumbnail","category-estado","category-gobierno-de-michoacan","category-morelia"],"yoast_head":"<!-- This site is optimized with the Yoast SEO plugin v28.4 - https:\/\/yoast.com\/product\/yoast-seo-wordpress\/ -->\n<title>A partir del lunes 31 de agosto restablecer\u00e1 la circulaci\u00f3n habitual en la zona del Obelisco - Diario ABC de Michoac\u00e1n<\/title>\n<meta name=\"robots\" content=\"index, follow, max-snippet:-1, max-image-preview:large, max-video-preview:-1\" \/>\n<link rel=\"canonical\" href=\"https:\/\/diarioabcdemichoacan.com.mx\/lasnoticias\/a-partir-del-lunes-31-de-agosto-restablecera-la-circulacion-habitual-en-la-zona-del-obelisco\/\" \/>\n<meta property=\"og:locale\" content=\"es_ES\" \/>\n<meta property=\"og:type\" content=\"article\" \/>\n<meta property=\"og:title\" content=\"A partir del lunes 31 de agosto restablecer\u00e1 la circulaci\u00f3n habitual en la zona del Obelisco - Diario ABC de Michoac\u00e1n\" \/>\n<meta property=\"og:description\" content=\"Tras concluir las obras con maquinaria pesada de la estaci\u00f3n 4 del telef\u00e9rico y el carril del Moreb\u00fas Morelia, Michoac\u00e1n, 29 de agosto de 2026.- La Secretar\u00eda de Desarrollo Urbano y Movilidad (Sedum) informa que, a partir del pr\u00f3ximo lunes 31 de agosto, se reanudar\u00e1 de forma regular la circulaci\u00f3n vehicular en la intersecci\u00f3n de [&hellip;]\" \/>\n<meta property=\"og:url\" content=\"https:\/\/diarioabcdemichoacan.com.mx\/lasnoticias\/a-partir-del-lunes-31-de-agosto-restablecera-la-circulacion-habitual-en-la-zona-del-obelisco\/\" \/>\n<meta property=\"og:site_name\" content=\"Diario ABC de Michoac\u00e1n\" \/>\n<meta property=\"article:published_time\" content=\"2026-08-30T03:28:15+00:00\" \/>\n<meta property=\"article:modified_time\" content=\"2026-09-01T03:28:55+00:00\" \/>\n<meta property=\"og:image\" content=\"https:\/\/diarioabcdemichoacan.com.mx\/lasnoticias\/wp-content\/uploads\/2026\/08\/2f6bfe61-e8e6-471e-907d-3da9736a9657.jpg\" \/>\n\t<meta property=\"og:image:width\" content=\"1280\" \/>\n\t<meta property=\"og:image:height\" content=\"1600\" \/>\n\t<meta property=\"og:image:type\" content=\"image\/jpeg\" \/>\n<meta name=\"author\" content=\"MB\" \/>\n<meta name=\"twitter:card\" content=\"summary_large_image\" \/>\n<meta name=\"twitter:label1\" content=\"Escrito por\" \/>\n\t<meta name=\"twitter:data1\" content=\"MB\" \/>\n\t<meta name=\"twitter:label2\" content=\"Tiempo de lectura\" \/>\n\t<meta name=\"twitter:data2\" content=\"3 minutos\" \/>\n<script type=\"application\/ld+json\" class=\"yoast-schema-graph\">{\"@context\":\"https:\\\/\\\/schema.org\",\"@graph\":[{\"@type\":\"Article\",\"@id\":\"https:\\\/\\\/diarioabcdemichoacan.com.mx\\\/lasnoticias\\\/a-partir-del-lunes-31-de-agosto-restablecera-la-circulacion-habitual-en-la-zona-del-obelisco\\\/#article\",\"isPartOf\":{\"@id\":\"https:\\\/\\\/diarioabcdemichoacan.com.mx\\\/lasnoticias\\\/a-partir-del-lunes-31-de-agosto-restablecera-la-circulacion-habitual-en-la-zona-del-obelisco\\\/\"},\"author\":{\"name\":\"MB\",\"@id\":\"https:\\\/\\\/diarioabcdemichoacan.com.mx\\\/lasnoticias\\\/#\\\/schema\\\/person\\\/0546f9c3407148f7452ca932715c5e88\"},\"headline\":\"A partir del lunes 31 de agosto restablecer\u00e1 la circulaci\u00f3n habitual en la zona del Obelisco\",\"datePublished\":\"2026-08-30T03:28:15+00:00\",\"dateModified\":\"2026-09-01T03:28:55+00:00\",\"mainEntityOfPage\":{\"@id\":\"https:\\\/\\\/diarioabcdemichoacan.com.mx\\\/lasnoticias\\\/a-partir-del-lunes-31-de-agosto-restablecera-la-circulacion-habitual-en-la-zona-del-obelisco\\\/\"},\"wordCount\":418,\"image\":{\"@id\":\"https:\\\/\\\/diarioabcdemichoacan.com.mx\\\/lasnoticias\\\/a-partir-del-lunes-31-de-agosto-restablecera-la-circulacion-habitual-en-la-zona-del-obelisco\\\/#primaryimage\"},\"thumbnailUrl\":\"https:\\\/\\\/diarioabcdemichoacan.com.mx\\\/lasnoticias\\\/wp-content\\\/uploads\\\/2026\\\/08\\\/2f6bfe61-e8e6-471e-907d-3da9736a9657.jpg\",\"articleSection\":[\"Estado\",\"Gobierno de Michoac\u00e1n\",\"Morelia\"],\"inLanguage\":\"es\"},{\"@type\":\"WebPage\",\"@id\":\"https:\\\/\\\/diarioabcdemichoacan.com.mx\\\/lasnoticias\\\/a-partir-del-lunes-31-de-agosto-restablecera-la-circulacion-habitual-en-la-zona-del-obelisco\\\/\",\"url\":\"https:\\\/\\\/diarioabcdemichoacan.com.mx\\\/lasnoticias\\\/a-partir-del-lunes-31-de-agosto-restablecera-la-circulacion-habitual-en-la-zona-del-obelisco\\\/\",\"name\":\"A partir del lunes 31 de agosto restablecer\u00e1 la circulaci\u00f3n habitual en la zona del Obelisco - Diario ABC de Michoac\u00e1n\",\"isPartOf\":{\"@id\":\"https:\\\/\\\/diarioabcdemichoacan.com.mx\\\/lasnoticias\\\/#website\"},\"primaryImageOfPage\":{\"@id\":\"https:\\\/\\\/diarioabcdemichoacan.com.mx\\\/lasnoticias\\\/a-partir-del-lunes-31-de-agosto-restablecera-la-circulacion-habitual-en-la-zona-del-obelisco\\\/#primaryimage\"},\"image\":{\"@id\":\"https:\\\/\\\/diarioabcdemichoacan.com.mx\\\/lasnoticias\\\/a-partir-del-lunes-31-de-agosto-restablecera-la-circulacion-habitual-en-la-zona-del-obelisco\\\/#primaryimage\"},\"thumbnailUrl\":\"https:\\\/\\\/diarioabcdemichoacan.com.mx\\\/lasnoticias\\\/wp-content\\\/uploads\\\/2026\\\/08\\\/2f6bfe61-e8e6-471e-907d-3da9736a9657.jpg\",\"datePublished\":\"2026-08-30T03:28:15+00:00\",\"dateModified\":\"2026-09-01T03:28:55+00:00\",\"author\":{\"@id\":\"https:\\\/\\\/diarioabcdemichoacan.com.mx\\\/lasnoticias\\\/#\\\/schema\\\/person\\\/0546f9c3407148f7452ca932715c5e88\"},\"breadcrumb\":{\"@id\":\"https:\\\/\\\/diarioabcdemichoacan.com.mx\\\/lasnoticias\\\/a-partir-del-lunes-31-de-agosto-restablecera-la-circulacion-habitual-en-la-zona-del-obelisco\\\/#breadcrumb\"},\"inLanguage\":\"es\",\"potentialAction\":[{\"@type\":\"ReadAction\",\"target\":[\"https:\\\/\\\/diarioabcdemichoacan.com.mx\\\/lasnoticias\\\/a-partir-del-lunes-31-de-agosto-restablecera-la-circulacion-habitual-en-la-zona-del-obelisco\\\/\"]}]},{\"@type\":\"ImageObject\",\"inLanguage\":\"es\",\"@id\":\"https:\\\/\\\/diarioabcdemichoacan.com.mx\\\/lasnoticias\\\/a-partir-del-lunes-31-de-agosto-restablecera-la-circulacion-habitual-en-la-zona-del-obelisco\\\/#primaryimage\",\"url\":\"https:\\\/\\\/diarioabcdemichoacan.com.mx\\\/lasnoticias\\\/wp-content\\\/uploads\\\/2026\\\/08\\\/2f6bfe61-e8e6-471e-907d-3da9736a9657.jpg\",\"contentUrl\":\"https:\\\/\\\/diarioabcdemichoacan.com.mx\\\/lasnoticias\\\/wp-content\\\/uploads\\\/2026\\\/08\\\/2f6bfe61-e8e6-471e-907d-3da9736a9657.jpg\",\"width\":1280,\"height\":1600},{\"@type\":\"BreadcrumbList\",\"@id\":\"https:\\\/\\\/diarioabcdemichoacan.com.mx\\\/lasnoticias\\\/a-partir-del-lunes-31-de-agosto-restablecera-la-circulacion-habitual-en-la-zona-del-obelisco\\\/#breadcrumb\",\"itemListElement\":[{\"@type\":\"ListItem\",\"position\":1,\"name\":\"Portada\",\"item\":\"https:\\\/\\\/diarioabcdemichoacan.com.mx\\\/lasnoticias\\\/\"},{\"@type\":\"ListItem\",\"position\":2,\"name\":\"A partir del lunes 31 de agosto restablecer\u00e1 la circulaci\u00f3n habitual en la zona del Obelisco\"}]},{\"@type\":\"WebSite\",\"@id\":\"https:\\\/\\\/diarioabcdemichoacan.com.mx\\\/lasnoticias\\\/#website\",\"url\":\"https:\\\/\\\/diarioabcdemichoacan.com.mx\\\/lasnoticias\\\/\",\"name\":\"Diario ABC de Michoac\u00e1n\",\"description\":\"Las noticias al momento\",\"potentialAction\":[{\"@type\":\"SearchAction\",\"target\":{\"@type\":\"EntryPoint\",\"urlTemplate\":\"https:\\\/\\\/diarioabcdemichoacan.com.mx\\\/lasnoticias\\\/?s={search_term_string}\"},\"query-input\":{\"@type\":\"PropertyValueSpecification\",\"valueRequired\":true,\"valueName\":\"search_term_string\"}}],\"inLanguage\":\"es\"},{\"@type\":\"Person\",\"@id\":\"https:\\\/\\\/diarioabcdemichoacan.com.mx\\\/lasnoticias\\\/#\\\/schema\\\/person\\\/0546f9c3407148f7452ca932715c5e88\",\"name\":\"MB\",\"image\":{\"@type\":\"ImageObject\",\"inLanguage\":\"es\",\"@id\":\"https:\\\/\\\/secure.gravatar.com\\\/avatar\\\/ac036f018f6a8431a5687a020efaf39d914da6a3fc78ce6029ab7ae29c5130e2?s=96&d=mm&r=g\",\"url\":\"https:\\\/\\\/secure.gravatar.com\\\/avatar\\\/ac036f018f6a8431a5687a020efaf39d914da6a3fc78ce6029ab7ae29c5130e2?s=96&d=mm&r=g\",\"contentUrl\":\"https:\\\/\\\/secure.gravatar.com\\\/avatar\\\/ac036f018f6a8431a5687a020efaf39d914da6a3fc78ce6029ab7ae29c5130e2?s=96&d=mm&r=g\",\"caption\":\"MB\"},\"url\":\"https:\\\/\\\/diarioabcdemichoacan.com.mx\\\/lasnoticias\\\/author\\\/bomariano03\\\/\"}]}<\/script>\n<!-- \/ Yoast SEO plugin. -->","yoast_head_json":{"title":"A partir del lunes 31 de agosto restablecer\u00e1 la circulaci\u00f3n habitual en la zona del Obelisco - Diario ABC de Michoac\u00e1n","robots":{"index":"index","follow":"follow","max-snippet":"max-snippet:-1","max-image-preview":"max-image-preview:large","max-video-preview":"max-video-preview:-1"},"canonical":"https:\/\/diarioabcdemichoacan.com.mx\/lasnoticias\/a-partir-del-lunes-31-de-agosto-restablecera-la-circulacion-habitual-en-la-zona-del-obelisco\/","og_locale":"es_ES","og_type":"article","og_title":"A partir del lunes 31 de agosto restablecer\u00e1 la circulaci\u00f3n habitual en la zona del Obelisco - Diario ABC de Michoac\u00e1n","og_description":"Tras concluir las obras con maquinaria pesada de la estaci\u00f3n 4 del telef\u00e9rico y el carril del Moreb\u00fas Morelia, Michoac\u00e1n, 29 de agosto de 2026.- La Secretar\u00eda de Desarrollo Urbano y Movilidad (Sedum) informa que, a partir del pr\u00f3ximo lunes 31 de agosto, se reanudar\u00e1 de forma regular la circulaci\u00f3n vehicular en la intersecci\u00f3n de [&hellip;]","og_url":"https:\/\/diarioabcdemichoacan.com.mx\/lasnoticias\/a-partir-del-lunes-31-de-agosto-restablecera-la-circulacion-habitual-en-la-zona-del-obelisco\/","og_site_name":"Diario ABC de Michoac\u00e1n","article_published_time":"2026-08-30T03:28:15+00:00","article_modified_time":"2026-09-01T03:28:55+00:00","og_image":[{"width":1280,"height":1600,"url":"https:\/\/diarioabcdemichoacan.com.mx\/lasnoticias\/wp-content\/uploads\/2026\/08\/2f6bfe61-e8e6-471e-907d-3da9736a9657.jpg","type":"image\/jpeg"}],"author":"MB","twitter_card":"summary_large_image","twitter_misc":{"Escrito por":"MB","Tiempo de lectura":"3 minutos"},"schema":{"@context":"https:\/\/schema.org","@graph":[{"@type":"Article","@id":"https:\/\/diarioabcdemichoacan.com.mx\/lasnoticias\/a-partir-del-lunes-31-de-agosto-restablecera-la-circulacion-habitual-en-la-zona-del-obelisco\/#article","isPartOf":{"@id":"https:\/\/diarioabcdemichoacan.com.mx\/lasnoticias\/a-partir-del-lunes-31-de-agosto-restablecera-la-circulacion-habitual-en-la-zona-del-obelisco\/"},"author":{"name":"MB","@id":"https:\/\/diarioabcdemichoacan.com.mx\/lasnoticias\/#\/schema\/person\/0546f9c3407148f7452ca932715c5e88"},"headline":"A partir del lunes 31 de agosto restablecer\u00e1 la circulaci\u00f3n habitual en la zona del Obelisco","datePublished":"2026-08-30T03:28:15+00:00","dateModified":"2026-09-01T03:28:55+00:00","mainEntityOfPage":{"@id":"https:\/\/diarioabcdemichoacan.com.mx\/lasnoticias\/a-partir-del-lunes-31-de-agosto-restablecera-la-circulacion-habitual-en-la-zona-del-obelisco\/"},"wordCount":418,"image":{"@id":"https:\/\/diarioabcdemichoacan.com.mx\/lasnoticias\/a-partir-del-lunes-31-de-agosto-restablecera-la-circulacion-habitual-en-la-zona-del-obelisco\/#primaryimage"},"thumbnailUrl":"https:\/\/diarioabcdemichoacan.com.mx\/lasnoticias\/wp-content\/uploads\/2026\/08\/2f6bfe61-e8e6-471e-907d-3da9736a9657.jpg","articleSection":["Estado","Gobierno de Michoac\u00e1n","Morelia"],"inLanguage":"es"},{"@type":"WebPage","@id":"https:\/\/diarioabcdemichoacan.com.mx\/lasnoticias\/a-partir-del-lunes-31-de-agosto-restablecera-la-circulacion-habitual-en-la-zona-del-obelisco\/","url":"https:\/\/diarioabcdemichoacan.com.mx\/lasnoticias\/a-partir-del-lunes-31-de-agosto-restablecera-la-circulacion-habitual-en-la-zona-del-obelisco\/","name":"A partir del lunes 31 de agosto restablecer\u00e1 la circulaci\u00f3n habitual en la zona del Obelisco - Diario ABC de Michoac\u00e1n","isPartOf":{"@id":"https:\/\/diarioabcdemichoacan.com.mx\/lasnoticias\/#website"},"primaryImageOfPage":{"@id":"https:\/\/diarioabcdemichoacan.com.mx\/lasnoticias\/a-partir-del-lunes-31-de-agosto-restablecera-la-circulacion-habitual-en-la-zona-del-obelisco\/#primaryimage"},"image":{"@id":"https:\/\/diarioabcdemichoacan.com.mx\/lasnoticias\/a-partir-del-lunes-31-de-agosto-restablecera-la-circulacion-habitual-en-la-zona-del-obelisco\/#primaryimage"},"thumbnailUrl":"https:\/\/diarioabcdemichoacan.com.mx\/lasnoticias\/wp-content\/uploads\/2026\/08\/2f6bfe61-e8e6-471e-907d-3da9736a9657.jpg","datePublished":"2026-08-30T03:28:15+00:00","dateModified":"2026-09-01T03:28:55+00:00","author":{"@id":"https:\/\/diarioabcdemichoacan.com.mx\/lasnoticias\/#\/schema\/person\/0546f9c3407148f7452ca932715c5e88"},"breadcrumb":{"@id":"https:\/\/diarioabcdemichoacan.com.mx\/lasnoticias\/a-partir-del-lunes-31-de-agosto-restablecera-la-circulacion-habitual-en-la-zona-del-obelisco\/#breadcrumb"},"inLanguage":"es","potentialAction":[{"@type":"ReadAction","target":["https:\/\/diarioabcdemichoacan.com.mx\/lasnoticias\/a-partir-del-lunes-31-de-agosto-restablecera-la-circulacion-habitual-en-la-zona-del-obelisco\/"]}]},{"@type":"ImageObject","inLanguage":"es","@id":"https:\/\/diarioabcdemichoacan.com.mx\/lasnoticias\/a-partir-del-lunes-31-de-agosto-restablecera-la-circulacion-habitual-en-la-zona-del-obelisco\/#primaryimage","url":"https:\/\/diarioabcdemichoacan.com.mx\/lasnoticias\/wp-content\/uploads\/2026\/08\/2f6bfe61-e8e6-471e-907d-3da9736a9657.jpg","contentUrl":"https:\/\/diarioabcdemichoacan.com.mx\/lasnoticias\/wp-content\/uploads\/2026\/08\/2f6bfe61-e8e6-471e-907d-3da9736a9657.jpg","width":1280,"height":1600},{"@type":"BreadcrumbList","@id":"https:\/\/diarioabcdemichoacan.com.mx\/lasnoticias\/a-partir-del-lunes-31-de-agosto-restablecera-la-circulacion-habitual-en-la-zona-del-obelisco\/#breadcrumb","itemListElement":[{"@type":"ListItem","position":1,"name":"Portada","item":"https:\/\/diarioabcdemichoacan.com.mx\/lasnoticias\/"},{"@type":"ListItem","position":2,"name":"A partir del lunes 31 de agosto restablecer\u00e1 la circulaci\u00f3n habitual en la zona del Obelisco"}]},{"@type":"WebSite","@id":"https:\/\/diarioabcdemichoacan.com.mx\/lasnoticias\/#website","url":"https:\/\/diarioabcdemichoacan.com.mx\/lasnoticias\/","name":"Diario ABC de Michoac\u00e1n","description":"Las noticias al momento","potentialAction":[{"@type":"SearchAction","target":{"@type":"EntryPoint","urlTemplate":"https:\/\/diarioabcdemichoacan.com.mx\/lasnoticias\/?s={search_term_string}"},"query-input":{"@type":"PropertyValueSpecification","valueRequired":true,"valueName":"search_term_string"}}],"inLanguage":"es"},{"@type":"Person","@id":"https:\/\/diarioabcdemichoacan.com.mx\/lasnoticias\/#\/schema\/person\/0546f9c3407148f7452ca932715c5e88","name":"MB","image":{"@type":"ImageObject","inLanguage":"es","@id":"https:\/\/secure.gravatar.com\/avatar\/ac036f018f6a8431a5687a020efaf39d914da6a3fc78ce6029ab7ae29c5130e2?s=96&d=mm&r=g","url":"https:\/\/secure.gravatar.com\/avatar\/ac036f018f6a8431a5687a020efaf39d914da6a3fc78ce6029ab7ae29c5130e2?s=96&d=mm&r=g","contentUrl":"https:\/\/secure.gravatar.com\/avatar\/ac036f018f6a8431a5687a020efaf39d914da6a3fc78ce6029ab7ae29c5130e2?s=96&d=mm&r=g","caption":"MB"},"url":"https:\/\/diarioabcdemichoacan.com.mx\/lasnoticias\/author\/bomariano03\/"}]}},"_links":{"self":[{"href":"https:\/\/diarioabcdemichoacan.com.mx\/lasnoticias\/wp-json\/wp\/v2\/posts\/83785","targetHints":{"allow":["GET"]}}],"collection":[{"href":"https:\/\/diarioabcdemichoacan.com.mx\/lasnoticias\/wp-json\/wp\/v2\/posts"}],"about":[{"href":"https:\/\/diarioabcdemichoacan.com.mx\/lasnoticias\/wp-json\/wp\/v2\/types\/post"}],"author":[{"embeddable":true,"href":"https:\/\/diarioabcdemichoacan.com.mx\/lasnoticias\/wp-json\/wp\/v2\/users\/6"}],"replies":[{"embeddable":true,"href":"https:\/\/diarioabcdemichoacan.com.mx\/lasnoticias\/wp-json\/wp\/v2\/comments?post=83785"}],"version-history":[{"count":1,"href":"https:\/\/diarioabcdemichoacan.com.mx\/lasnoticias\/wp-json\/wp\/v2\/posts\/83785\/revisions"}],"predecessor-version":[{"id":83787,"href":"https:\/\/diarioabcdemichoacan.com.mx\/lasnoticias\/wp-json\/wp\/v2\/posts\/83785\/revisions\/83787"}],"wp:featuredmedia":[{"embeddable":true,"href":"https:\/\/diarioabcdemichoacan.com.mx\/lasnoticias\/wp-json\/wp\/v2\/media\/83786"}],"wp:attachment":[{"href":"https:\/\/diarioabcdemichoacan.com.mx\/lasnoticias\/wp-json\/wp\/v2\/media?parent=83785"}],"wp:term":[{"taxonomy":"category","embeddable":true,"href":"https:\/\/diarioabcdemichoacan.com.mx\/lasnoticias\/wp-json\/wp\/v2\/categories?post=83785"},{"taxonomy":"post_tag","embeddable":true,"href":"https:\/\/diarioabcdemichoacan.com.mx\/lasnoticias\/wp-json\/wp\/v2\/tags?post=83785"}],"curies":[{"name":"wp","href":"https:\/\/api.w.org\/{rel}","templated":true}]}}