{"id":83801,"date":"2026-08-28T21:59:58","date_gmt":"2026-08-29T03:59:58","guid":{"rendered":"https:\/\/diarioabcdemichoacan.com.mx\/lasnoticias\/?p=83801"},"modified":"2026-08-31T22:02:11","modified_gmt":"2026-09-01T04:02:11","slug":"abierto-registro-al-programa-para-familias-cuidadoras-de-ninas-y-ninos-con-cancer","status":"publish","type":"post","link":"https:\/\/diarioabcdemichoacan.com.mx\/lasnoticias\/abierto-registro-al-programa-para-familias-cuidadoras-de-ninas-y-ninos-con-cancer\/","title":{"rendered":"Abierto registro al programa para familias cuidadoras de ni\u00f1as y ni\u00f1os con c\u00e1ncer"},"content":{"rendered":"<p>Podr\u00e1n recibir 4 mil pesos mensuales<\/p>\n<hr \/>\n<p>Morelia, Michoac\u00e1n, 28 de agosto de 2026.- La Secretar\u00eda del Bienestar (Sedebi), encabezada por Andrea Serna Hern\u00e1ndez, informa que se mantiene abierto el registro para incorporarse al programa Familias Cuidadoras de Ni\u00f1as y Ni\u00f1os con C\u00e1ncer, el cual otorga un apoyo de 4 mil pesos mensuales a las y los beneficiarios.<\/p><div id=\"diari-3568549208\" class=\"diari-contenido diari-entity-placement\"><img loading=\"lazy\" decoding=\"async\" src=\"https:\/\/diarioabcdemichoacan.com.mx\/lasnoticias\/wp-content\/uploads\/2024\/07\/WhatsApp-Image-2024-05-07-at-10.12.40-a.m.jpeg\" alt=\"\"  srcset=\"https:\/\/diarioabcdemichoacan.com.mx\/lasnoticias\/wp-content\/uploads\/2024\/07\/WhatsApp-Image-2024-05-07-at-10.12.40-a.m.jpeg 400w, https:\/\/diarioabcdemichoacan.com.mx\/lasnoticias\/wp-content\/uploads\/2024\/07\/WhatsApp-Image-2024-05-07-at-10.12.40-a.m-150x150.jpeg 150w, https:\/\/diarioabcdemichoacan.com.mx\/lasnoticias\/wp-content\/uploads\/2024\/07\/WhatsApp-Image-2024-05-07-at-10.12.40-a.m-300x300.jpeg 300w\" sizes=\"(max-width: 400px) 100vw, 400px\" width=\"400\" height=\"400\"  style=\"display: inline-block;\" \/><\/div>\n<p>La secretar\u00eda se\u00f1al\u00f3 que las personas interesadas pueden consultar los requisitos para recibir los beneficios en el portal https:\/\/bienestar.michoacan.gob.mx\/programa-familias-cuidadoras-de-ninas-y-ninos-con-cancer\/.<\/p>\n<p>Destac\u00f3 que desde su creaci\u00f3n en 2022, el programa ha respaldado a un total de 836 familias michoacanas. Asimismo, se\u00f1al\u00f3 que cuando un n\u00facleo familiar cuenta con respaldo para cuidar a ni\u00f1as, ni\u00f1os o adolescentes con alg\u00fan tipo de padecimiento oncol\u00f3gico, disminuye el abandono del tratamiento y aumentan sustancialmente sus oportunidades de vida.<\/p>\n<p>\u201cMichoac\u00e1n demuestra que una pol\u00edtica p\u00fablica con sentido humanista puede cambiar el destino de quienes durante a\u00f1os no recibieron ning\u00fan apoyo institucional\u201d, afirm\u00f3 la funcionaria estatal.<\/p>\n<p>Actualmente se otorga a 369 familias de 85 municipios del estado un apoyo econ\u00f3mico mensual destinado a que puedan cubrir gastos de traslado, hospedaje y alimentaci\u00f3n, entre otros.<\/p>\n<p>La titular de la Sedebi enfatiz\u00f3 que el programa se convirti\u00f3 en un referente nacional gracias a que pone en el centro la dignidad humana y demuestra que el bienestar tambi\u00e9n se construye apoyando a quienes sostienen la vida.<\/p>\n","protected":false},"excerpt":{"rendered":"<p>Podr\u00e1n recibir 4 mil pesos mensuales Morelia, Michoac\u00e1n, 28 de agosto de 2026.- La Secretar\u00eda del Bienestar (Sedebi), encabezada por Andrea Serna Hern\u00e1ndez, informa que se mantiene abierto el registro para incorporarse al programa Familias Cuidadoras de Ni\u00f1as y Ni\u00f1os con C\u00e1ncer, el cual otorga un apoyo de 4 mil pesos mensuales a las y [&hellip;]<\/p>\n","protected":false},"author":6,"featured_media":83802,"comment_status":"closed","ping_status":"closed","sticky":false,"template":"","format":"standard","meta":{"footnotes":""},"categories":[10,17,29],"tags":[],"class_list":["post-83801","post","type-post","status-publish","format-standard","has-post-thumbnail","category-estado","category-gobierno-de-michoacan","category-salud"],"yoast_head":"<!-- This site is optimized with the Yoast SEO plugin v24.0 - https:\/\/yoast.com\/wordpress\/plugins\/seo\/ -->\n<title>Abierto registro al programa para familias cuidadoras de ni\u00f1as y ni\u00f1os con c\u00e1ncer - Diario ABC de Michoac\u00e1n<\/title>\n<meta name=\"robots\" content=\"index, follow, max-snippet:-1, max-image-preview:large, max-video-preview:-1\" \/>\n<link rel=\"canonical\" href=\"https:\/\/diarioabcdemichoacan.com.mx\/lasnoticias\/abierto-registro-al-programa-para-familias-cuidadoras-de-ninas-y-ninos-con-cancer\/\" \/>\n<meta property=\"og:locale\" content=\"es_ES\" \/>\n<meta property=\"og:type\" content=\"article\" \/>\n<meta property=\"og:title\" content=\"Abierto registro al programa para familias cuidadoras de ni\u00f1as y ni\u00f1os con c\u00e1ncer - Diario ABC de Michoac\u00e1n\" \/>\n<meta property=\"og:description\" content=\"Podr\u00e1n recibir 4 mil pesos mensuales Morelia, Michoac\u00e1n, 28 de agosto de 2026.- La Secretar\u00eda del Bienestar (Sedebi), encabezada por Andrea Serna Hern\u00e1ndez, informa que se mantiene abierto el registro para incorporarse al programa Familias Cuidadoras de Ni\u00f1as y Ni\u00f1os con C\u00e1ncer, el cual otorga un apoyo de 4 mil pesos mensuales a las y [&hellip;]\" \/>\n<meta property=\"og:url\" content=\"https:\/\/diarioabcdemichoacan.com.mx\/lasnoticias\/abierto-registro-al-programa-para-familias-cuidadoras-de-ninas-y-ninos-con-cancer\/\" \/>\n<meta property=\"og:site_name\" content=\"Diario ABC de Michoac\u00e1n\" \/>\n<meta property=\"article:published_time\" content=\"2026-08-29T03:59:58+00:00\" \/>\n<meta property=\"article:modified_time\" content=\"2026-09-01T04:02:11+00:00\" \/>\n<meta property=\"og:image\" content=\"https:\/\/diarioabcdemichoacan.com.mx\/lasnoticias\/wp-content\/uploads\/2026\/08\/b8011dea-e371-47e9-a80e-173d9870681e.jpg\" \/>\n\t<meta property=\"og:image:width\" content=\"1280\" \/>\n\t<meta property=\"og:image:height\" content=\"853\" \/>\n\t<meta property=\"og:image:type\" content=\"image\/jpeg\" \/>\n<meta name=\"author\" content=\"MB\" \/>\n<meta name=\"twitter:card\" content=\"summary_large_image\" \/>\n<meta name=\"twitter:label1\" content=\"Escrito por\" \/>\n\t<meta name=\"twitter:data1\" content=\"MB\" \/>\n\t<meta name=\"twitter:label2\" content=\"Tiempo de lectura\" \/>\n\t<meta name=\"twitter:data2\" content=\"2 minutos\" \/>\n<script type=\"application\/ld+json\" class=\"yoast-schema-graph\">{\"@context\":\"https:\/\/schema.org\",\"@graph\":[{\"@type\":\"WebPage\",\"@id\":\"https:\/\/diarioabcdemichoacan.com.mx\/lasnoticias\/abierto-registro-al-programa-para-familias-cuidadoras-de-ninas-y-ninos-con-cancer\/\",\"url\":\"https:\/\/diarioabcdemichoacan.com.mx\/lasnoticias\/abierto-registro-al-programa-para-familias-cuidadoras-de-ninas-y-ninos-con-cancer\/\",\"name\":\"Abierto registro al programa para familias cuidadoras de ni\u00f1as y ni\u00f1os con c\u00e1ncer - Diario ABC de Michoac\u00e1n\",\"isPartOf\":{\"@id\":\"https:\/\/diarioabcdemichoacan.com.mx\/lasnoticias\/#website\"},\"primaryImageOfPage\":{\"@id\":\"https:\/\/diarioabcdemichoacan.com.mx\/lasnoticias\/abierto-registro-al-programa-para-familias-cuidadoras-de-ninas-y-ninos-con-cancer\/#primaryimage\"},\"image\":{\"@id\":\"https:\/\/diarioabcdemichoacan.com.mx\/lasnoticias\/abierto-registro-al-programa-para-familias-cuidadoras-de-ninas-y-ninos-con-cancer\/#primaryimage\"},\"thumbnailUrl\":\"https:\/\/diarioabcdemichoacan.com.mx\/lasnoticias\/wp-content\/uploads\/2026\/08\/b8011dea-e371-47e9-a80e-173d9870681e.jpg\",\"datePublished\":\"2026-08-29T03:59:58+00:00\",\"dateModified\":\"2026-09-01T04:02:11+00:00\",\"author\":{\"@id\":\"https:\/\/diarioabcdemichoacan.com.mx\/lasnoticias\/#\/schema\/person\/0546f9c3407148f7452ca932715c5e88\"},\"breadcrumb\":{\"@id\":\"https:\/\/diarioabcdemichoacan.com.mx\/lasnoticias\/abierto-registro-al-programa-para-familias-cuidadoras-de-ninas-y-ninos-con-cancer\/#breadcrumb\"},\"inLanguage\":\"es\",\"potentialAction\":[{\"@type\":\"ReadAction\",\"target\":[\"https:\/\/diarioabcdemichoacan.com.mx\/lasnoticias\/abierto-registro-al-programa-para-familias-cuidadoras-de-ninas-y-ninos-con-cancer\/\"]}]},{\"@type\":\"ImageObject\",\"inLanguage\":\"es\",\"@id\":\"https:\/\/diarioabcdemichoacan.com.mx\/lasnoticias\/abierto-registro-al-programa-para-familias-cuidadoras-de-ninas-y-ninos-con-cancer\/#primaryimage\",\"url\":\"https:\/\/diarioabcdemichoacan.com.mx\/lasnoticias\/wp-content\/uploads\/2026\/08\/b8011dea-e371-47e9-a80e-173d9870681e.jpg\",\"contentUrl\":\"https:\/\/diarioabcdemichoacan.com.mx\/lasnoticias\/wp-content\/uploads\/2026\/08\/b8011dea-e371-47e9-a80e-173d9870681e.jpg\",\"width\":1280,\"height\":853},{\"@type\":\"BreadcrumbList\",\"@id\":\"https:\/\/diarioabcdemichoacan.com.mx\/lasnoticias\/abierto-registro-al-programa-para-familias-cuidadoras-de-ninas-y-ninos-con-cancer\/#breadcrumb\",\"itemListElement\":[{\"@type\":\"ListItem\",\"position\":1,\"name\":\"Portada\",\"item\":\"https:\/\/diarioabcdemichoacan.com.mx\/lasnoticias\/\"},{\"@type\":\"ListItem\",\"position\":2,\"name\":\"Abierto registro al programa para familias cuidadoras de ni\u00f1as y ni\u00f1os con c\u00e1ncer\"}]},{\"@type\":\"WebSite\",\"@id\":\"https:\/\/diarioabcdemichoacan.com.mx\/lasnoticias\/#website\",\"url\":\"https:\/\/diarioabcdemichoacan.com.mx\/lasnoticias\/\",\"name\":\"Diario ABC de Michoac\u00e1n\",\"description\":\"Las noticias al momento\",\"potentialAction\":[{\"@type\":\"SearchAction\",\"target\":{\"@type\":\"EntryPoint\",\"urlTemplate\":\"https:\/\/diarioabcdemichoacan.com.mx\/lasnoticias\/?s={search_term_string}\"},\"query-input\":{\"@type\":\"PropertyValueSpecification\",\"valueRequired\":true,\"valueName\":\"search_term_string\"}}],\"inLanguage\":\"es\"},{\"@type\":\"Person\",\"@id\":\"https:\/\/diarioabcdemichoacan.com.mx\/lasnoticias\/#\/schema\/person\/0546f9c3407148f7452ca932715c5e88\",\"name\":\"MB\",\"image\":{\"@type\":\"ImageObject\",\"inLanguage\":\"es\",\"@id\":\"https:\/\/diarioabcdemichoacan.com.mx\/lasnoticias\/#\/schema\/person\/image\/\",\"url\":\"https:\/\/secure.gravatar.com\/avatar\/ac036f018f6a8431a5687a020efaf39d914da6a3fc78ce6029ab7ae29c5130e2?s=96&d=mm&r=g\",\"contentUrl\":\"https:\/\/secure.gravatar.com\/avatar\/ac036f018f6a8431a5687a020efaf39d914da6a3fc78ce6029ab7ae29c5130e2?s=96&d=mm&r=g\",\"caption\":\"MB\"},\"url\":\"https:\/\/diarioabcdemichoacan.com.mx\/lasnoticias\/author\/bomariano03\/\"}]}<\/script>\n<!-- \/ Yoast SEO plugin. -->","yoast_head_json":{"title":"Abierto registro al programa para familias cuidadoras de ni\u00f1as y ni\u00f1os con c\u00e1ncer - Diario ABC de Michoac\u00e1n","robots":{"index":"index","follow":"follow","max-snippet":"max-snippet:-1","max-image-preview":"max-image-preview:large","max-video-preview":"max-video-preview:-1"},"canonical":"https:\/\/diarioabcdemichoacan.com.mx\/lasnoticias\/abierto-registro-al-programa-para-familias-cuidadoras-de-ninas-y-ninos-con-cancer\/","og_locale":"es_ES","og_type":"article","og_title":"Abierto registro al programa para familias cuidadoras de ni\u00f1as y ni\u00f1os con c\u00e1ncer - Diario ABC de Michoac\u00e1n","og_description":"Podr\u00e1n recibir 4 mil pesos mensuales Morelia, Michoac\u00e1n, 28 de agosto de 2026.- La Secretar\u00eda del Bienestar (Sedebi), encabezada por Andrea Serna Hern\u00e1ndez, informa que se mantiene abierto el registro para incorporarse al programa Familias Cuidadoras de Ni\u00f1as y Ni\u00f1os con C\u00e1ncer, el cual otorga un apoyo de 4 mil pesos mensuales a las y [&hellip;]","og_url":"https:\/\/diarioabcdemichoacan.com.mx\/lasnoticias\/abierto-registro-al-programa-para-familias-cuidadoras-de-ninas-y-ninos-con-cancer\/","og_site_name":"Diario ABC de Michoac\u00e1n","article_published_time":"2026-08-29T03:59:58+00:00","article_modified_time":"2026-09-01T04:02:11+00:00","og_image":[{"width":1280,"height":853,"url":"https:\/\/diarioabcdemichoacan.com.mx\/lasnoticias\/wp-content\/uploads\/2026\/08\/b8011dea-e371-47e9-a80e-173d9870681e.jpg","type":"image\/jpeg"}],"author":"MB","twitter_card":"summary_large_image","twitter_misc":{"Escrito por":"MB","Tiempo de lectura":"2 minutos"},"schema":{"@context":"https:\/\/schema.org","@graph":[{"@type":"WebPage","@id":"https:\/\/diarioabcdemichoacan.com.mx\/lasnoticias\/abierto-registro-al-programa-para-familias-cuidadoras-de-ninas-y-ninos-con-cancer\/","url":"https:\/\/diarioabcdemichoacan.com.mx\/lasnoticias\/abierto-registro-al-programa-para-familias-cuidadoras-de-ninas-y-ninos-con-cancer\/","name":"Abierto registro al programa para familias cuidadoras de ni\u00f1as y ni\u00f1os con c\u00e1ncer - Diario ABC de Michoac\u00e1n","isPartOf":{"@id":"https:\/\/diarioabcdemichoacan.com.mx\/lasnoticias\/#website"},"primaryImageOfPage":{"@id":"https:\/\/diarioabcdemichoacan.com.mx\/lasnoticias\/abierto-registro-al-programa-para-familias-cuidadoras-de-ninas-y-ninos-con-cancer\/#primaryimage"},"image":{"@id":"https:\/\/diarioabcdemichoacan.com.mx\/lasnoticias\/abierto-registro-al-programa-para-familias-cuidadoras-de-ninas-y-ninos-con-cancer\/#primaryimage"},"thumbnailUrl":"https:\/\/diarioabcdemichoacan.com.mx\/lasnoticias\/wp-content\/uploads\/2026\/08\/b8011dea-e371-47e9-a80e-173d9870681e.jpg","datePublished":"2026-08-29T03:59:58+00:00","dateModified":"2026-09-01T04:02:11+00:00","author":{"@id":"https:\/\/diarioabcdemichoacan.com.mx\/lasnoticias\/#\/schema\/person\/0546f9c3407148f7452ca932715c5e88"},"breadcrumb":{"@id":"https:\/\/diarioabcdemichoacan.com.mx\/lasnoticias\/abierto-registro-al-programa-para-familias-cuidadoras-de-ninas-y-ninos-con-cancer\/#breadcrumb"},"inLanguage":"es","potentialAction":[{"@type":"ReadAction","target":["https:\/\/diarioabcdemichoacan.com.mx\/lasnoticias\/abierto-registro-al-programa-para-familias-cuidadoras-de-ninas-y-ninos-con-cancer\/"]}]},{"@type":"ImageObject","inLanguage":"es","@id":"https:\/\/diarioabcdemichoacan.com.mx\/lasnoticias\/abierto-registro-al-programa-para-familias-cuidadoras-de-ninas-y-ninos-con-cancer\/#primaryimage","url":"https:\/\/diarioabcdemichoacan.com.mx\/lasnoticias\/wp-content\/uploads\/2026\/08\/b8011dea-e371-47e9-a80e-173d9870681e.jpg","contentUrl":"https:\/\/diarioabcdemichoacan.com.mx\/lasnoticias\/wp-content\/uploads\/2026\/08\/b8011dea-e371-47e9-a80e-173d9870681e.jpg","width":1280,"height":853},{"@type":"BreadcrumbList","@id":"https:\/\/diarioabcdemichoacan.com.mx\/lasnoticias\/abierto-registro-al-programa-para-familias-cuidadoras-de-ninas-y-ninos-con-cancer\/#breadcrumb","itemListElement":[{"@type":"ListItem","position":1,"name":"Portada","item":"https:\/\/diarioabcdemichoacan.com.mx\/lasnoticias\/"},{"@type":"ListItem","position":2,"name":"Abierto registro al programa para familias cuidadoras de ni\u00f1as y ni\u00f1os con c\u00e1ncer"}]},{"@type":"WebSite","@id":"https:\/\/diarioabcdemichoacan.com.mx\/lasnoticias\/#website","url":"https:\/\/diarioabcdemichoacan.com.mx\/lasnoticias\/","name":"Diario ABC de Michoac\u00e1n","description":"Las noticias al momento","potentialAction":[{"@type":"SearchAction","target":{"@type":"EntryPoint","urlTemplate":"https:\/\/diarioabcdemichoacan.com.mx\/lasnoticias\/?s={search_term_string}"},"query-input":{"@type":"PropertyValueSpecification","valueRequired":true,"valueName":"search_term_string"}}],"inLanguage":"es"},{"@type":"Person","@id":"https:\/\/diarioabcdemichoacan.com.mx\/lasnoticias\/#\/schema\/person\/0546f9c3407148f7452ca932715c5e88","name":"MB","image":{"@type":"ImageObject","inLanguage":"es","@id":"https:\/\/diarioabcdemichoacan.com.mx\/lasnoticias\/#\/schema\/person\/image\/","url":"https:\/\/secure.gravatar.com\/avatar\/ac036f018f6a8431a5687a020efaf39d914da6a3fc78ce6029ab7ae29c5130e2?s=96&d=mm&r=g","contentUrl":"https:\/\/secure.gravatar.com\/avatar\/ac036f018f6a8431a5687a020efaf39d914da6a3fc78ce6029ab7ae29c5130e2?s=96&d=mm&r=g","caption":"MB"},"url":"https:\/\/diarioabcdemichoacan.com.mx\/lasnoticias\/author\/bomariano03\/"}]}},"_links":{"self":[{"href":"https:\/\/diarioabcdemichoacan.com.mx\/lasnoticias\/wp-json\/wp\/v2\/posts\/83801","targetHints":{"allow":["GET"]}}],"collection":[{"href":"https:\/\/diarioabcdemichoacan.com.mx\/lasnoticias\/wp-json\/wp\/v2\/posts"}],"about":[{"href":"https:\/\/diarioabcdemichoacan.com.mx\/lasnoticias\/wp-json\/wp\/v2\/types\/post"}],"author":[{"embeddable":true,"href":"https:\/\/diarioabcdemichoacan.com.mx\/lasnoticias\/wp-json\/wp\/v2\/users\/6"}],"replies":[{"embeddable":true,"href":"https:\/\/diarioabcdemichoacan.com.mx\/lasnoticias\/wp-json\/wp\/v2\/comments?post=83801"}],"version-history":[{"count":1,"href":"https:\/\/diarioabcdemichoacan.com.mx\/lasnoticias\/wp-json\/wp\/v2\/posts\/83801\/revisions"}],"predecessor-version":[{"id":83803,"href":"https:\/\/diarioabcdemichoacan.com.mx\/lasnoticias\/wp-json\/wp\/v2\/posts\/83801\/revisions\/83803"}],"wp:featuredmedia":[{"embeddable":true,"href":"https:\/\/diarioabcdemichoacan.com.mx\/lasnoticias\/wp-json\/wp\/v2\/media\/83802"}],"wp:attachment":[{"href":"https:\/\/diarioabcdemichoacan.com.mx\/lasnoticias\/wp-json\/wp\/v2\/media?parent=83801"}],"wp:term":[{"taxonomy":"category","embeddable":true,"href":"https:\/\/diarioabcdemichoacan.com.mx\/lasnoticias\/wp-json\/wp\/v2\/categories?post=83801"},{"taxonomy":"post_tag","embeddable":true,"href":"https:\/\/diarioabcdemichoacan.com.mx\/lasnoticias\/wp-json\/wp\/v2\/tags?post=83801"}],"curies":[{"name":"wp","href":"https:\/\/api.w.org\/{rel}","templated":true}]}}