{"id":83810,"date":"2026-08-28T23:00:14","date_gmt":"2026-08-29T05:00:14","guid":{"rendered":"https:\/\/diarioabcdemichoacan.com.mx\/lasnoticias\/?p=83810"},"modified":"2026-08-31T23:00:48","modified_gmt":"2026-09-01T05:00:48","slug":"morebus-transformara-la-salud-y-movilidad-de-las-familias-morelianas","status":"publish","type":"post","link":"https:\/\/diarioabcdemichoacan.com.mx\/lasnoticias\/morebus-transformara-la-salud-y-movilidad-de-las-familias-morelianas\/","title":{"rendered":"Moreb\u00fas transformar\u00e1 la salud y movilidad de las familias morelianas"},"content":{"rendered":"<p>Elevar\u00e1 la calidad de vida con entornos urbanos alineados a las recomendaciones de la OMS<\/p>\n<hr \/>\n<p>Morelia, Michoac\u00e1n, 28 de agosto de 2026.- En alineaci\u00f3n con las directrices y recomendaciones de la Organizaci\u00f3n Mundial de la Salud (OMS), la Secretar\u00eda de Salud de Michoac\u00e1n (SSM) destac\u00f3 que la implementaci\u00f3n de sistemas de transporte p\u00fablico masivo, como el proyecto Moreb\u00fas, constituye una de las intervenciones preventivas m\u00e1s efectivas de salud p\u00fablica para transformar los entornos urbanos y elevar la calidad de vida de la poblaci\u00f3n.<\/p><div id=\"diari-368848759\" class=\"diari-contenido diari-entity-placement\"><img loading=\"lazy\" decoding=\"async\" src=\"https:\/\/diarioabcdemichoacan.com.mx\/lasnoticias\/wp-content\/uploads\/2024\/07\/WhatsApp-Image-2024-05-07-at-10.12.40-a.m.jpeg\" alt=\"\"  srcset=\"https:\/\/diarioabcdemichoacan.com.mx\/lasnoticias\/wp-content\/uploads\/2024\/07\/WhatsApp-Image-2024-05-07-at-10.12.40-a.m.jpeg 400w, https:\/\/diarioabcdemichoacan.com.mx\/lasnoticias\/wp-content\/uploads\/2024\/07\/WhatsApp-Image-2024-05-07-at-10.12.40-a.m-150x150.jpeg 150w, https:\/\/diarioabcdemichoacan.com.mx\/lasnoticias\/wp-content\/uploads\/2024\/07\/WhatsApp-Image-2024-05-07-at-10.12.40-a.m-300x300.jpeg 300w\" sizes=\"(max-width: 400px) 100vw, 400px\" width=\"400\" height=\"400\"  style=\"display: inline-block;\" \/><\/div>\n<p>Conforme a las gu\u00edas mundiales sobre la calidad del aire de la OMS, al disminuir la circulaci\u00f3n de veh\u00edculos particulares y unidades obsoletas, se reduce dr\u00e1sticamente la presencia de material particulado (PM2.5 y PM10), por lo que disminuye de forma directa la incidencia de asma, infecciones respiratorias, cardiopat\u00edas e infartos cerebrales.<\/p>\n<p>La optimizaci\u00f3n de los tiempos de traslado y la reducci\u00f3n de la congesti\u00f3n vehicular disminuyen el estr\u00e9s cr\u00f3nico vinculado al tr\u00e1fico, factor identificado por la OMS como determinante clave para la salud mental en las ciudades. Asimismo, el uso del transporte p\u00fablico masivo incentiva el desplazamiento a pie hacia y desde las estaciones; integrar esta actividad f\u00edsica a la rutina diaria combate el sedentarismo y previene enfermedades cr\u00f3nicas como la diabetes tipo 2, la hipertensi\u00f3n y la obesidad.<\/p>\n<p>Un sistema con carril exclusivo y unidades reguladas minimiza los riesgos de colisi\u00f3n y atropellamiento, sum\u00e1ndose a las metas del Decenio de Acci\u00f3n para la Seguridad Vial impulsado por la OMS para reducir muertes y lesiones por accidentes de tr\u00e1nsito.<\/p>\n<p>La consolidaci\u00f3n de proyectos de movilidad sustentable, como el Moreb\u00fas, transformar\u00e1 el espacio urbano en favor de la salud p\u00fablica, mejorando de manera directa el bienestar de las familias en Michoac\u00e1n.<\/p>\n","protected":false},"excerpt":{"rendered":"<p>Elevar\u00e1 la calidad de vida con entornos urbanos alineados a las recomendaciones de la OMS Morelia, Michoac\u00e1n, 28 de agosto de 2026.- En alineaci\u00f3n con las directrices y recomendaciones de la Organizaci\u00f3n Mundial de la Salud (OMS), la Secretar\u00eda de Salud de Michoac\u00e1n (SSM) destac\u00f3 que la implementaci\u00f3n de sistemas de transporte p\u00fablico masivo, como [&hellip;]<\/p>\n","protected":false},"author":6,"featured_media":83811,"comment_status":"closed","ping_status":"closed","sticky":false,"template":"","format":"standard","meta":{"footnotes":""},"categories":[10,17],"tags":[],"class_list":["post-83810","post","type-post","status-publish","format-standard","has-post-thumbnail","category-estado","category-gobierno-de-michoacan"],"yoast_head":"<!-- This site is optimized with the Yoast SEO plugin v24.0 - https:\/\/yoast.com\/wordpress\/plugins\/seo\/ -->\n<title>Moreb\u00fas transformar\u00e1 la salud y movilidad de las familias morelianas - Diario ABC de Michoac\u00e1n<\/title>\n<meta name=\"robots\" content=\"index, follow, max-snippet:-1, max-image-preview:large, max-video-preview:-1\" \/>\n<link rel=\"canonical\" href=\"https:\/\/diarioabcdemichoacan.com.mx\/lasnoticias\/morebus-transformara-la-salud-y-movilidad-de-las-familias-morelianas\/\" \/>\n<meta property=\"og:locale\" content=\"es_ES\" \/>\n<meta property=\"og:type\" content=\"article\" \/>\n<meta property=\"og:title\" content=\"Moreb\u00fas transformar\u00e1 la salud y movilidad de las familias morelianas - Diario ABC de Michoac\u00e1n\" \/>\n<meta property=\"og:description\" content=\"Elevar\u00e1 la calidad de vida con entornos urbanos alineados a las recomendaciones de la OMS Morelia, Michoac\u00e1n, 28 de agosto de 2026.- En alineaci\u00f3n con las directrices y recomendaciones de la Organizaci\u00f3n Mundial de la Salud (OMS), la Secretar\u00eda de Salud de Michoac\u00e1n (SSM) destac\u00f3 que la implementaci\u00f3n de sistemas de transporte p\u00fablico masivo, como [&hellip;]\" \/>\n<meta property=\"og:url\" content=\"https:\/\/diarioabcdemichoacan.com.mx\/lasnoticias\/morebus-transformara-la-salud-y-movilidad-de-las-familias-morelianas\/\" \/>\n<meta property=\"og:site_name\" content=\"Diario ABC de Michoac\u00e1n\" \/>\n<meta property=\"article:published_time\" content=\"2026-08-29T05:00:14+00:00\" \/>\n<meta property=\"article:modified_time\" content=\"2026-09-01T05:00:48+00:00\" \/>\n<meta property=\"og:image\" content=\"https:\/\/diarioabcdemichoacan.com.mx\/lasnoticias\/wp-content\/uploads\/2026\/08\/9400f6e8-dfbb-4b51-8c4c-85936d374ea1.jpg\" \/>\n\t<meta property=\"og:image:width\" content=\"1600\" \/>\n\t<meta property=\"og:image:height\" content=\"1066\" \/>\n\t<meta property=\"og:image:type\" content=\"image\/jpeg\" \/>\n<meta name=\"author\" content=\"MB\" \/>\n<meta name=\"twitter:card\" content=\"summary_large_image\" \/>\n<meta name=\"twitter:label1\" content=\"Escrito por\" \/>\n\t<meta name=\"twitter:data1\" content=\"MB\" \/>\n\t<meta name=\"twitter:label2\" content=\"Tiempo de lectura\" \/>\n\t<meta name=\"twitter:data2\" content=\"2 minutos\" \/>\n<script type=\"application\/ld+json\" class=\"yoast-schema-graph\">{\"@context\":\"https:\/\/schema.org\",\"@graph\":[{\"@type\":\"WebPage\",\"@id\":\"https:\/\/diarioabcdemichoacan.com.mx\/lasnoticias\/morebus-transformara-la-salud-y-movilidad-de-las-familias-morelianas\/\",\"url\":\"https:\/\/diarioabcdemichoacan.com.mx\/lasnoticias\/morebus-transformara-la-salud-y-movilidad-de-las-familias-morelianas\/\",\"name\":\"Moreb\u00fas transformar\u00e1 la salud y movilidad de las familias morelianas - Diario ABC de Michoac\u00e1n\",\"isPartOf\":{\"@id\":\"https:\/\/diarioabcdemichoacan.com.mx\/lasnoticias\/#website\"},\"primaryImageOfPage\":{\"@id\":\"https:\/\/diarioabcdemichoacan.com.mx\/lasnoticias\/morebus-transformara-la-salud-y-movilidad-de-las-familias-morelianas\/#primaryimage\"},\"image\":{\"@id\":\"https:\/\/diarioabcdemichoacan.com.mx\/lasnoticias\/morebus-transformara-la-salud-y-movilidad-de-las-familias-morelianas\/#primaryimage\"},\"thumbnailUrl\":\"https:\/\/diarioabcdemichoacan.com.mx\/lasnoticias\/wp-content\/uploads\/2026\/08\/9400f6e8-dfbb-4b51-8c4c-85936d374ea1.jpg\",\"datePublished\":\"2026-08-29T05:00:14+00:00\",\"dateModified\":\"2026-09-01T05:00:48+00:00\",\"author\":{\"@id\":\"https:\/\/diarioabcdemichoacan.com.mx\/lasnoticias\/#\/schema\/person\/0546f9c3407148f7452ca932715c5e88\"},\"breadcrumb\":{\"@id\":\"https:\/\/diarioabcdemichoacan.com.mx\/lasnoticias\/morebus-transformara-la-salud-y-movilidad-de-las-familias-morelianas\/#breadcrumb\"},\"inLanguage\":\"es\",\"potentialAction\":[{\"@type\":\"ReadAction\",\"target\":[\"https:\/\/diarioabcdemichoacan.com.mx\/lasnoticias\/morebus-transformara-la-salud-y-movilidad-de-las-familias-morelianas\/\"]}]},{\"@type\":\"ImageObject\",\"inLanguage\":\"es\",\"@id\":\"https:\/\/diarioabcdemichoacan.com.mx\/lasnoticias\/morebus-transformara-la-salud-y-movilidad-de-las-familias-morelianas\/#primaryimage\",\"url\":\"https:\/\/diarioabcdemichoacan.com.mx\/lasnoticias\/wp-content\/uploads\/2026\/08\/9400f6e8-dfbb-4b51-8c4c-85936d374ea1.jpg\",\"contentUrl\":\"https:\/\/diarioabcdemichoacan.com.mx\/lasnoticias\/wp-content\/uploads\/2026\/08\/9400f6e8-dfbb-4b51-8c4c-85936d374ea1.jpg\",\"width\":1600,\"height\":1066},{\"@type\":\"BreadcrumbList\",\"@id\":\"https:\/\/diarioabcdemichoacan.com.mx\/lasnoticias\/morebus-transformara-la-salud-y-movilidad-de-las-familias-morelianas\/#breadcrumb\",\"itemListElement\":[{\"@type\":\"ListItem\",\"position\":1,\"name\":\"Portada\",\"item\":\"https:\/\/diarioabcdemichoacan.com.mx\/lasnoticias\/\"},{\"@type\":\"ListItem\",\"position\":2,\"name\":\"Moreb\u00fas transformar\u00e1 la salud y movilidad de las familias morelianas\"}]},{\"@type\":\"WebSite\",\"@id\":\"https:\/\/diarioabcdemichoacan.com.mx\/lasnoticias\/#website\",\"url\":\"https:\/\/diarioabcdemichoacan.com.mx\/lasnoticias\/\",\"name\":\"Diario ABC de Michoac\u00e1n\",\"description\":\"Las noticias al momento\",\"potentialAction\":[{\"@type\":\"SearchAction\",\"target\":{\"@type\":\"EntryPoint\",\"urlTemplate\":\"https:\/\/diarioabcdemichoacan.com.mx\/lasnoticias\/?s={search_term_string}\"},\"query-input\":{\"@type\":\"PropertyValueSpecification\",\"valueRequired\":true,\"valueName\":\"search_term_string\"}}],\"inLanguage\":\"es\"},{\"@type\":\"Person\",\"@id\":\"https:\/\/diarioabcdemichoacan.com.mx\/lasnoticias\/#\/schema\/person\/0546f9c3407148f7452ca932715c5e88\",\"name\":\"MB\",\"image\":{\"@type\":\"ImageObject\",\"inLanguage\":\"es\",\"@id\":\"https:\/\/diarioabcdemichoacan.com.mx\/lasnoticias\/#\/schema\/person\/image\/\",\"url\":\"https:\/\/secure.gravatar.com\/avatar\/ac036f018f6a8431a5687a020efaf39d914da6a3fc78ce6029ab7ae29c5130e2?s=96&d=mm&r=g\",\"contentUrl\":\"https:\/\/secure.gravatar.com\/avatar\/ac036f018f6a8431a5687a020efaf39d914da6a3fc78ce6029ab7ae29c5130e2?s=96&d=mm&r=g\",\"caption\":\"MB\"},\"url\":\"https:\/\/diarioabcdemichoacan.com.mx\/lasnoticias\/author\/bomariano03\/\"}]}<\/script>\n<!-- \/ Yoast SEO plugin. -->","yoast_head_json":{"title":"Moreb\u00fas transformar\u00e1 la salud y movilidad de las familias morelianas - Diario ABC de Michoac\u00e1n","robots":{"index":"index","follow":"follow","max-snippet":"max-snippet:-1","max-image-preview":"max-image-preview:large","max-video-preview":"max-video-preview:-1"},"canonical":"https:\/\/diarioabcdemichoacan.com.mx\/lasnoticias\/morebus-transformara-la-salud-y-movilidad-de-las-familias-morelianas\/","og_locale":"es_ES","og_type":"article","og_title":"Moreb\u00fas transformar\u00e1 la salud y movilidad de las familias morelianas - Diario ABC de Michoac\u00e1n","og_description":"Elevar\u00e1 la calidad de vida con entornos urbanos alineados a las recomendaciones de la OMS Morelia, Michoac\u00e1n, 28 de agosto de 2026.- En alineaci\u00f3n con las directrices y recomendaciones de la Organizaci\u00f3n Mundial de la Salud (OMS), la Secretar\u00eda de Salud de Michoac\u00e1n (SSM) destac\u00f3 que la implementaci\u00f3n de sistemas de transporte p\u00fablico masivo, como [&hellip;]","og_url":"https:\/\/diarioabcdemichoacan.com.mx\/lasnoticias\/morebus-transformara-la-salud-y-movilidad-de-las-familias-morelianas\/","og_site_name":"Diario ABC de Michoac\u00e1n","article_published_time":"2026-08-29T05:00:14+00:00","article_modified_time":"2026-09-01T05:00:48+00:00","og_image":[{"width":1600,"height":1066,"url":"https:\/\/diarioabcdemichoacan.com.mx\/lasnoticias\/wp-content\/uploads\/2026\/08\/9400f6e8-dfbb-4b51-8c4c-85936d374ea1.jpg","type":"image\/jpeg"}],"author":"MB","twitter_card":"summary_large_image","twitter_misc":{"Escrito por":"MB","Tiempo de lectura":"2 minutos"},"schema":{"@context":"https:\/\/schema.org","@graph":[{"@type":"WebPage","@id":"https:\/\/diarioabcdemichoacan.com.mx\/lasnoticias\/morebus-transformara-la-salud-y-movilidad-de-las-familias-morelianas\/","url":"https:\/\/diarioabcdemichoacan.com.mx\/lasnoticias\/morebus-transformara-la-salud-y-movilidad-de-las-familias-morelianas\/","name":"Moreb\u00fas transformar\u00e1 la salud y movilidad de las familias morelianas - Diario ABC de Michoac\u00e1n","isPartOf":{"@id":"https:\/\/diarioabcdemichoacan.com.mx\/lasnoticias\/#website"},"primaryImageOfPage":{"@id":"https:\/\/diarioabcdemichoacan.com.mx\/lasnoticias\/morebus-transformara-la-salud-y-movilidad-de-las-familias-morelianas\/#primaryimage"},"image":{"@id":"https:\/\/diarioabcdemichoacan.com.mx\/lasnoticias\/morebus-transformara-la-salud-y-movilidad-de-las-familias-morelianas\/#primaryimage"},"thumbnailUrl":"https:\/\/diarioabcdemichoacan.com.mx\/lasnoticias\/wp-content\/uploads\/2026\/08\/9400f6e8-dfbb-4b51-8c4c-85936d374ea1.jpg","datePublished":"2026-08-29T05:00:14+00:00","dateModified":"2026-09-01T05:00:48+00:00","author":{"@id":"https:\/\/diarioabcdemichoacan.com.mx\/lasnoticias\/#\/schema\/person\/0546f9c3407148f7452ca932715c5e88"},"breadcrumb":{"@id":"https:\/\/diarioabcdemichoacan.com.mx\/lasnoticias\/morebus-transformara-la-salud-y-movilidad-de-las-familias-morelianas\/#breadcrumb"},"inLanguage":"es","potentialAction":[{"@type":"ReadAction","target":["https:\/\/diarioabcdemichoacan.com.mx\/lasnoticias\/morebus-transformara-la-salud-y-movilidad-de-las-familias-morelianas\/"]}]},{"@type":"ImageObject","inLanguage":"es","@id":"https:\/\/diarioabcdemichoacan.com.mx\/lasnoticias\/morebus-transformara-la-salud-y-movilidad-de-las-familias-morelianas\/#primaryimage","url":"https:\/\/diarioabcdemichoacan.com.mx\/lasnoticias\/wp-content\/uploads\/2026\/08\/9400f6e8-dfbb-4b51-8c4c-85936d374ea1.jpg","contentUrl":"https:\/\/diarioabcdemichoacan.com.mx\/lasnoticias\/wp-content\/uploads\/2026\/08\/9400f6e8-dfbb-4b51-8c4c-85936d374ea1.jpg","width":1600,"height":1066},{"@type":"BreadcrumbList","@id":"https:\/\/diarioabcdemichoacan.com.mx\/lasnoticias\/morebus-transformara-la-salud-y-movilidad-de-las-familias-morelianas\/#breadcrumb","itemListElement":[{"@type":"ListItem","position":1,"name":"Portada","item":"https:\/\/diarioabcdemichoacan.com.mx\/lasnoticias\/"},{"@type":"ListItem","position":2,"name":"Moreb\u00fas transformar\u00e1 la salud y movilidad de las familias morelianas"}]},{"@type":"WebSite","@id":"https:\/\/diarioabcdemichoacan.com.mx\/lasnoticias\/#website","url":"https:\/\/diarioabcdemichoacan.com.mx\/lasnoticias\/","name":"Diario ABC de Michoac\u00e1n","description":"Las noticias al momento","potentialAction":[{"@type":"SearchAction","target":{"@type":"EntryPoint","urlTemplate":"https:\/\/diarioabcdemichoacan.com.mx\/lasnoticias\/?s={search_term_string}"},"query-input":{"@type":"PropertyValueSpecification","valueRequired":true,"valueName":"search_term_string"}}],"inLanguage":"es"},{"@type":"Person","@id":"https:\/\/diarioabcdemichoacan.com.mx\/lasnoticias\/#\/schema\/person\/0546f9c3407148f7452ca932715c5e88","name":"MB","image":{"@type":"ImageObject","inLanguage":"es","@id":"https:\/\/diarioabcdemichoacan.com.mx\/lasnoticias\/#\/schema\/person\/image\/","url":"https:\/\/secure.gravatar.com\/avatar\/ac036f018f6a8431a5687a020efaf39d914da6a3fc78ce6029ab7ae29c5130e2?s=96&d=mm&r=g","contentUrl":"https:\/\/secure.gravatar.com\/avatar\/ac036f018f6a8431a5687a020efaf39d914da6a3fc78ce6029ab7ae29c5130e2?s=96&d=mm&r=g","caption":"MB"},"url":"https:\/\/diarioabcdemichoacan.com.mx\/lasnoticias\/author\/bomariano03\/"}]}},"_links":{"self":[{"href":"https:\/\/diarioabcdemichoacan.com.mx\/lasnoticias\/wp-json\/wp\/v2\/posts\/83810","targetHints":{"allow":["GET"]}}],"collection":[{"href":"https:\/\/diarioabcdemichoacan.com.mx\/lasnoticias\/wp-json\/wp\/v2\/posts"}],"about":[{"href":"https:\/\/diarioabcdemichoacan.com.mx\/lasnoticias\/wp-json\/wp\/v2\/types\/post"}],"author":[{"embeddable":true,"href":"https:\/\/diarioabcdemichoacan.com.mx\/lasnoticias\/wp-json\/wp\/v2\/users\/6"}],"replies":[{"embeddable":true,"href":"https:\/\/diarioabcdemichoacan.com.mx\/lasnoticias\/wp-json\/wp\/v2\/comments?post=83810"}],"version-history":[{"count":1,"href":"https:\/\/diarioabcdemichoacan.com.mx\/lasnoticias\/wp-json\/wp\/v2\/posts\/83810\/revisions"}],"predecessor-version":[{"id":83812,"href":"https:\/\/diarioabcdemichoacan.com.mx\/lasnoticias\/wp-json\/wp\/v2\/posts\/83810\/revisions\/83812"}],"wp:featuredmedia":[{"embeddable":true,"href":"https:\/\/diarioabcdemichoacan.com.mx\/lasnoticias\/wp-json\/wp\/v2\/media\/83811"}],"wp:attachment":[{"href":"https:\/\/diarioabcdemichoacan.com.mx\/lasnoticias\/wp-json\/wp\/v2\/media?parent=83810"}],"wp:term":[{"taxonomy":"category","embeddable":true,"href":"https:\/\/diarioabcdemichoacan.com.mx\/lasnoticias\/wp-json\/wp\/v2\/categories?post=83810"},{"taxonomy":"post_tag","embeddable":true,"href":"https:\/\/diarioabcdemichoacan.com.mx\/lasnoticias\/wp-json\/wp\/v2\/tags?post=83810"}],"curies":[{"name":"wp","href":"https:\/\/api.w.org\/{rel}","templated":true}]}}