{"id":83813,"date":"2026-08-27T23:01:01","date_gmt":"2026-08-28T05:01:01","guid":{"rendered":"https:\/\/diarioabcdemichoacan.com.mx\/lasnoticias\/?p=83813"},"modified":"2026-08-31T23:01:35","modified_gmt":"2026-09-01T05:01:35","slug":"gobiernos-estatal-y-federal-suman-esfuerzos-para-atender-a-la-comunidad-educativa","status":"publish","type":"post","link":"https:\/\/diarioabcdemichoacan.com.mx\/lasnoticias\/gobiernos-estatal-y-federal-suman-esfuerzos-para-atender-a-la-comunidad-educativa\/","title":{"rendered":"Gobiernos estatal y federal suman esfuerzos para atender a la comunidad educativa"},"content":{"rendered":"<p>Priorizan atenci\u00f3n directa a docentes, directivos y familias para revertir el rezago educativo<\/p>\n<hr \/>\n<p>Los Reyes, Michoac\u00e1n, 27 de agosto de 2026.- Con el objetivo de conocer de primera mano las necesidades de la comunidad escolar para poder atenderlas, la secretaria de Educaci\u00f3n del Estado, Patricia Flores Anguiano, y el secretario de Educaci\u00f3n P\u00fablica, Mario Delgado Carrillo, realizaron una gira de trabajo por los municipios de Perib\u00e1n, Los Reyes, Ting\u00fcind\u00edn y Cotija, donde sostuvieron encuentros con directivos, docentes, madres y padres de familia para evaluar las condiciones de los planteles en la regi\u00f3n.<\/p><div id=\"diari-3795226131\" class=\"diari-contenido diari-entity-placement\"><img loading=\"lazy\" decoding=\"async\" src=\"https:\/\/diarioabcdemichoacan.com.mx\/lasnoticias\/wp-content\/uploads\/2024\/07\/WhatsApp-Image-2024-05-07-at-10.12.40-a.m.jpeg\" alt=\"\"  srcset=\"https:\/\/diarioabcdemichoacan.com.mx\/lasnoticias\/wp-content\/uploads\/2024\/07\/WhatsApp-Image-2024-05-07-at-10.12.40-a.m.jpeg 400w, https:\/\/diarioabcdemichoacan.com.mx\/lasnoticias\/wp-content\/uploads\/2024\/07\/WhatsApp-Image-2024-05-07-at-10.12.40-a.m-150x150.jpeg 150w, https:\/\/diarioabcdemichoacan.com.mx\/lasnoticias\/wp-content\/uploads\/2024\/07\/WhatsApp-Image-2024-05-07-at-10.12.40-a.m-300x300.jpeg 300w\" sizes=\"(max-width: 400px) 100vw, 400px\" width=\"400\" height=\"400\"  style=\"display: inline-block;\" \/><\/div>\n<p>El prop\u00f3sito central de los recorridos fue generar estrategias que permitan que todas las ni\u00f1as, ni\u00f1os y j\u00f3venes en edad escolar asistan a las aulas. Esta labor responde directamente a las directrices de la presidenta Claudia Sheinbaum Pardo, quien instruy\u00f3 mantener una presencia constante en las regiones para priorizar la infraestructura, el equipamiento y el bienestar de la ni\u00f1ez.<\/p>\n<p>Durante la jornada, la secretaria de Educaci\u00f3n destac\u00f3 la importancia de la cercan\u00eda con el magisterio y las familias. \u00abLa transformaci\u00f3n educativa se consolida desde las aulas y con el trabajo directo en cada municipio; nuestra prioridad es garantizar que ning\u00fan ni\u00f1o o ni\u00f1a se quede fuera del sistema escolar\u00bb, se\u00f1al\u00f3.<\/p>\n<p>Las autoridades reforzaron las estrategias orientadas a lograr que la totalidad de las ni\u00f1as, ni\u00f1os y j\u00f3venes en edad escolar permanezcan en las aulas. A trav\u00e9s de la entrega de apoyos socioeducativos y la revisi\u00f3n de las plantillas docentes, los equipos de trabajo trazaron una ruta cr\u00edtica para combatir el rezago y la deserci\u00f3n escolar en los municipios visitados.<\/p>\n<p>Finalmente, el secretario Mario Delgado reafirm\u00f3 el respaldo del Gobierno de M\u00e9xico para fortalecer las escuelas de Michoac\u00e1n. La coordinaci\u00f3n interinstitucional mantendr\u00e1 acciones de seguimiento, con el fin de verificar que los recursos y apoyos comprometidos lleguen de manera oportuna a cada centro escolar.<\/p>\n","protected":false},"excerpt":{"rendered":"<p>Priorizan atenci\u00f3n directa a docentes, directivos y familias para revertir el rezago educativo Los Reyes, Michoac\u00e1n, 27 de agosto de 2026.- Con el objetivo de conocer de primera mano las necesidades de la comunidad escolar para poder atenderlas, la secretaria de Educaci\u00f3n del Estado, Patricia Flores Anguiano, y el secretario de Educaci\u00f3n P\u00fablica, Mario Delgado [&hellip;]<\/p>\n","protected":false},"author":6,"featured_media":83814,"comment_status":"closed","ping_status":"closed","sticky":false,"template":"","format":"standard","meta":{"footnotes":""},"categories":[10,17],"tags":[],"class_list":["post-83813","post","type-post","status-publish","format-standard","has-post-thumbnail","category-estado","category-gobierno-de-michoacan"],"yoast_head":"<!-- This site is optimized with the Yoast SEO plugin v28.4 - https:\/\/yoast.com\/product\/yoast-seo-wordpress\/ -->\n<title>Gobiernos estatal y federal suman esfuerzos para atender a la comunidad educativa - Diario ABC de Michoac\u00e1n<\/title>\n<meta name=\"robots\" content=\"index, follow, max-snippet:-1, max-image-preview:large, max-video-preview:-1\" \/>\n<link rel=\"canonical\" href=\"https:\/\/diarioabcdemichoacan.com.mx\/lasnoticias\/gobiernos-estatal-y-federal-suman-esfuerzos-para-atender-a-la-comunidad-educativa\/\" \/>\n<meta property=\"og:locale\" content=\"es_ES\" \/>\n<meta property=\"og:type\" content=\"article\" \/>\n<meta property=\"og:title\" content=\"Gobiernos estatal y federal suman esfuerzos para atender a la comunidad educativa - Diario ABC de Michoac\u00e1n\" \/>\n<meta property=\"og:description\" content=\"Priorizan atenci\u00f3n directa a docentes, directivos y familias para revertir el rezago educativo Los Reyes, Michoac\u00e1n, 27 de agosto de 2026.- Con el objetivo de conocer de primera mano las necesidades de la comunidad escolar para poder atenderlas, la secretaria de Educaci\u00f3n del Estado, Patricia Flores Anguiano, y el secretario de Educaci\u00f3n P\u00fablica, Mario Delgado [&hellip;]\" \/>\n<meta property=\"og:url\" content=\"https:\/\/diarioabcdemichoacan.com.mx\/lasnoticias\/gobiernos-estatal-y-federal-suman-esfuerzos-para-atender-a-la-comunidad-educativa\/\" \/>\n<meta property=\"og:site_name\" content=\"Diario ABC de Michoac\u00e1n\" \/>\n<meta property=\"article:published_time\" content=\"2026-08-28T05:01:01+00:00\" \/>\n<meta property=\"article:modified_time\" content=\"2026-09-01T05:01:35+00:00\" \/>\n<meta property=\"og:image\" content=\"https:\/\/diarioabcdemichoacan.com.mx\/lasnoticias\/wp-content\/uploads\/2026\/08\/62908f25-f1a4-409b-8ebe-ec011a509b36.jpg\" \/>\n\t<meta property=\"og:image:width\" content=\"1600\" \/>\n\t<meta property=\"og:image:height\" content=\"1066\" \/>\n\t<meta property=\"og:image:type\" content=\"image\/jpeg\" \/>\n<meta name=\"author\" content=\"MB\" \/>\n<meta name=\"twitter:card\" content=\"summary_large_image\" \/>\n<meta name=\"twitter:label1\" content=\"Escrito por\" \/>\n\t<meta name=\"twitter:data1\" content=\"MB\" \/>\n\t<meta name=\"twitter:label2\" content=\"Tiempo de lectura\" \/>\n\t<meta name=\"twitter:data2\" content=\"2 minutos\" \/>\n<script type=\"application\/ld+json\" class=\"yoast-schema-graph\">{\"@context\":\"https:\\\/\\\/schema.org\",\"@graph\":[{\"@type\":\"Article\",\"@id\":\"https:\\\/\\\/diarioabcdemichoacan.com.mx\\\/lasnoticias\\\/gobiernos-estatal-y-federal-suman-esfuerzos-para-atender-a-la-comunidad-educativa\\\/#article\",\"isPartOf\":{\"@id\":\"https:\\\/\\\/diarioabcdemichoacan.com.mx\\\/lasnoticias\\\/gobiernos-estatal-y-federal-suman-esfuerzos-para-atender-a-la-comunidad-educativa\\\/\"},\"author\":{\"name\":\"MB\",\"@id\":\"https:\\\/\\\/diarioabcdemichoacan.com.mx\\\/lasnoticias\\\/#\\\/schema\\\/person\\\/0546f9c3407148f7452ca932715c5e88\"},\"headline\":\"Gobiernos estatal y federal suman esfuerzos para atender a la comunidad educativa\",\"datePublished\":\"2026-08-28T05:01:01+00:00\",\"dateModified\":\"2026-09-01T05:01:35+00:00\",\"mainEntityOfPage\":{\"@id\":\"https:\\\/\\\/diarioabcdemichoacan.com.mx\\\/lasnoticias\\\/gobiernos-estatal-y-federal-suman-esfuerzos-para-atender-a-la-comunidad-educativa\\\/\"},\"wordCount\":347,\"image\":{\"@id\":\"https:\\\/\\\/diarioabcdemichoacan.com.mx\\\/lasnoticias\\\/gobiernos-estatal-y-federal-suman-esfuerzos-para-atender-a-la-comunidad-educativa\\\/#primaryimage\"},\"thumbnailUrl\":\"https:\\\/\\\/diarioabcdemichoacan.com.mx\\\/lasnoticias\\\/wp-content\\\/uploads\\\/2026\\\/08\\\/62908f25-f1a4-409b-8ebe-ec011a509b36.jpg\",\"articleSection\":[\"Estado\",\"Gobierno de Michoac\u00e1n\"],\"inLanguage\":\"es\"},{\"@type\":\"WebPage\",\"@id\":\"https:\\\/\\\/diarioabcdemichoacan.com.mx\\\/lasnoticias\\\/gobiernos-estatal-y-federal-suman-esfuerzos-para-atender-a-la-comunidad-educativa\\\/\",\"url\":\"https:\\\/\\\/diarioabcdemichoacan.com.mx\\\/lasnoticias\\\/gobiernos-estatal-y-federal-suman-esfuerzos-para-atender-a-la-comunidad-educativa\\\/\",\"name\":\"Gobiernos estatal y federal suman esfuerzos para atender a la comunidad educativa - Diario ABC de Michoac\u00e1n\",\"isPartOf\":{\"@id\":\"https:\\\/\\\/diarioabcdemichoacan.com.mx\\\/lasnoticias\\\/#website\"},\"primaryImageOfPage\":{\"@id\":\"https:\\\/\\\/diarioabcdemichoacan.com.mx\\\/lasnoticias\\\/gobiernos-estatal-y-federal-suman-esfuerzos-para-atender-a-la-comunidad-educativa\\\/#primaryimage\"},\"image\":{\"@id\":\"https:\\\/\\\/diarioabcdemichoacan.com.mx\\\/lasnoticias\\\/gobiernos-estatal-y-federal-suman-esfuerzos-para-atender-a-la-comunidad-educativa\\\/#primaryimage\"},\"thumbnailUrl\":\"https:\\\/\\\/diarioabcdemichoacan.com.mx\\\/lasnoticias\\\/wp-content\\\/uploads\\\/2026\\\/08\\\/62908f25-f1a4-409b-8ebe-ec011a509b36.jpg\",\"datePublished\":\"2026-08-28T05:01:01+00:00\",\"dateModified\":\"2026-09-01T05:01:35+00:00\",\"author\":{\"@id\":\"https:\\\/\\\/diarioabcdemichoacan.com.mx\\\/lasnoticias\\\/#\\\/schema\\\/person\\\/0546f9c3407148f7452ca932715c5e88\"},\"breadcrumb\":{\"@id\":\"https:\\\/\\\/diarioabcdemichoacan.com.mx\\\/lasnoticias\\\/gobiernos-estatal-y-federal-suman-esfuerzos-para-atender-a-la-comunidad-educativa\\\/#breadcrumb\"},\"inLanguage\":\"es\",\"potentialAction\":[{\"@type\":\"ReadAction\",\"target\":[\"https:\\\/\\\/diarioabcdemichoacan.com.mx\\\/lasnoticias\\\/gobiernos-estatal-y-federal-suman-esfuerzos-para-atender-a-la-comunidad-educativa\\\/\"]}]},{\"@type\":\"ImageObject\",\"inLanguage\":\"es\",\"@id\":\"https:\\\/\\\/diarioabcdemichoacan.com.mx\\\/lasnoticias\\\/gobiernos-estatal-y-federal-suman-esfuerzos-para-atender-a-la-comunidad-educativa\\\/#primaryimage\",\"url\":\"https:\\\/\\\/diarioabcdemichoacan.com.mx\\\/lasnoticias\\\/wp-content\\\/uploads\\\/2026\\\/08\\\/62908f25-f1a4-409b-8ebe-ec011a509b36.jpg\",\"contentUrl\":\"https:\\\/\\\/diarioabcdemichoacan.com.mx\\\/lasnoticias\\\/wp-content\\\/uploads\\\/2026\\\/08\\\/62908f25-f1a4-409b-8ebe-ec011a509b36.jpg\",\"width\":1600,\"height\":1066},{\"@type\":\"BreadcrumbList\",\"@id\":\"https:\\\/\\\/diarioabcdemichoacan.com.mx\\\/lasnoticias\\\/gobiernos-estatal-y-federal-suman-esfuerzos-para-atender-a-la-comunidad-educativa\\\/#breadcrumb\",\"itemListElement\":[{\"@type\":\"ListItem\",\"position\":1,\"name\":\"Portada\",\"item\":\"https:\\\/\\\/diarioabcdemichoacan.com.mx\\\/lasnoticias\\\/\"},{\"@type\":\"ListItem\",\"position\":2,\"name\":\"Gobiernos estatal y federal suman esfuerzos para atender a la comunidad educativa\"}]},{\"@type\":\"WebSite\",\"@id\":\"https:\\\/\\\/diarioabcdemichoacan.com.mx\\\/lasnoticias\\\/#website\",\"url\":\"https:\\\/\\\/diarioabcdemichoacan.com.mx\\\/lasnoticias\\\/\",\"name\":\"Diario ABC de Michoac\u00e1n\",\"description\":\"Las noticias al momento\",\"potentialAction\":[{\"@type\":\"SearchAction\",\"target\":{\"@type\":\"EntryPoint\",\"urlTemplate\":\"https:\\\/\\\/diarioabcdemichoacan.com.mx\\\/lasnoticias\\\/?s={search_term_string}\"},\"query-input\":{\"@type\":\"PropertyValueSpecification\",\"valueRequired\":true,\"valueName\":\"search_term_string\"}}],\"inLanguage\":\"es\"},{\"@type\":\"Person\",\"@id\":\"https:\\\/\\\/diarioabcdemichoacan.com.mx\\\/lasnoticias\\\/#\\\/schema\\\/person\\\/0546f9c3407148f7452ca932715c5e88\",\"name\":\"MB\",\"image\":{\"@type\":\"ImageObject\",\"inLanguage\":\"es\",\"@id\":\"https:\\\/\\\/secure.gravatar.com\\\/avatar\\\/ac036f018f6a8431a5687a020efaf39d914da6a3fc78ce6029ab7ae29c5130e2?s=96&d=mm&r=g\",\"url\":\"https:\\\/\\\/secure.gravatar.com\\\/avatar\\\/ac036f018f6a8431a5687a020efaf39d914da6a3fc78ce6029ab7ae29c5130e2?s=96&d=mm&r=g\",\"contentUrl\":\"https:\\\/\\\/secure.gravatar.com\\\/avatar\\\/ac036f018f6a8431a5687a020efaf39d914da6a3fc78ce6029ab7ae29c5130e2?s=96&d=mm&r=g\",\"caption\":\"MB\"},\"url\":\"https:\\\/\\\/diarioabcdemichoacan.com.mx\\\/lasnoticias\\\/author\\\/bomariano03\\\/\"}]}<\/script>\n<!-- \/ Yoast SEO plugin. -->","yoast_head_json":{"title":"Gobiernos estatal y federal suman esfuerzos para atender a la comunidad educativa - Diario ABC de Michoac\u00e1n","robots":{"index":"index","follow":"follow","max-snippet":"max-snippet:-1","max-image-preview":"max-image-preview:large","max-video-preview":"max-video-preview:-1"},"canonical":"https:\/\/diarioabcdemichoacan.com.mx\/lasnoticias\/gobiernos-estatal-y-federal-suman-esfuerzos-para-atender-a-la-comunidad-educativa\/","og_locale":"es_ES","og_type":"article","og_title":"Gobiernos estatal y federal suman esfuerzos para atender a la comunidad educativa - Diario ABC de Michoac\u00e1n","og_description":"Priorizan atenci\u00f3n directa a docentes, directivos y familias para revertir el rezago educativo Los Reyes, Michoac\u00e1n, 27 de agosto de 2026.- Con el objetivo de conocer de primera mano las necesidades de la comunidad escolar para poder atenderlas, la secretaria de Educaci\u00f3n del Estado, Patricia Flores Anguiano, y el secretario de Educaci\u00f3n P\u00fablica, Mario Delgado [&hellip;]","og_url":"https:\/\/diarioabcdemichoacan.com.mx\/lasnoticias\/gobiernos-estatal-y-federal-suman-esfuerzos-para-atender-a-la-comunidad-educativa\/","og_site_name":"Diario ABC de Michoac\u00e1n","article_published_time":"2026-08-28T05:01:01+00:00","article_modified_time":"2026-09-01T05:01:35+00:00","og_image":[{"width":1600,"height":1066,"url":"https:\/\/diarioabcdemichoacan.com.mx\/lasnoticias\/wp-content\/uploads\/2026\/08\/62908f25-f1a4-409b-8ebe-ec011a509b36.jpg","type":"image\/jpeg"}],"author":"MB","twitter_card":"summary_large_image","twitter_misc":{"Escrito por":"MB","Tiempo de lectura":"2 minutos"},"schema":{"@context":"https:\/\/schema.org","@graph":[{"@type":"Article","@id":"https:\/\/diarioabcdemichoacan.com.mx\/lasnoticias\/gobiernos-estatal-y-federal-suman-esfuerzos-para-atender-a-la-comunidad-educativa\/#article","isPartOf":{"@id":"https:\/\/diarioabcdemichoacan.com.mx\/lasnoticias\/gobiernos-estatal-y-federal-suman-esfuerzos-para-atender-a-la-comunidad-educativa\/"},"author":{"name":"MB","@id":"https:\/\/diarioabcdemichoacan.com.mx\/lasnoticias\/#\/schema\/person\/0546f9c3407148f7452ca932715c5e88"},"headline":"Gobiernos estatal y federal suman esfuerzos para atender a la comunidad educativa","datePublished":"2026-08-28T05:01:01+00:00","dateModified":"2026-09-01T05:01:35+00:00","mainEntityOfPage":{"@id":"https:\/\/diarioabcdemichoacan.com.mx\/lasnoticias\/gobiernos-estatal-y-federal-suman-esfuerzos-para-atender-a-la-comunidad-educativa\/"},"wordCount":347,"image":{"@id":"https:\/\/diarioabcdemichoacan.com.mx\/lasnoticias\/gobiernos-estatal-y-federal-suman-esfuerzos-para-atender-a-la-comunidad-educativa\/#primaryimage"},"thumbnailUrl":"https:\/\/diarioabcdemichoacan.com.mx\/lasnoticias\/wp-content\/uploads\/2026\/08\/62908f25-f1a4-409b-8ebe-ec011a509b36.jpg","articleSection":["Estado","Gobierno de Michoac\u00e1n"],"inLanguage":"es"},{"@type":"WebPage","@id":"https:\/\/diarioabcdemichoacan.com.mx\/lasnoticias\/gobiernos-estatal-y-federal-suman-esfuerzos-para-atender-a-la-comunidad-educativa\/","url":"https:\/\/diarioabcdemichoacan.com.mx\/lasnoticias\/gobiernos-estatal-y-federal-suman-esfuerzos-para-atender-a-la-comunidad-educativa\/","name":"Gobiernos estatal y federal suman esfuerzos para atender a la comunidad educativa - Diario ABC de Michoac\u00e1n","isPartOf":{"@id":"https:\/\/diarioabcdemichoacan.com.mx\/lasnoticias\/#website"},"primaryImageOfPage":{"@id":"https:\/\/diarioabcdemichoacan.com.mx\/lasnoticias\/gobiernos-estatal-y-federal-suman-esfuerzos-para-atender-a-la-comunidad-educativa\/#primaryimage"},"image":{"@id":"https:\/\/diarioabcdemichoacan.com.mx\/lasnoticias\/gobiernos-estatal-y-federal-suman-esfuerzos-para-atender-a-la-comunidad-educativa\/#primaryimage"},"thumbnailUrl":"https:\/\/diarioabcdemichoacan.com.mx\/lasnoticias\/wp-content\/uploads\/2026\/08\/62908f25-f1a4-409b-8ebe-ec011a509b36.jpg","datePublished":"2026-08-28T05:01:01+00:00","dateModified":"2026-09-01T05:01:35+00:00","author":{"@id":"https:\/\/diarioabcdemichoacan.com.mx\/lasnoticias\/#\/schema\/person\/0546f9c3407148f7452ca932715c5e88"},"breadcrumb":{"@id":"https:\/\/diarioabcdemichoacan.com.mx\/lasnoticias\/gobiernos-estatal-y-federal-suman-esfuerzos-para-atender-a-la-comunidad-educativa\/#breadcrumb"},"inLanguage":"es","potentialAction":[{"@type":"ReadAction","target":["https:\/\/diarioabcdemichoacan.com.mx\/lasnoticias\/gobiernos-estatal-y-federal-suman-esfuerzos-para-atender-a-la-comunidad-educativa\/"]}]},{"@type":"ImageObject","inLanguage":"es","@id":"https:\/\/diarioabcdemichoacan.com.mx\/lasnoticias\/gobiernos-estatal-y-federal-suman-esfuerzos-para-atender-a-la-comunidad-educativa\/#primaryimage","url":"https:\/\/diarioabcdemichoacan.com.mx\/lasnoticias\/wp-content\/uploads\/2026\/08\/62908f25-f1a4-409b-8ebe-ec011a509b36.jpg","contentUrl":"https:\/\/diarioabcdemichoacan.com.mx\/lasnoticias\/wp-content\/uploads\/2026\/08\/62908f25-f1a4-409b-8ebe-ec011a509b36.jpg","width":1600,"height":1066},{"@type":"BreadcrumbList","@id":"https:\/\/diarioabcdemichoacan.com.mx\/lasnoticias\/gobiernos-estatal-y-federal-suman-esfuerzos-para-atender-a-la-comunidad-educativa\/#breadcrumb","itemListElement":[{"@type":"ListItem","position":1,"name":"Portada","item":"https:\/\/diarioabcdemichoacan.com.mx\/lasnoticias\/"},{"@type":"ListItem","position":2,"name":"Gobiernos estatal y federal suman esfuerzos para atender a la comunidad educativa"}]},{"@type":"WebSite","@id":"https:\/\/diarioabcdemichoacan.com.mx\/lasnoticias\/#website","url":"https:\/\/diarioabcdemichoacan.com.mx\/lasnoticias\/","name":"Diario ABC de Michoac\u00e1n","description":"Las noticias al momento","potentialAction":[{"@type":"SearchAction","target":{"@type":"EntryPoint","urlTemplate":"https:\/\/diarioabcdemichoacan.com.mx\/lasnoticias\/?s={search_term_string}"},"query-input":{"@type":"PropertyValueSpecification","valueRequired":true,"valueName":"search_term_string"}}],"inLanguage":"es"},{"@type":"Person","@id":"https:\/\/diarioabcdemichoacan.com.mx\/lasnoticias\/#\/schema\/person\/0546f9c3407148f7452ca932715c5e88","name":"MB","image":{"@type":"ImageObject","inLanguage":"es","@id":"https:\/\/secure.gravatar.com\/avatar\/ac036f018f6a8431a5687a020efaf39d914da6a3fc78ce6029ab7ae29c5130e2?s=96&d=mm&r=g","url":"https:\/\/secure.gravatar.com\/avatar\/ac036f018f6a8431a5687a020efaf39d914da6a3fc78ce6029ab7ae29c5130e2?s=96&d=mm&r=g","contentUrl":"https:\/\/secure.gravatar.com\/avatar\/ac036f018f6a8431a5687a020efaf39d914da6a3fc78ce6029ab7ae29c5130e2?s=96&d=mm&r=g","caption":"MB"},"url":"https:\/\/diarioabcdemichoacan.com.mx\/lasnoticias\/author\/bomariano03\/"}]}},"_links":{"self":[{"href":"https:\/\/diarioabcdemichoacan.com.mx\/lasnoticias\/wp-json\/wp\/v2\/posts\/83813","targetHints":{"allow":["GET"]}}],"collection":[{"href":"https:\/\/diarioabcdemichoacan.com.mx\/lasnoticias\/wp-json\/wp\/v2\/posts"}],"about":[{"href":"https:\/\/diarioabcdemichoacan.com.mx\/lasnoticias\/wp-json\/wp\/v2\/types\/post"}],"author":[{"embeddable":true,"href":"https:\/\/diarioabcdemichoacan.com.mx\/lasnoticias\/wp-json\/wp\/v2\/users\/6"}],"replies":[{"embeddable":true,"href":"https:\/\/diarioabcdemichoacan.com.mx\/lasnoticias\/wp-json\/wp\/v2\/comments?post=83813"}],"version-history":[{"count":1,"href":"https:\/\/diarioabcdemichoacan.com.mx\/lasnoticias\/wp-json\/wp\/v2\/posts\/83813\/revisions"}],"predecessor-version":[{"id":83815,"href":"https:\/\/diarioabcdemichoacan.com.mx\/lasnoticias\/wp-json\/wp\/v2\/posts\/83813\/revisions\/83815"}],"wp:featuredmedia":[{"embeddable":true,"href":"https:\/\/diarioabcdemichoacan.com.mx\/lasnoticias\/wp-json\/wp\/v2\/media\/83814"}],"wp:attachment":[{"href":"https:\/\/diarioabcdemichoacan.com.mx\/lasnoticias\/wp-json\/wp\/v2\/media?parent=83813"}],"wp:term":[{"taxonomy":"category","embeddable":true,"href":"https:\/\/diarioabcdemichoacan.com.mx\/lasnoticias\/wp-json\/wp\/v2\/categories?post=83813"},{"taxonomy":"post_tag","embeddable":true,"href":"https:\/\/diarioabcdemichoacan.com.mx\/lasnoticias\/wp-json\/wp\/v2\/tags?post=83813"}],"curies":[{"name":"wp","href":"https:\/\/api.w.org\/{rel}","templated":true}]}}