{"id":83816,"date":"2026-08-27T23:01:47","date_gmt":"2026-08-28T05:01:47","guid":{"rendered":"https:\/\/diarioabcdemichoacan.com.mx\/lasnoticias\/?p=83816"},"modified":"2026-08-31T23:02:30","modified_gmt":"2026-09-01T05:02:30","slug":"detalla-ssp-despliegue-tactico-del-corredor-seguro-los-reyes-jacona","status":"publish","type":"post","link":"https:\/\/diarioabcdemichoacan.com.mx\/lasnoticias\/detalla-ssp-despliegue-tactico-del-corredor-seguro-los-reyes-jacona\/","title":{"rendered":"Detalla SSP despliegue t\u00e1ctico del corredor seguro Los Reyes-Jacona"},"content":{"rendered":"<p>El esquema integra vigilancia carretera, presencia en comunidades y coordinaci\u00f3n interinstitucional<\/p>\n<hr \/>\n<p>Morelia, Michoac\u00e1n, 27 de agosto de 2026.- El secretario de Seguridad P\u00fablica, Jos\u00e9 Antonio Cruz Medina, detall\u00f3 los alcances operativos y el despliegue t\u00e1ctico del corredor seguro Los Reyes-Jacona, dise\u00f1ado para ampliar la cobertura policial y fortalecer la capacidad de respuesta en las carreteras, municipios y comunidades de la regi\u00f3n.<\/p><div id=\"diari-892422602\" class=\"diari-contenido diari-entity-placement\"><img loading=\"lazy\" decoding=\"async\" src=\"https:\/\/diarioabcdemichoacan.com.mx\/lasnoticias\/wp-content\/uploads\/2024\/07\/WhatsApp-Image-2024-05-07-at-10.12.40-a.m.jpeg\" alt=\"\"  srcset=\"https:\/\/diarioabcdemichoacan.com.mx\/lasnoticias\/wp-content\/uploads\/2024\/07\/WhatsApp-Image-2024-05-07-at-10.12.40-a.m.jpeg 400w, https:\/\/diarioabcdemichoacan.com.mx\/lasnoticias\/wp-content\/uploads\/2024\/07\/WhatsApp-Image-2024-05-07-at-10.12.40-a.m-150x150.jpeg 150w, https:\/\/diarioabcdemichoacan.com.mx\/lasnoticias\/wp-content\/uploads\/2024\/07\/WhatsApp-Image-2024-05-07-at-10.12.40-a.m-300x300.jpeg 300w\" sizes=\"(max-width: 400px) 100vw, 400px\" width=\"400\" height=\"400\"  style=\"display: inline-block;\" \/><\/div>\n<p>El esquema se integra por tres componentes operativos: patrullajes permanentes en las v\u00edas de comunicaci\u00f3n, presencia preventiva dentro de las localidades y coordinaci\u00f3n entre las instituciones responsables de brindar seguridad. Estas acciones permitir\u00e1n atender incidencias y emergencias de manera m\u00e1s oportuna.<\/p>\n<p>La operatividad contempla vigilancia y monitoreo constante, atenci\u00f3n de emergencias y auxilio carretero, adem\u00e1s del despliegue de personal en los puntos donde las condiciones de seguridad requieran una intervenci\u00f3n inmediata.<\/p>\n<p>Cruz Medina explic\u00f3 que la coordinaci\u00f3n entre la Guardia Civil, las polic\u00edas municipales, la Guardia Nacional, la Secretar\u00eda de la Defensa Nacional (Defensa) y las autoridades de las comunidades con autogobierno ser\u00e1 fundamental para mantener comunicaci\u00f3n permanente y articular la respuesta institucional.<\/p>\n<p>El corredor no se limitar\u00e1 a la vigilancia de un tramo carretero, sino que extender\u00e1 sus acciones a las comunidades y municipios conectados por esta ruta, con atenci\u00f3n a las necesidades de quienes habitan, trabajan, transportan mercanc\u00edas o transitan por la zona.<\/p>\n<p>El titular de la SSP instruy\u00f3 a las y los agentes desplegados a actuar con profesionalismo, responsabilidad y cercan\u00eda con la ciudadan\u00eda, bajo un modelo enfocado en la prevenci\u00f3n, la presencia territorial y la atenci\u00f3n inmediata ante cualquier situaci\u00f3n.<\/p>\n","protected":false},"excerpt":{"rendered":"<p>El esquema integra vigilancia carretera, presencia en comunidades y coordinaci\u00f3n interinstitucional Morelia, Michoac\u00e1n, 27 de agosto de 2026.- El secretario de Seguridad P\u00fablica, Jos\u00e9 Antonio Cruz Medina, detall\u00f3 los alcances operativos y el despliegue t\u00e1ctico del corredor seguro Los Reyes-Jacona, dise\u00f1ado para ampliar la cobertura policial y fortalecer la capacidad de respuesta en las carreteras, [&hellip;]<\/p>\n","protected":false},"author":6,"featured_media":83817,"comment_status":"closed","ping_status":"closed","sticky":false,"template":"","format":"standard","meta":{"footnotes":""},"categories":[10,17,25],"tags":[],"class_list":["post-83816","post","type-post","status-publish","format-standard","has-post-thumbnail","category-estado","category-gobierno-de-michoacan","category-seguridad"],"yoast_head":"<!-- This site is optimized with the Yoast SEO plugin v28.4 - https:\/\/yoast.com\/product\/yoast-seo-wordpress\/ -->\n<title>Detalla SSP despliegue t\u00e1ctico del corredor seguro Los Reyes-Jacona - Diario ABC de Michoac\u00e1n<\/title>\n<meta name=\"robots\" content=\"index, follow, max-snippet:-1, max-image-preview:large, max-video-preview:-1\" \/>\n<link rel=\"canonical\" href=\"https:\/\/diarioabcdemichoacan.com.mx\/lasnoticias\/detalla-ssp-despliegue-tactico-del-corredor-seguro-los-reyes-jacona\/\" \/>\n<meta property=\"og:locale\" content=\"es_ES\" \/>\n<meta property=\"og:type\" content=\"article\" \/>\n<meta property=\"og:title\" content=\"Detalla SSP despliegue t\u00e1ctico del corredor seguro Los Reyes-Jacona - Diario ABC de Michoac\u00e1n\" \/>\n<meta property=\"og:description\" content=\"El esquema integra vigilancia carretera, presencia en comunidades y coordinaci\u00f3n interinstitucional Morelia, Michoac\u00e1n, 27 de agosto de 2026.- El secretario de Seguridad P\u00fablica, Jos\u00e9 Antonio Cruz Medina, detall\u00f3 los alcances operativos y el despliegue t\u00e1ctico del corredor seguro Los Reyes-Jacona, dise\u00f1ado para ampliar la cobertura policial y fortalecer la capacidad de respuesta en las carreteras, [&hellip;]\" \/>\n<meta property=\"og:url\" content=\"https:\/\/diarioabcdemichoacan.com.mx\/lasnoticias\/detalla-ssp-despliegue-tactico-del-corredor-seguro-los-reyes-jacona\/\" \/>\n<meta property=\"og:site_name\" content=\"Diario ABC de Michoac\u00e1n\" \/>\n<meta property=\"article:published_time\" content=\"2026-08-28T05:01:47+00:00\" \/>\n<meta property=\"article:modified_time\" content=\"2026-09-01T05:02:30+00:00\" \/>\n<meta property=\"og:image\" content=\"https:\/\/diarioabcdemichoacan.com.mx\/lasnoticias\/wp-content\/uploads\/2026\/08\/4aaeb5cf-3d19-43b9-b432-0ed1450de18d.jpg\" \/>\n\t<meta property=\"og:image:width\" content=\"1280\" \/>\n\t<meta property=\"og:image:height\" content=\"720\" \/>\n\t<meta property=\"og:image:type\" content=\"image\/jpeg\" \/>\n<meta name=\"author\" content=\"MB\" \/>\n<meta name=\"twitter:card\" content=\"summary_large_image\" \/>\n<meta name=\"twitter:label1\" content=\"Escrito por\" \/>\n\t<meta name=\"twitter:data1\" content=\"MB\" \/>\n\t<meta name=\"twitter:label2\" content=\"Tiempo de lectura\" \/>\n\t<meta name=\"twitter:data2\" content=\"2 minutos\" \/>\n<script type=\"application\/ld+json\" class=\"yoast-schema-graph\">{\"@context\":\"https:\\\/\\\/schema.org\",\"@graph\":[{\"@type\":\"Article\",\"@id\":\"https:\\\/\\\/diarioabcdemichoacan.com.mx\\\/lasnoticias\\\/detalla-ssp-despliegue-tactico-del-corredor-seguro-los-reyes-jacona\\\/#article\",\"isPartOf\":{\"@id\":\"https:\\\/\\\/diarioabcdemichoacan.com.mx\\\/lasnoticias\\\/detalla-ssp-despliegue-tactico-del-corredor-seguro-los-reyes-jacona\\\/\"},\"author\":{\"name\":\"MB\",\"@id\":\"https:\\\/\\\/diarioabcdemichoacan.com.mx\\\/lasnoticias\\\/#\\\/schema\\\/person\\\/0546f9c3407148f7452ca932715c5e88\"},\"headline\":\"Detalla SSP despliegue t\u00e1ctico del corredor seguro Los Reyes-Jacona\",\"datePublished\":\"2026-08-28T05:01:47+00:00\",\"dateModified\":\"2026-09-01T05:02:30+00:00\",\"mainEntityOfPage\":{\"@id\":\"https:\\\/\\\/diarioabcdemichoacan.com.mx\\\/lasnoticias\\\/detalla-ssp-despliegue-tactico-del-corredor-seguro-los-reyes-jacona\\\/\"},\"wordCount\":289,\"image\":{\"@id\":\"https:\\\/\\\/diarioabcdemichoacan.com.mx\\\/lasnoticias\\\/detalla-ssp-despliegue-tactico-del-corredor-seguro-los-reyes-jacona\\\/#primaryimage\"},\"thumbnailUrl\":\"https:\\\/\\\/diarioabcdemichoacan.com.mx\\\/lasnoticias\\\/wp-content\\\/uploads\\\/2026\\\/08\\\/4aaeb5cf-3d19-43b9-b432-0ed1450de18d.jpg\",\"articleSection\":[\"Estado\",\"Gobierno de Michoac\u00e1n\",\"Seguridad\"],\"inLanguage\":\"es\"},{\"@type\":\"WebPage\",\"@id\":\"https:\\\/\\\/diarioabcdemichoacan.com.mx\\\/lasnoticias\\\/detalla-ssp-despliegue-tactico-del-corredor-seguro-los-reyes-jacona\\\/\",\"url\":\"https:\\\/\\\/diarioabcdemichoacan.com.mx\\\/lasnoticias\\\/detalla-ssp-despliegue-tactico-del-corredor-seguro-los-reyes-jacona\\\/\",\"name\":\"Detalla SSP despliegue t\u00e1ctico del corredor seguro Los Reyes-Jacona - Diario ABC de Michoac\u00e1n\",\"isPartOf\":{\"@id\":\"https:\\\/\\\/diarioabcdemichoacan.com.mx\\\/lasnoticias\\\/#website\"},\"primaryImageOfPage\":{\"@id\":\"https:\\\/\\\/diarioabcdemichoacan.com.mx\\\/lasnoticias\\\/detalla-ssp-despliegue-tactico-del-corredor-seguro-los-reyes-jacona\\\/#primaryimage\"},\"image\":{\"@id\":\"https:\\\/\\\/diarioabcdemichoacan.com.mx\\\/lasnoticias\\\/detalla-ssp-despliegue-tactico-del-corredor-seguro-los-reyes-jacona\\\/#primaryimage\"},\"thumbnailUrl\":\"https:\\\/\\\/diarioabcdemichoacan.com.mx\\\/lasnoticias\\\/wp-content\\\/uploads\\\/2026\\\/08\\\/4aaeb5cf-3d19-43b9-b432-0ed1450de18d.jpg\",\"datePublished\":\"2026-08-28T05:01:47+00:00\",\"dateModified\":\"2026-09-01T05:02:30+00:00\",\"author\":{\"@id\":\"https:\\\/\\\/diarioabcdemichoacan.com.mx\\\/lasnoticias\\\/#\\\/schema\\\/person\\\/0546f9c3407148f7452ca932715c5e88\"},\"breadcrumb\":{\"@id\":\"https:\\\/\\\/diarioabcdemichoacan.com.mx\\\/lasnoticias\\\/detalla-ssp-despliegue-tactico-del-corredor-seguro-los-reyes-jacona\\\/#breadcrumb\"},\"inLanguage\":\"es\",\"potentialAction\":[{\"@type\":\"ReadAction\",\"target\":[\"https:\\\/\\\/diarioabcdemichoacan.com.mx\\\/lasnoticias\\\/detalla-ssp-despliegue-tactico-del-corredor-seguro-los-reyes-jacona\\\/\"]}]},{\"@type\":\"ImageObject\",\"inLanguage\":\"es\",\"@id\":\"https:\\\/\\\/diarioabcdemichoacan.com.mx\\\/lasnoticias\\\/detalla-ssp-despliegue-tactico-del-corredor-seguro-los-reyes-jacona\\\/#primaryimage\",\"url\":\"https:\\\/\\\/diarioabcdemichoacan.com.mx\\\/lasnoticias\\\/wp-content\\\/uploads\\\/2026\\\/08\\\/4aaeb5cf-3d19-43b9-b432-0ed1450de18d.jpg\",\"contentUrl\":\"https:\\\/\\\/diarioabcdemichoacan.com.mx\\\/lasnoticias\\\/wp-content\\\/uploads\\\/2026\\\/08\\\/4aaeb5cf-3d19-43b9-b432-0ed1450de18d.jpg\",\"width\":1280,\"height\":720},{\"@type\":\"BreadcrumbList\",\"@id\":\"https:\\\/\\\/diarioabcdemichoacan.com.mx\\\/lasnoticias\\\/detalla-ssp-despliegue-tactico-del-corredor-seguro-los-reyes-jacona\\\/#breadcrumb\",\"itemListElement\":[{\"@type\":\"ListItem\",\"position\":1,\"name\":\"Portada\",\"item\":\"https:\\\/\\\/diarioabcdemichoacan.com.mx\\\/lasnoticias\\\/\"},{\"@type\":\"ListItem\",\"position\":2,\"name\":\"Detalla SSP despliegue t\u00e1ctico del corredor seguro Los Reyes-Jacona\"}]},{\"@type\":\"WebSite\",\"@id\":\"https:\\\/\\\/diarioabcdemichoacan.com.mx\\\/lasnoticias\\\/#website\",\"url\":\"https:\\\/\\\/diarioabcdemichoacan.com.mx\\\/lasnoticias\\\/\",\"name\":\"Diario ABC de Michoac\u00e1n\",\"description\":\"Las noticias al momento\",\"potentialAction\":[{\"@type\":\"SearchAction\",\"target\":{\"@type\":\"EntryPoint\",\"urlTemplate\":\"https:\\\/\\\/diarioabcdemichoacan.com.mx\\\/lasnoticias\\\/?s={search_term_string}\"},\"query-input\":{\"@type\":\"PropertyValueSpecification\",\"valueRequired\":true,\"valueName\":\"search_term_string\"}}],\"inLanguage\":\"es\"},{\"@type\":\"Person\",\"@id\":\"https:\\\/\\\/diarioabcdemichoacan.com.mx\\\/lasnoticias\\\/#\\\/schema\\\/person\\\/0546f9c3407148f7452ca932715c5e88\",\"name\":\"MB\",\"image\":{\"@type\":\"ImageObject\",\"inLanguage\":\"es\",\"@id\":\"https:\\\/\\\/secure.gravatar.com\\\/avatar\\\/ac036f018f6a8431a5687a020efaf39d914da6a3fc78ce6029ab7ae29c5130e2?s=96&d=mm&r=g\",\"url\":\"https:\\\/\\\/secure.gravatar.com\\\/avatar\\\/ac036f018f6a8431a5687a020efaf39d914da6a3fc78ce6029ab7ae29c5130e2?s=96&d=mm&r=g\",\"contentUrl\":\"https:\\\/\\\/secure.gravatar.com\\\/avatar\\\/ac036f018f6a8431a5687a020efaf39d914da6a3fc78ce6029ab7ae29c5130e2?s=96&d=mm&r=g\",\"caption\":\"MB\"},\"url\":\"https:\\\/\\\/diarioabcdemichoacan.com.mx\\\/lasnoticias\\\/author\\\/bomariano03\\\/\"}]}<\/script>\n<!-- \/ Yoast SEO plugin. -->","yoast_head_json":{"title":"Detalla SSP despliegue t\u00e1ctico del corredor seguro Los Reyes-Jacona - Diario ABC de Michoac\u00e1n","robots":{"index":"index","follow":"follow","max-snippet":"max-snippet:-1","max-image-preview":"max-image-preview:large","max-video-preview":"max-video-preview:-1"},"canonical":"https:\/\/diarioabcdemichoacan.com.mx\/lasnoticias\/detalla-ssp-despliegue-tactico-del-corredor-seguro-los-reyes-jacona\/","og_locale":"es_ES","og_type":"article","og_title":"Detalla SSP despliegue t\u00e1ctico del corredor seguro Los Reyes-Jacona - Diario ABC de Michoac\u00e1n","og_description":"El esquema integra vigilancia carretera, presencia en comunidades y coordinaci\u00f3n interinstitucional Morelia, Michoac\u00e1n, 27 de agosto de 2026.- El secretario de Seguridad P\u00fablica, Jos\u00e9 Antonio Cruz Medina, detall\u00f3 los alcances operativos y el despliegue t\u00e1ctico del corredor seguro Los Reyes-Jacona, dise\u00f1ado para ampliar la cobertura policial y fortalecer la capacidad de respuesta en las carreteras, [&hellip;]","og_url":"https:\/\/diarioabcdemichoacan.com.mx\/lasnoticias\/detalla-ssp-despliegue-tactico-del-corredor-seguro-los-reyes-jacona\/","og_site_name":"Diario ABC de Michoac\u00e1n","article_published_time":"2026-08-28T05:01:47+00:00","article_modified_time":"2026-09-01T05:02:30+00:00","og_image":[{"width":1280,"height":720,"url":"https:\/\/diarioabcdemichoacan.com.mx\/lasnoticias\/wp-content\/uploads\/2026\/08\/4aaeb5cf-3d19-43b9-b432-0ed1450de18d.jpg","type":"image\/jpeg"}],"author":"MB","twitter_card":"summary_large_image","twitter_misc":{"Escrito por":"MB","Tiempo de lectura":"2 minutos"},"schema":{"@context":"https:\/\/schema.org","@graph":[{"@type":"Article","@id":"https:\/\/diarioabcdemichoacan.com.mx\/lasnoticias\/detalla-ssp-despliegue-tactico-del-corredor-seguro-los-reyes-jacona\/#article","isPartOf":{"@id":"https:\/\/diarioabcdemichoacan.com.mx\/lasnoticias\/detalla-ssp-despliegue-tactico-del-corredor-seguro-los-reyes-jacona\/"},"author":{"name":"MB","@id":"https:\/\/diarioabcdemichoacan.com.mx\/lasnoticias\/#\/schema\/person\/0546f9c3407148f7452ca932715c5e88"},"headline":"Detalla SSP despliegue t\u00e1ctico del corredor seguro Los Reyes-Jacona","datePublished":"2026-08-28T05:01:47+00:00","dateModified":"2026-09-01T05:02:30+00:00","mainEntityOfPage":{"@id":"https:\/\/diarioabcdemichoacan.com.mx\/lasnoticias\/detalla-ssp-despliegue-tactico-del-corredor-seguro-los-reyes-jacona\/"},"wordCount":289,"image":{"@id":"https:\/\/diarioabcdemichoacan.com.mx\/lasnoticias\/detalla-ssp-despliegue-tactico-del-corredor-seguro-los-reyes-jacona\/#primaryimage"},"thumbnailUrl":"https:\/\/diarioabcdemichoacan.com.mx\/lasnoticias\/wp-content\/uploads\/2026\/08\/4aaeb5cf-3d19-43b9-b432-0ed1450de18d.jpg","articleSection":["Estado","Gobierno de Michoac\u00e1n","Seguridad"],"inLanguage":"es"},{"@type":"WebPage","@id":"https:\/\/diarioabcdemichoacan.com.mx\/lasnoticias\/detalla-ssp-despliegue-tactico-del-corredor-seguro-los-reyes-jacona\/","url":"https:\/\/diarioabcdemichoacan.com.mx\/lasnoticias\/detalla-ssp-despliegue-tactico-del-corredor-seguro-los-reyes-jacona\/","name":"Detalla SSP despliegue t\u00e1ctico del corredor seguro Los Reyes-Jacona - Diario ABC de Michoac\u00e1n","isPartOf":{"@id":"https:\/\/diarioabcdemichoacan.com.mx\/lasnoticias\/#website"},"primaryImageOfPage":{"@id":"https:\/\/diarioabcdemichoacan.com.mx\/lasnoticias\/detalla-ssp-despliegue-tactico-del-corredor-seguro-los-reyes-jacona\/#primaryimage"},"image":{"@id":"https:\/\/diarioabcdemichoacan.com.mx\/lasnoticias\/detalla-ssp-despliegue-tactico-del-corredor-seguro-los-reyes-jacona\/#primaryimage"},"thumbnailUrl":"https:\/\/diarioabcdemichoacan.com.mx\/lasnoticias\/wp-content\/uploads\/2026\/08\/4aaeb5cf-3d19-43b9-b432-0ed1450de18d.jpg","datePublished":"2026-08-28T05:01:47+00:00","dateModified":"2026-09-01T05:02:30+00:00","author":{"@id":"https:\/\/diarioabcdemichoacan.com.mx\/lasnoticias\/#\/schema\/person\/0546f9c3407148f7452ca932715c5e88"},"breadcrumb":{"@id":"https:\/\/diarioabcdemichoacan.com.mx\/lasnoticias\/detalla-ssp-despliegue-tactico-del-corredor-seguro-los-reyes-jacona\/#breadcrumb"},"inLanguage":"es","potentialAction":[{"@type":"ReadAction","target":["https:\/\/diarioabcdemichoacan.com.mx\/lasnoticias\/detalla-ssp-despliegue-tactico-del-corredor-seguro-los-reyes-jacona\/"]}]},{"@type":"ImageObject","inLanguage":"es","@id":"https:\/\/diarioabcdemichoacan.com.mx\/lasnoticias\/detalla-ssp-despliegue-tactico-del-corredor-seguro-los-reyes-jacona\/#primaryimage","url":"https:\/\/diarioabcdemichoacan.com.mx\/lasnoticias\/wp-content\/uploads\/2026\/08\/4aaeb5cf-3d19-43b9-b432-0ed1450de18d.jpg","contentUrl":"https:\/\/diarioabcdemichoacan.com.mx\/lasnoticias\/wp-content\/uploads\/2026\/08\/4aaeb5cf-3d19-43b9-b432-0ed1450de18d.jpg","width":1280,"height":720},{"@type":"BreadcrumbList","@id":"https:\/\/diarioabcdemichoacan.com.mx\/lasnoticias\/detalla-ssp-despliegue-tactico-del-corredor-seguro-los-reyes-jacona\/#breadcrumb","itemListElement":[{"@type":"ListItem","position":1,"name":"Portada","item":"https:\/\/diarioabcdemichoacan.com.mx\/lasnoticias\/"},{"@type":"ListItem","position":2,"name":"Detalla SSP despliegue t\u00e1ctico del corredor seguro Los Reyes-Jacona"}]},{"@type":"WebSite","@id":"https:\/\/diarioabcdemichoacan.com.mx\/lasnoticias\/#website","url":"https:\/\/diarioabcdemichoacan.com.mx\/lasnoticias\/","name":"Diario ABC de Michoac\u00e1n","description":"Las noticias al momento","potentialAction":[{"@type":"SearchAction","target":{"@type":"EntryPoint","urlTemplate":"https:\/\/diarioabcdemichoacan.com.mx\/lasnoticias\/?s={search_term_string}"},"query-input":{"@type":"PropertyValueSpecification","valueRequired":true,"valueName":"search_term_string"}}],"inLanguage":"es"},{"@type":"Person","@id":"https:\/\/diarioabcdemichoacan.com.mx\/lasnoticias\/#\/schema\/person\/0546f9c3407148f7452ca932715c5e88","name":"MB","image":{"@type":"ImageObject","inLanguage":"es","@id":"https:\/\/secure.gravatar.com\/avatar\/ac036f018f6a8431a5687a020efaf39d914da6a3fc78ce6029ab7ae29c5130e2?s=96&d=mm&r=g","url":"https:\/\/secure.gravatar.com\/avatar\/ac036f018f6a8431a5687a020efaf39d914da6a3fc78ce6029ab7ae29c5130e2?s=96&d=mm&r=g","contentUrl":"https:\/\/secure.gravatar.com\/avatar\/ac036f018f6a8431a5687a020efaf39d914da6a3fc78ce6029ab7ae29c5130e2?s=96&d=mm&r=g","caption":"MB"},"url":"https:\/\/diarioabcdemichoacan.com.mx\/lasnoticias\/author\/bomariano03\/"}]}},"_links":{"self":[{"href":"https:\/\/diarioabcdemichoacan.com.mx\/lasnoticias\/wp-json\/wp\/v2\/posts\/83816","targetHints":{"allow":["GET"]}}],"collection":[{"href":"https:\/\/diarioabcdemichoacan.com.mx\/lasnoticias\/wp-json\/wp\/v2\/posts"}],"about":[{"href":"https:\/\/diarioabcdemichoacan.com.mx\/lasnoticias\/wp-json\/wp\/v2\/types\/post"}],"author":[{"embeddable":true,"href":"https:\/\/diarioabcdemichoacan.com.mx\/lasnoticias\/wp-json\/wp\/v2\/users\/6"}],"replies":[{"embeddable":true,"href":"https:\/\/diarioabcdemichoacan.com.mx\/lasnoticias\/wp-json\/wp\/v2\/comments?post=83816"}],"version-history":[{"count":1,"href":"https:\/\/diarioabcdemichoacan.com.mx\/lasnoticias\/wp-json\/wp\/v2\/posts\/83816\/revisions"}],"predecessor-version":[{"id":83818,"href":"https:\/\/diarioabcdemichoacan.com.mx\/lasnoticias\/wp-json\/wp\/v2\/posts\/83816\/revisions\/83818"}],"wp:featuredmedia":[{"embeddable":true,"href":"https:\/\/diarioabcdemichoacan.com.mx\/lasnoticias\/wp-json\/wp\/v2\/media\/83817"}],"wp:attachment":[{"href":"https:\/\/diarioabcdemichoacan.com.mx\/lasnoticias\/wp-json\/wp\/v2\/media?parent=83816"}],"wp:term":[{"taxonomy":"category","embeddable":true,"href":"https:\/\/diarioabcdemichoacan.com.mx\/lasnoticias\/wp-json\/wp\/v2\/categories?post=83816"},{"taxonomy":"post_tag","embeddable":true,"href":"https:\/\/diarioabcdemichoacan.com.mx\/lasnoticias\/wp-json\/wp\/v2\/tags?post=83816"}],"curies":[{"name":"wp","href":"https:\/\/api.w.org\/{rel}","templated":true}]}}