{"id":83828,"date":"2026-08-27T23:05:13","date_gmt":"2026-08-28T05:05:13","guid":{"rendered":"https:\/\/diarioabcdemichoacan.com.mx\/lasnoticias\/?p=83828"},"modified":"2026-08-31T23:05:53","modified_gmt":"2026-09-01T05:05:53","slug":"bedolla-pone-en-marcha-corredor-seguro-en-carretera-los-reyes-jacona","status":"publish","type":"post","link":"https:\/\/diarioabcdemichoacan.com.mx\/lasnoticias\/bedolla-pone-en-marcha-corredor-seguro-en-carretera-los-reyes-jacona\/","title":{"rendered":"Bedolla pone en marcha corredor seguro en carretera Los Reyes-Jacona"},"content":{"rendered":"<p>Tocumbo, Michoac\u00e1n, 27 de agosto de 2026.- Para reforzar las acciones de seguridad en la regi\u00f3n Los Reyes-Jacona, el gobernador Alfredo Ram\u00edrez Bedolla puso en marcha el corredor seguro el cual se ejecutar\u00e1 en coordinaci\u00f3n con la Guardia Nacional, Guardia Civil, Secretar\u00eda de la Defensa Nacional (Defensa), Polic\u00edas Municipales y autogobiernos ind\u00edgenas.<\/p>\n<p>\u201cEsta es la principal carretera estatal en Michoac\u00e1n, por aqu\u00ed transitan diariamente m\u00e1s de 20 mil veh\u00edculos, convirti\u00e9ndola en una de las rutas econ\u00f3micas m\u00e1s importantes del estado, por ello, es de gran relevancia garantizar su seguridad y el tr\u00e1nsito\u201d, mencion\u00f3 el mandatario estatal.<\/p><div id=\"diari-1905673972\" class=\"diari-contenido diari-entity-placement\"><img loading=\"lazy\" decoding=\"async\" src=\"https:\/\/diarioabcdemichoacan.com.mx\/lasnoticias\/wp-content\/uploads\/2024\/07\/WhatsApp-Image-2024-05-07-at-10.12.40-a.m.jpeg\" alt=\"\"  srcset=\"https:\/\/diarioabcdemichoacan.com.mx\/lasnoticias\/wp-content\/uploads\/2024\/07\/WhatsApp-Image-2024-05-07-at-10.12.40-a.m.jpeg 400w, https:\/\/diarioabcdemichoacan.com.mx\/lasnoticias\/wp-content\/uploads\/2024\/07\/WhatsApp-Image-2024-05-07-at-10.12.40-a.m-150x150.jpeg 150w, https:\/\/diarioabcdemichoacan.com.mx\/lasnoticias\/wp-content\/uploads\/2024\/07\/WhatsApp-Image-2024-05-07-at-10.12.40-a.m-300x300.jpeg 300w\" sizes=\"(max-width: 400px) 100vw, 400px\" width=\"400\" height=\"400\"  style=\"display: inline-block;\" \/><\/div>\n<p>Ram\u00edrez Bedolla recalc\u00f3 que por mandato de la presidenta Claudia Sheinbaum Pardo, se reforz\u00f3 el esquema de seguridad de esta regi\u00f3n, por ello, el arranque de este operativo consolida las acciones a favor de la paz y el desarrollo econ\u00f3mico de Michoac\u00e1n.<\/p>\n<p>Destac\u00f3 que durante la presente administraci\u00f3n, se ha trabajado para brindar mantenimiento y rehabilitaci\u00f3n a todas las v\u00edas de comunicaci\u00f3n estatales, incluyendo la ruta Los Reyes-Jacona, por lo que ahora se sumar\u00e1n los esfuerzos para hacerla segura para las familias y comerciantes que en ella transitan.<\/p>\n<p>Por su parte, el secretario de Seguridad P\u00fablica, Jos\u00e9 Antonio Cruz Medina, refiri\u00f3 que esta operaci\u00f3n contempla patrullajes permanentes, vigilancia, monitoreo, atenci\u00f3n de emergencias y auxilio carretero, tanto en las v\u00edas principales como dentro de las comunidades cercanas.<\/p>\n<p>A su vez, exhort\u00f3 a los elementos de la Guardia Civil que se desplegar\u00e1n en esta regi\u00f3n, a actuar siempre con profesionalismo, responsabilidad y cercan\u00eda a la ciudadan\u00eda, ya que su trabajo ser\u00e1 fundamental para que esta estrategia brinde una mayor tranquilidad en las comunidades y para quienes transitan por esta regi\u00f3n.<\/p>\n<p>Asistieron el comandante de la 21a. Zona Militar, Juan Bravo Vel\u00e1zquez; los presidentes municipales de Jacona, Los Reyes, Ting\u00fcind\u00edn y Tocumbo; autoridades de las comunidades con autogobierno, as\u00ed como mandos policiales, militares, y p\u00fablico en general.<\/p>\n","protected":false},"excerpt":{"rendered":"<p>Tocumbo, Michoac\u00e1n, 27 de agosto de 2026.- Para reforzar las acciones de seguridad en la regi\u00f3n Los Reyes-Jacona, el gobernador Alfredo Ram\u00edrez Bedolla puso en marcha el corredor seguro el cual se ejecutar\u00e1 en coordinaci\u00f3n con la Guardia Nacional, Guardia Civil, Secretar\u00eda de la Defensa Nacional (Defensa), Polic\u00edas Municipales y autogobiernos ind\u00edgenas. \u201cEsta es la [&hellip;]<\/p>\n","protected":false},"author":6,"featured_media":83829,"comment_status":"closed","ping_status":"closed","sticky":false,"template":"","format":"standard","meta":{"footnotes":""},"categories":[10,17,25],"tags":[],"class_list":["post-83828","post","type-post","status-publish","format-standard","has-post-thumbnail","category-estado","category-gobierno-de-michoacan","category-seguridad"],"yoast_head":"<!-- This site is optimized with the Yoast SEO plugin v28.4 - https:\/\/yoast.com\/product\/yoast-seo-wordpress\/ -->\n<title>Bedolla pone en marcha corredor seguro en carretera Los Reyes-Jacona - Diario ABC de Michoac\u00e1n<\/title>\n<meta name=\"robots\" content=\"index, follow, max-snippet:-1, max-image-preview:large, max-video-preview:-1\" \/>\n<link rel=\"canonical\" href=\"https:\/\/diarioabcdemichoacan.com.mx\/lasnoticias\/bedolla-pone-en-marcha-corredor-seguro-en-carretera-los-reyes-jacona\/\" \/>\n<meta property=\"og:locale\" content=\"es_ES\" \/>\n<meta property=\"og:type\" content=\"article\" \/>\n<meta property=\"og:title\" content=\"Bedolla pone en marcha corredor seguro en carretera Los Reyes-Jacona - Diario ABC de Michoac\u00e1n\" \/>\n<meta property=\"og:description\" content=\"Tocumbo, Michoac\u00e1n, 27 de agosto de 2026.- Para reforzar las acciones de seguridad en la regi\u00f3n Los Reyes-Jacona, el gobernador Alfredo Ram\u00edrez Bedolla puso en marcha el corredor seguro el cual se ejecutar\u00e1 en coordinaci\u00f3n con la Guardia Nacional, Guardia Civil, Secretar\u00eda de la Defensa Nacional (Defensa), Polic\u00edas Municipales y autogobiernos ind\u00edgenas. \u201cEsta es la [&hellip;]\" \/>\n<meta property=\"og:url\" content=\"https:\/\/diarioabcdemichoacan.com.mx\/lasnoticias\/bedolla-pone-en-marcha-corredor-seguro-en-carretera-los-reyes-jacona\/\" \/>\n<meta property=\"og:site_name\" content=\"Diario ABC de Michoac\u00e1n\" \/>\n<meta property=\"article:published_time\" content=\"2026-08-28T05:05:13+00:00\" \/>\n<meta property=\"article:modified_time\" content=\"2026-09-01T05:05:53+00:00\" \/>\n<meta property=\"og:image\" content=\"https:\/\/diarioabcdemichoacan.com.mx\/lasnoticias\/wp-content\/uploads\/2026\/08\/e784a404-fed3-421b-823a-ae4bc230a8bb.jpg\" \/>\n\t<meta property=\"og:image:width\" content=\"1280\" \/>\n\t<meta property=\"og:image:height\" content=\"853\" \/>\n\t<meta property=\"og:image:type\" content=\"image\/jpeg\" \/>\n<meta name=\"author\" content=\"MB\" \/>\n<meta name=\"twitter:card\" content=\"summary_large_image\" \/>\n<meta name=\"twitter:label1\" content=\"Escrito por\" \/>\n\t<meta name=\"twitter:data1\" content=\"MB\" \/>\n\t<meta name=\"twitter:label2\" content=\"Tiempo de lectura\" \/>\n\t<meta name=\"twitter:data2\" content=\"2 minutos\" \/>\n<script type=\"application\/ld+json\" class=\"yoast-schema-graph\">{\"@context\":\"https:\\\/\\\/schema.org\",\"@graph\":[{\"@type\":\"Article\",\"@id\":\"https:\\\/\\\/diarioabcdemichoacan.com.mx\\\/lasnoticias\\\/bedolla-pone-en-marcha-corredor-seguro-en-carretera-los-reyes-jacona\\\/#article\",\"isPartOf\":{\"@id\":\"https:\\\/\\\/diarioabcdemichoacan.com.mx\\\/lasnoticias\\\/bedolla-pone-en-marcha-corredor-seguro-en-carretera-los-reyes-jacona\\\/\"},\"author\":{\"name\":\"MB\",\"@id\":\"https:\\\/\\\/diarioabcdemichoacan.com.mx\\\/lasnoticias\\\/#\\\/schema\\\/person\\\/0546f9c3407148f7452ca932715c5e88\"},\"headline\":\"Bedolla pone en marcha corredor seguro en carretera Los Reyes-Jacona\",\"datePublished\":\"2026-08-28T05:05:13+00:00\",\"dateModified\":\"2026-09-01T05:05:53+00:00\",\"mainEntityOfPage\":{\"@id\":\"https:\\\/\\\/diarioabcdemichoacan.com.mx\\\/lasnoticias\\\/bedolla-pone-en-marcha-corredor-seguro-en-carretera-los-reyes-jacona\\\/\"},\"wordCount\":354,\"image\":{\"@id\":\"https:\\\/\\\/diarioabcdemichoacan.com.mx\\\/lasnoticias\\\/bedolla-pone-en-marcha-corredor-seguro-en-carretera-los-reyes-jacona\\\/#primaryimage\"},\"thumbnailUrl\":\"https:\\\/\\\/diarioabcdemichoacan.com.mx\\\/lasnoticias\\\/wp-content\\\/uploads\\\/2026\\\/08\\\/e784a404-fed3-421b-823a-ae4bc230a8bb.jpg\",\"articleSection\":[\"Estado\",\"Gobierno de Michoac\u00e1n\",\"Seguridad\"],\"inLanguage\":\"es\"},{\"@type\":\"WebPage\",\"@id\":\"https:\\\/\\\/diarioabcdemichoacan.com.mx\\\/lasnoticias\\\/bedolla-pone-en-marcha-corredor-seguro-en-carretera-los-reyes-jacona\\\/\",\"url\":\"https:\\\/\\\/diarioabcdemichoacan.com.mx\\\/lasnoticias\\\/bedolla-pone-en-marcha-corredor-seguro-en-carretera-los-reyes-jacona\\\/\",\"name\":\"Bedolla pone en marcha corredor seguro en carretera Los Reyes-Jacona - Diario ABC de Michoac\u00e1n\",\"isPartOf\":{\"@id\":\"https:\\\/\\\/diarioabcdemichoacan.com.mx\\\/lasnoticias\\\/#website\"},\"primaryImageOfPage\":{\"@id\":\"https:\\\/\\\/diarioabcdemichoacan.com.mx\\\/lasnoticias\\\/bedolla-pone-en-marcha-corredor-seguro-en-carretera-los-reyes-jacona\\\/#primaryimage\"},\"image\":{\"@id\":\"https:\\\/\\\/diarioabcdemichoacan.com.mx\\\/lasnoticias\\\/bedolla-pone-en-marcha-corredor-seguro-en-carretera-los-reyes-jacona\\\/#primaryimage\"},\"thumbnailUrl\":\"https:\\\/\\\/diarioabcdemichoacan.com.mx\\\/lasnoticias\\\/wp-content\\\/uploads\\\/2026\\\/08\\\/e784a404-fed3-421b-823a-ae4bc230a8bb.jpg\",\"datePublished\":\"2026-08-28T05:05:13+00:00\",\"dateModified\":\"2026-09-01T05:05:53+00:00\",\"author\":{\"@id\":\"https:\\\/\\\/diarioabcdemichoacan.com.mx\\\/lasnoticias\\\/#\\\/schema\\\/person\\\/0546f9c3407148f7452ca932715c5e88\"},\"breadcrumb\":{\"@id\":\"https:\\\/\\\/diarioabcdemichoacan.com.mx\\\/lasnoticias\\\/bedolla-pone-en-marcha-corredor-seguro-en-carretera-los-reyes-jacona\\\/#breadcrumb\"},\"inLanguage\":\"es\",\"potentialAction\":[{\"@type\":\"ReadAction\",\"target\":[\"https:\\\/\\\/diarioabcdemichoacan.com.mx\\\/lasnoticias\\\/bedolla-pone-en-marcha-corredor-seguro-en-carretera-los-reyes-jacona\\\/\"]}]},{\"@type\":\"ImageObject\",\"inLanguage\":\"es\",\"@id\":\"https:\\\/\\\/diarioabcdemichoacan.com.mx\\\/lasnoticias\\\/bedolla-pone-en-marcha-corredor-seguro-en-carretera-los-reyes-jacona\\\/#primaryimage\",\"url\":\"https:\\\/\\\/diarioabcdemichoacan.com.mx\\\/lasnoticias\\\/wp-content\\\/uploads\\\/2026\\\/08\\\/e784a404-fed3-421b-823a-ae4bc230a8bb.jpg\",\"contentUrl\":\"https:\\\/\\\/diarioabcdemichoacan.com.mx\\\/lasnoticias\\\/wp-content\\\/uploads\\\/2026\\\/08\\\/e784a404-fed3-421b-823a-ae4bc230a8bb.jpg\",\"width\":1280,\"height\":853},{\"@type\":\"BreadcrumbList\",\"@id\":\"https:\\\/\\\/diarioabcdemichoacan.com.mx\\\/lasnoticias\\\/bedolla-pone-en-marcha-corredor-seguro-en-carretera-los-reyes-jacona\\\/#breadcrumb\",\"itemListElement\":[{\"@type\":\"ListItem\",\"position\":1,\"name\":\"Portada\",\"item\":\"https:\\\/\\\/diarioabcdemichoacan.com.mx\\\/lasnoticias\\\/\"},{\"@type\":\"ListItem\",\"position\":2,\"name\":\"Bedolla pone en marcha corredor seguro en carretera Los Reyes-Jacona\"}]},{\"@type\":\"WebSite\",\"@id\":\"https:\\\/\\\/diarioabcdemichoacan.com.mx\\\/lasnoticias\\\/#website\",\"url\":\"https:\\\/\\\/diarioabcdemichoacan.com.mx\\\/lasnoticias\\\/\",\"name\":\"Diario ABC de Michoac\u00e1n\",\"description\":\"Las noticias al momento\",\"potentialAction\":[{\"@type\":\"SearchAction\",\"target\":{\"@type\":\"EntryPoint\",\"urlTemplate\":\"https:\\\/\\\/diarioabcdemichoacan.com.mx\\\/lasnoticias\\\/?s={search_term_string}\"},\"query-input\":{\"@type\":\"PropertyValueSpecification\",\"valueRequired\":true,\"valueName\":\"search_term_string\"}}],\"inLanguage\":\"es\"},{\"@type\":\"Person\",\"@id\":\"https:\\\/\\\/diarioabcdemichoacan.com.mx\\\/lasnoticias\\\/#\\\/schema\\\/person\\\/0546f9c3407148f7452ca932715c5e88\",\"name\":\"MB\",\"image\":{\"@type\":\"ImageObject\",\"inLanguage\":\"es\",\"@id\":\"https:\\\/\\\/secure.gravatar.com\\\/avatar\\\/ac036f018f6a8431a5687a020efaf39d914da6a3fc78ce6029ab7ae29c5130e2?s=96&d=mm&r=g\",\"url\":\"https:\\\/\\\/secure.gravatar.com\\\/avatar\\\/ac036f018f6a8431a5687a020efaf39d914da6a3fc78ce6029ab7ae29c5130e2?s=96&d=mm&r=g\",\"contentUrl\":\"https:\\\/\\\/secure.gravatar.com\\\/avatar\\\/ac036f018f6a8431a5687a020efaf39d914da6a3fc78ce6029ab7ae29c5130e2?s=96&d=mm&r=g\",\"caption\":\"MB\"},\"url\":\"https:\\\/\\\/diarioabcdemichoacan.com.mx\\\/lasnoticias\\\/author\\\/bomariano03\\\/\"}]}<\/script>\n<!-- \/ Yoast SEO plugin. -->","yoast_head_json":{"title":"Bedolla pone en marcha corredor seguro en carretera Los Reyes-Jacona - Diario ABC de Michoac\u00e1n","robots":{"index":"index","follow":"follow","max-snippet":"max-snippet:-1","max-image-preview":"max-image-preview:large","max-video-preview":"max-video-preview:-1"},"canonical":"https:\/\/diarioabcdemichoacan.com.mx\/lasnoticias\/bedolla-pone-en-marcha-corredor-seguro-en-carretera-los-reyes-jacona\/","og_locale":"es_ES","og_type":"article","og_title":"Bedolla pone en marcha corredor seguro en carretera Los Reyes-Jacona - Diario ABC de Michoac\u00e1n","og_description":"Tocumbo, Michoac\u00e1n, 27 de agosto de 2026.- Para reforzar las acciones de seguridad en la regi\u00f3n Los Reyes-Jacona, el gobernador Alfredo Ram\u00edrez Bedolla puso en marcha el corredor seguro el cual se ejecutar\u00e1 en coordinaci\u00f3n con la Guardia Nacional, Guardia Civil, Secretar\u00eda de la Defensa Nacional (Defensa), Polic\u00edas Municipales y autogobiernos ind\u00edgenas. \u201cEsta es la [&hellip;]","og_url":"https:\/\/diarioabcdemichoacan.com.mx\/lasnoticias\/bedolla-pone-en-marcha-corredor-seguro-en-carretera-los-reyes-jacona\/","og_site_name":"Diario ABC de Michoac\u00e1n","article_published_time":"2026-08-28T05:05:13+00:00","article_modified_time":"2026-09-01T05:05:53+00:00","og_image":[{"width":1280,"height":853,"url":"https:\/\/diarioabcdemichoacan.com.mx\/lasnoticias\/wp-content\/uploads\/2026\/08\/e784a404-fed3-421b-823a-ae4bc230a8bb.jpg","type":"image\/jpeg"}],"author":"MB","twitter_card":"summary_large_image","twitter_misc":{"Escrito por":"MB","Tiempo de lectura":"2 minutos"},"schema":{"@context":"https:\/\/schema.org","@graph":[{"@type":"Article","@id":"https:\/\/diarioabcdemichoacan.com.mx\/lasnoticias\/bedolla-pone-en-marcha-corredor-seguro-en-carretera-los-reyes-jacona\/#article","isPartOf":{"@id":"https:\/\/diarioabcdemichoacan.com.mx\/lasnoticias\/bedolla-pone-en-marcha-corredor-seguro-en-carretera-los-reyes-jacona\/"},"author":{"name":"MB","@id":"https:\/\/diarioabcdemichoacan.com.mx\/lasnoticias\/#\/schema\/person\/0546f9c3407148f7452ca932715c5e88"},"headline":"Bedolla pone en marcha corredor seguro en carretera Los Reyes-Jacona","datePublished":"2026-08-28T05:05:13+00:00","dateModified":"2026-09-01T05:05:53+00:00","mainEntityOfPage":{"@id":"https:\/\/diarioabcdemichoacan.com.mx\/lasnoticias\/bedolla-pone-en-marcha-corredor-seguro-en-carretera-los-reyes-jacona\/"},"wordCount":354,"image":{"@id":"https:\/\/diarioabcdemichoacan.com.mx\/lasnoticias\/bedolla-pone-en-marcha-corredor-seguro-en-carretera-los-reyes-jacona\/#primaryimage"},"thumbnailUrl":"https:\/\/diarioabcdemichoacan.com.mx\/lasnoticias\/wp-content\/uploads\/2026\/08\/e784a404-fed3-421b-823a-ae4bc230a8bb.jpg","articleSection":["Estado","Gobierno de Michoac\u00e1n","Seguridad"],"inLanguage":"es"},{"@type":"WebPage","@id":"https:\/\/diarioabcdemichoacan.com.mx\/lasnoticias\/bedolla-pone-en-marcha-corredor-seguro-en-carretera-los-reyes-jacona\/","url":"https:\/\/diarioabcdemichoacan.com.mx\/lasnoticias\/bedolla-pone-en-marcha-corredor-seguro-en-carretera-los-reyes-jacona\/","name":"Bedolla pone en marcha corredor seguro en carretera Los Reyes-Jacona - Diario ABC de Michoac\u00e1n","isPartOf":{"@id":"https:\/\/diarioabcdemichoacan.com.mx\/lasnoticias\/#website"},"primaryImageOfPage":{"@id":"https:\/\/diarioabcdemichoacan.com.mx\/lasnoticias\/bedolla-pone-en-marcha-corredor-seguro-en-carretera-los-reyes-jacona\/#primaryimage"},"image":{"@id":"https:\/\/diarioabcdemichoacan.com.mx\/lasnoticias\/bedolla-pone-en-marcha-corredor-seguro-en-carretera-los-reyes-jacona\/#primaryimage"},"thumbnailUrl":"https:\/\/diarioabcdemichoacan.com.mx\/lasnoticias\/wp-content\/uploads\/2026\/08\/e784a404-fed3-421b-823a-ae4bc230a8bb.jpg","datePublished":"2026-08-28T05:05:13+00:00","dateModified":"2026-09-01T05:05:53+00:00","author":{"@id":"https:\/\/diarioabcdemichoacan.com.mx\/lasnoticias\/#\/schema\/person\/0546f9c3407148f7452ca932715c5e88"},"breadcrumb":{"@id":"https:\/\/diarioabcdemichoacan.com.mx\/lasnoticias\/bedolla-pone-en-marcha-corredor-seguro-en-carretera-los-reyes-jacona\/#breadcrumb"},"inLanguage":"es","potentialAction":[{"@type":"ReadAction","target":["https:\/\/diarioabcdemichoacan.com.mx\/lasnoticias\/bedolla-pone-en-marcha-corredor-seguro-en-carretera-los-reyes-jacona\/"]}]},{"@type":"ImageObject","inLanguage":"es","@id":"https:\/\/diarioabcdemichoacan.com.mx\/lasnoticias\/bedolla-pone-en-marcha-corredor-seguro-en-carretera-los-reyes-jacona\/#primaryimage","url":"https:\/\/diarioabcdemichoacan.com.mx\/lasnoticias\/wp-content\/uploads\/2026\/08\/e784a404-fed3-421b-823a-ae4bc230a8bb.jpg","contentUrl":"https:\/\/diarioabcdemichoacan.com.mx\/lasnoticias\/wp-content\/uploads\/2026\/08\/e784a404-fed3-421b-823a-ae4bc230a8bb.jpg","width":1280,"height":853},{"@type":"BreadcrumbList","@id":"https:\/\/diarioabcdemichoacan.com.mx\/lasnoticias\/bedolla-pone-en-marcha-corredor-seguro-en-carretera-los-reyes-jacona\/#breadcrumb","itemListElement":[{"@type":"ListItem","position":1,"name":"Portada","item":"https:\/\/diarioabcdemichoacan.com.mx\/lasnoticias\/"},{"@type":"ListItem","position":2,"name":"Bedolla pone en marcha corredor seguro en carretera Los Reyes-Jacona"}]},{"@type":"WebSite","@id":"https:\/\/diarioabcdemichoacan.com.mx\/lasnoticias\/#website","url":"https:\/\/diarioabcdemichoacan.com.mx\/lasnoticias\/","name":"Diario ABC de Michoac\u00e1n","description":"Las noticias al momento","potentialAction":[{"@type":"SearchAction","target":{"@type":"EntryPoint","urlTemplate":"https:\/\/diarioabcdemichoacan.com.mx\/lasnoticias\/?s={search_term_string}"},"query-input":{"@type":"PropertyValueSpecification","valueRequired":true,"valueName":"search_term_string"}}],"inLanguage":"es"},{"@type":"Person","@id":"https:\/\/diarioabcdemichoacan.com.mx\/lasnoticias\/#\/schema\/person\/0546f9c3407148f7452ca932715c5e88","name":"MB","image":{"@type":"ImageObject","inLanguage":"es","@id":"https:\/\/secure.gravatar.com\/avatar\/ac036f018f6a8431a5687a020efaf39d914da6a3fc78ce6029ab7ae29c5130e2?s=96&d=mm&r=g","url":"https:\/\/secure.gravatar.com\/avatar\/ac036f018f6a8431a5687a020efaf39d914da6a3fc78ce6029ab7ae29c5130e2?s=96&d=mm&r=g","contentUrl":"https:\/\/secure.gravatar.com\/avatar\/ac036f018f6a8431a5687a020efaf39d914da6a3fc78ce6029ab7ae29c5130e2?s=96&d=mm&r=g","caption":"MB"},"url":"https:\/\/diarioabcdemichoacan.com.mx\/lasnoticias\/author\/bomariano03\/"}]}},"_links":{"self":[{"href":"https:\/\/diarioabcdemichoacan.com.mx\/lasnoticias\/wp-json\/wp\/v2\/posts\/83828","targetHints":{"allow":["GET"]}}],"collection":[{"href":"https:\/\/diarioabcdemichoacan.com.mx\/lasnoticias\/wp-json\/wp\/v2\/posts"}],"about":[{"href":"https:\/\/diarioabcdemichoacan.com.mx\/lasnoticias\/wp-json\/wp\/v2\/types\/post"}],"author":[{"embeddable":true,"href":"https:\/\/diarioabcdemichoacan.com.mx\/lasnoticias\/wp-json\/wp\/v2\/users\/6"}],"replies":[{"embeddable":true,"href":"https:\/\/diarioabcdemichoacan.com.mx\/lasnoticias\/wp-json\/wp\/v2\/comments?post=83828"}],"version-history":[{"count":1,"href":"https:\/\/diarioabcdemichoacan.com.mx\/lasnoticias\/wp-json\/wp\/v2\/posts\/83828\/revisions"}],"predecessor-version":[{"id":83830,"href":"https:\/\/diarioabcdemichoacan.com.mx\/lasnoticias\/wp-json\/wp\/v2\/posts\/83828\/revisions\/83830"}],"wp:featuredmedia":[{"embeddable":true,"href":"https:\/\/diarioabcdemichoacan.com.mx\/lasnoticias\/wp-json\/wp\/v2\/media\/83829"}],"wp:attachment":[{"href":"https:\/\/diarioabcdemichoacan.com.mx\/lasnoticias\/wp-json\/wp\/v2\/media?parent=83828"}],"wp:term":[{"taxonomy":"category","embeddable":true,"href":"https:\/\/diarioabcdemichoacan.com.mx\/lasnoticias\/wp-json\/wp\/v2\/categories?post=83828"},{"taxonomy":"post_tag","embeddable":true,"href":"https:\/\/diarioabcdemichoacan.com.mx\/lasnoticias\/wp-json\/wp\/v2\/tags?post=83828"}],"curies":[{"name":"wp","href":"https:\/\/api.w.org\/{rel}","templated":true}]}}