{"id":83834,"date":"2026-08-27T23:06:51","date_gmt":"2026-08-28T05:06:51","guid":{"rendered":"https:\/\/diarioabcdemichoacan.com.mx\/lasnoticias\/?p=83834"},"modified":"2026-08-31T23:07:26","modified_gmt":"2026-09-01T05:07:26","slug":"se-suman-28-arboles-trasplantados-a-las-acciones-ambientales-del-morebus","status":"publish","type":"post","link":"https:\/\/diarioabcdemichoacan.com.mx\/lasnoticias\/se-suman-28-arboles-trasplantados-a-las-acciones-ambientales-del-morebus\/","title":{"rendered":"Se suman 28 \u00e1rboles trasplantados a las acciones ambientales del Moreb\u00fas"},"content":{"rendered":"<p>Se plantaron ejemplares de entre 1.85 y 4 metros<\/p>\n<hr \/>\n<p>Morelia, Michoac\u00e1n, 27 de agosto de 2026.- Como parte de las acciones de protecci\u00f3n, rescate y reubicaci\u00f3n de los \u00e1rboles que se encontraban a lo largo de las obras del Moreb\u00fas, la Secretar\u00eda de Desarrollo Urbano y Movilidad (Sedum), en coordinaci\u00f3n con la Secretar\u00eda del Medio Ambiente (Secma) y la Comisi\u00f3n Forestal del Estado, llev\u00f3 a cabo una jornada de trasplante de 28 ejemplares, con el prop\u00f3sito de reincorporarlos a espacios urbanos y fortalecer las \u00e1reas verdes de Morelia.<\/p><div id=\"diari-3747983620\" class=\"diari-contenido diari-entity-placement\"><img loading=\"lazy\" decoding=\"async\" src=\"https:\/\/diarioabcdemichoacan.com.mx\/lasnoticias\/wp-content\/uploads\/2024\/07\/WhatsApp-Image-2024-05-07-at-10.12.40-a.m.jpeg\" alt=\"\"  srcset=\"https:\/\/diarioabcdemichoacan.com.mx\/lasnoticias\/wp-content\/uploads\/2024\/07\/WhatsApp-Image-2024-05-07-at-10.12.40-a.m.jpeg 400w, https:\/\/diarioabcdemichoacan.com.mx\/lasnoticias\/wp-content\/uploads\/2024\/07\/WhatsApp-Image-2024-05-07-at-10.12.40-a.m-150x150.jpeg 150w, https:\/\/diarioabcdemichoacan.com.mx\/lasnoticias\/wp-content\/uploads\/2024\/07\/WhatsApp-Image-2024-05-07-at-10.12.40-a.m-300x300.jpeg 300w\" sizes=\"(max-width: 400px) 100vw, 400px\" width=\"400\" height=\"400\"  style=\"display: inline-block;\" \/><\/div>\n<p>La titular de la Sedum, Mar\u00eda Elena Huerta, enfatiz\u00f3 que estos ejemplares forman parte de los primeros 110 rescatados previamente, con el prop\u00f3sito de devolverlos a un entorno accesible para su desarrollo.<\/p>\n<p>Durante esta jornada, los \u00e1rboles fueron trasplantados en la glorieta de salida a Quiroga, donde se busca recuperar y embellecer este espacio mediante la incorporaci\u00f3n de vegetaci\u00f3n que contribuya a generar un entorno m\u00e1s agradable y funcional para quienes transitan por esa zona de la ciudad.<\/p>\n<p>\u201cEstas acciones forman parte del compromiso ambiental que acompa\u00f1a al proyecto del Moreb\u00fas, que contempla no solamente la conservaci\u00f3n y rescate del arbolado, sino tambi\u00e9n la recuperaci\u00f3n de espacios p\u00fablicos y el fortalecimiento de las \u00e1reas verdes en distintos puntos de Morelia\u201d, se\u00f1al\u00f3 la titular de la Sedum.<\/p>\n<p>Por su parte, el titular de la Secma, Alejandro M\u00e9ndez L\u00f3pez, resalt\u00f3 que entre las especies trasplantadas en este corredor de la ciudad figuran jacarandas, ficus, pinos, palmas y para\u00edsos, con alturas de entre 1.85 y 4 metros, a las cuales se les brind\u00f3 el tratamiento necesario para favorecer su crecimiento.<\/p>\n<p>Esta jornada se suma a la estrategia ambiental que contempla la plantaci\u00f3n de 32 mil \u00e1rboles en Morelia, as\u00ed como el rescate y trasplante de ejemplares ubicados en el trayecto de la obra. Con estas acciones, se refrenda que el desarrollo de infraestructura de movilidad puede avanzar de manera responsable al acompa\u00f1ar cada intervenci\u00f3n con medidas concretas para conservar, recuperar y fortalecer el patrimonio ambiental de la ciudad.<\/p>\n","protected":false},"excerpt":{"rendered":"<p>Se plantaron ejemplares de entre 1.85 y 4 metros Morelia, Michoac\u00e1n, 27 de agosto de 2026.- Como parte de las acciones de protecci\u00f3n, rescate y reubicaci\u00f3n de los \u00e1rboles que se encontraban a lo largo de las obras del Moreb\u00fas, la Secretar\u00eda de Desarrollo Urbano y Movilidad (Sedum), en coordinaci\u00f3n con la Secretar\u00eda del Medio [&hellip;]<\/p>\n","protected":false},"author":6,"featured_media":83835,"comment_status":"closed","ping_status":"closed","sticky":false,"template":"","format":"standard","meta":{"footnotes":""},"categories":[10,17],"tags":[],"class_list":["post-83834","post","type-post","status-publish","format-standard","has-post-thumbnail","category-estado","category-gobierno-de-michoacan"],"yoast_head":"<!-- This site is optimized with the Yoast SEO plugin v28.4 - https:\/\/yoast.com\/product\/yoast-seo-wordpress\/ -->\n<title>Se suman 28 \u00e1rboles trasplantados a las acciones ambientales del Moreb\u00fas - Diario ABC de Michoac\u00e1n<\/title>\n<meta name=\"robots\" content=\"index, follow, max-snippet:-1, max-image-preview:large, max-video-preview:-1\" \/>\n<link rel=\"canonical\" href=\"https:\/\/diarioabcdemichoacan.com.mx\/lasnoticias\/se-suman-28-arboles-trasplantados-a-las-acciones-ambientales-del-morebus\/\" \/>\n<meta property=\"og:locale\" content=\"es_ES\" \/>\n<meta property=\"og:type\" content=\"article\" \/>\n<meta property=\"og:title\" content=\"Se suman 28 \u00e1rboles trasplantados a las acciones ambientales del Moreb\u00fas - Diario ABC de Michoac\u00e1n\" \/>\n<meta property=\"og:description\" content=\"Se plantaron ejemplares de entre 1.85 y 4 metros Morelia, Michoac\u00e1n, 27 de agosto de 2026.- Como parte de las acciones de protecci\u00f3n, rescate y reubicaci\u00f3n de los \u00e1rboles que se encontraban a lo largo de las obras del Moreb\u00fas, la Secretar\u00eda de Desarrollo Urbano y Movilidad (Sedum), en coordinaci\u00f3n con la Secretar\u00eda del Medio [&hellip;]\" \/>\n<meta property=\"og:url\" content=\"https:\/\/diarioabcdemichoacan.com.mx\/lasnoticias\/se-suman-28-arboles-trasplantados-a-las-acciones-ambientales-del-morebus\/\" \/>\n<meta property=\"og:site_name\" content=\"Diario ABC de Michoac\u00e1n\" \/>\n<meta property=\"article:published_time\" content=\"2026-08-28T05:06:51+00:00\" \/>\n<meta property=\"article:modified_time\" content=\"2026-09-01T05:07:26+00:00\" \/>\n<meta property=\"og:image\" content=\"https:\/\/diarioabcdemichoacan.com.mx\/lasnoticias\/wp-content\/uploads\/2026\/08\/a04d695b-70c1-4982-8565-dc0066e45428.jpg\" \/>\n\t<meta property=\"og:image:width\" content=\"1280\" \/>\n\t<meta property=\"og:image:height\" content=\"1600\" \/>\n\t<meta property=\"og:image:type\" content=\"image\/jpeg\" \/>\n<meta name=\"author\" content=\"MB\" \/>\n<meta name=\"twitter:card\" content=\"summary_large_image\" \/>\n<meta name=\"twitter:label1\" content=\"Escrito por\" \/>\n\t<meta name=\"twitter:data1\" content=\"MB\" \/>\n\t<meta name=\"twitter:label2\" content=\"Tiempo de lectura\" \/>\n\t<meta name=\"twitter:data2\" content=\"2 minutos\" \/>\n<script type=\"application\/ld+json\" class=\"yoast-schema-graph\">{\"@context\":\"https:\\\/\\\/schema.org\",\"@graph\":[{\"@type\":\"Article\",\"@id\":\"https:\\\/\\\/diarioabcdemichoacan.com.mx\\\/lasnoticias\\\/se-suman-28-arboles-trasplantados-a-las-acciones-ambientales-del-morebus\\\/#article\",\"isPartOf\":{\"@id\":\"https:\\\/\\\/diarioabcdemichoacan.com.mx\\\/lasnoticias\\\/se-suman-28-arboles-trasplantados-a-las-acciones-ambientales-del-morebus\\\/\"},\"author\":{\"name\":\"MB\",\"@id\":\"https:\\\/\\\/diarioabcdemichoacan.com.mx\\\/lasnoticias\\\/#\\\/schema\\\/person\\\/0546f9c3407148f7452ca932715c5e88\"},\"headline\":\"Se suman 28 \u00e1rboles trasplantados a las acciones ambientales del Moreb\u00fas\",\"datePublished\":\"2026-08-28T05:06:51+00:00\",\"dateModified\":\"2026-09-01T05:07:26+00:00\",\"mainEntityOfPage\":{\"@id\":\"https:\\\/\\\/diarioabcdemichoacan.com.mx\\\/lasnoticias\\\/se-suman-28-arboles-trasplantados-a-las-acciones-ambientales-del-morebus\\\/\"},\"wordCount\":363,\"image\":{\"@id\":\"https:\\\/\\\/diarioabcdemichoacan.com.mx\\\/lasnoticias\\\/se-suman-28-arboles-trasplantados-a-las-acciones-ambientales-del-morebus\\\/#primaryimage\"},\"thumbnailUrl\":\"https:\\\/\\\/diarioabcdemichoacan.com.mx\\\/lasnoticias\\\/wp-content\\\/uploads\\\/2026\\\/08\\\/a04d695b-70c1-4982-8565-dc0066e45428.jpg\",\"articleSection\":[\"Estado\",\"Gobierno de Michoac\u00e1n\"],\"inLanguage\":\"es\"},{\"@type\":\"WebPage\",\"@id\":\"https:\\\/\\\/diarioabcdemichoacan.com.mx\\\/lasnoticias\\\/se-suman-28-arboles-trasplantados-a-las-acciones-ambientales-del-morebus\\\/\",\"url\":\"https:\\\/\\\/diarioabcdemichoacan.com.mx\\\/lasnoticias\\\/se-suman-28-arboles-trasplantados-a-las-acciones-ambientales-del-morebus\\\/\",\"name\":\"Se suman 28 \u00e1rboles trasplantados a las acciones ambientales del Moreb\u00fas - Diario ABC de Michoac\u00e1n\",\"isPartOf\":{\"@id\":\"https:\\\/\\\/diarioabcdemichoacan.com.mx\\\/lasnoticias\\\/#website\"},\"primaryImageOfPage\":{\"@id\":\"https:\\\/\\\/diarioabcdemichoacan.com.mx\\\/lasnoticias\\\/se-suman-28-arboles-trasplantados-a-las-acciones-ambientales-del-morebus\\\/#primaryimage\"},\"image\":{\"@id\":\"https:\\\/\\\/diarioabcdemichoacan.com.mx\\\/lasnoticias\\\/se-suman-28-arboles-trasplantados-a-las-acciones-ambientales-del-morebus\\\/#primaryimage\"},\"thumbnailUrl\":\"https:\\\/\\\/diarioabcdemichoacan.com.mx\\\/lasnoticias\\\/wp-content\\\/uploads\\\/2026\\\/08\\\/a04d695b-70c1-4982-8565-dc0066e45428.jpg\",\"datePublished\":\"2026-08-28T05:06:51+00:00\",\"dateModified\":\"2026-09-01T05:07:26+00:00\",\"author\":{\"@id\":\"https:\\\/\\\/diarioabcdemichoacan.com.mx\\\/lasnoticias\\\/#\\\/schema\\\/person\\\/0546f9c3407148f7452ca932715c5e88\"},\"breadcrumb\":{\"@id\":\"https:\\\/\\\/diarioabcdemichoacan.com.mx\\\/lasnoticias\\\/se-suman-28-arboles-trasplantados-a-las-acciones-ambientales-del-morebus\\\/#breadcrumb\"},\"inLanguage\":\"es\",\"potentialAction\":[{\"@type\":\"ReadAction\",\"target\":[\"https:\\\/\\\/diarioabcdemichoacan.com.mx\\\/lasnoticias\\\/se-suman-28-arboles-trasplantados-a-las-acciones-ambientales-del-morebus\\\/\"]}]},{\"@type\":\"ImageObject\",\"inLanguage\":\"es\",\"@id\":\"https:\\\/\\\/diarioabcdemichoacan.com.mx\\\/lasnoticias\\\/se-suman-28-arboles-trasplantados-a-las-acciones-ambientales-del-morebus\\\/#primaryimage\",\"url\":\"https:\\\/\\\/diarioabcdemichoacan.com.mx\\\/lasnoticias\\\/wp-content\\\/uploads\\\/2026\\\/08\\\/a04d695b-70c1-4982-8565-dc0066e45428.jpg\",\"contentUrl\":\"https:\\\/\\\/diarioabcdemichoacan.com.mx\\\/lasnoticias\\\/wp-content\\\/uploads\\\/2026\\\/08\\\/a04d695b-70c1-4982-8565-dc0066e45428.jpg\",\"width\":1280,\"height\":1600},{\"@type\":\"BreadcrumbList\",\"@id\":\"https:\\\/\\\/diarioabcdemichoacan.com.mx\\\/lasnoticias\\\/se-suman-28-arboles-trasplantados-a-las-acciones-ambientales-del-morebus\\\/#breadcrumb\",\"itemListElement\":[{\"@type\":\"ListItem\",\"position\":1,\"name\":\"Portada\",\"item\":\"https:\\\/\\\/diarioabcdemichoacan.com.mx\\\/lasnoticias\\\/\"},{\"@type\":\"ListItem\",\"position\":2,\"name\":\"Se suman 28 \u00e1rboles trasplantados a las acciones ambientales del Moreb\u00fas\"}]},{\"@type\":\"WebSite\",\"@id\":\"https:\\\/\\\/diarioabcdemichoacan.com.mx\\\/lasnoticias\\\/#website\",\"url\":\"https:\\\/\\\/diarioabcdemichoacan.com.mx\\\/lasnoticias\\\/\",\"name\":\"Diario ABC de Michoac\u00e1n\",\"description\":\"Las noticias al momento\",\"potentialAction\":[{\"@type\":\"SearchAction\",\"target\":{\"@type\":\"EntryPoint\",\"urlTemplate\":\"https:\\\/\\\/diarioabcdemichoacan.com.mx\\\/lasnoticias\\\/?s={search_term_string}\"},\"query-input\":{\"@type\":\"PropertyValueSpecification\",\"valueRequired\":true,\"valueName\":\"search_term_string\"}}],\"inLanguage\":\"es\"},{\"@type\":\"Person\",\"@id\":\"https:\\\/\\\/diarioabcdemichoacan.com.mx\\\/lasnoticias\\\/#\\\/schema\\\/person\\\/0546f9c3407148f7452ca932715c5e88\",\"name\":\"MB\",\"image\":{\"@type\":\"ImageObject\",\"inLanguage\":\"es\",\"@id\":\"https:\\\/\\\/secure.gravatar.com\\\/avatar\\\/ac036f018f6a8431a5687a020efaf39d914da6a3fc78ce6029ab7ae29c5130e2?s=96&d=mm&r=g\",\"url\":\"https:\\\/\\\/secure.gravatar.com\\\/avatar\\\/ac036f018f6a8431a5687a020efaf39d914da6a3fc78ce6029ab7ae29c5130e2?s=96&d=mm&r=g\",\"contentUrl\":\"https:\\\/\\\/secure.gravatar.com\\\/avatar\\\/ac036f018f6a8431a5687a020efaf39d914da6a3fc78ce6029ab7ae29c5130e2?s=96&d=mm&r=g\",\"caption\":\"MB\"},\"url\":\"https:\\\/\\\/diarioabcdemichoacan.com.mx\\\/lasnoticias\\\/author\\\/bomariano03\\\/\"}]}<\/script>\n<!-- \/ Yoast SEO plugin. -->","yoast_head_json":{"title":"Se suman 28 \u00e1rboles trasplantados a las acciones ambientales del Moreb\u00fas - Diario ABC de Michoac\u00e1n","robots":{"index":"index","follow":"follow","max-snippet":"max-snippet:-1","max-image-preview":"max-image-preview:large","max-video-preview":"max-video-preview:-1"},"canonical":"https:\/\/diarioabcdemichoacan.com.mx\/lasnoticias\/se-suman-28-arboles-trasplantados-a-las-acciones-ambientales-del-morebus\/","og_locale":"es_ES","og_type":"article","og_title":"Se suman 28 \u00e1rboles trasplantados a las acciones ambientales del Moreb\u00fas - Diario ABC de Michoac\u00e1n","og_description":"Se plantaron ejemplares de entre 1.85 y 4 metros Morelia, Michoac\u00e1n, 27 de agosto de 2026.- Como parte de las acciones de protecci\u00f3n, rescate y reubicaci\u00f3n de los \u00e1rboles que se encontraban a lo largo de las obras del Moreb\u00fas, la Secretar\u00eda de Desarrollo Urbano y Movilidad (Sedum), en coordinaci\u00f3n con la Secretar\u00eda del Medio [&hellip;]","og_url":"https:\/\/diarioabcdemichoacan.com.mx\/lasnoticias\/se-suman-28-arboles-trasplantados-a-las-acciones-ambientales-del-morebus\/","og_site_name":"Diario ABC de Michoac\u00e1n","article_published_time":"2026-08-28T05:06:51+00:00","article_modified_time":"2026-09-01T05:07:26+00:00","og_image":[{"width":1280,"height":1600,"url":"https:\/\/diarioabcdemichoacan.com.mx\/lasnoticias\/wp-content\/uploads\/2026\/08\/a04d695b-70c1-4982-8565-dc0066e45428.jpg","type":"image\/jpeg"}],"author":"MB","twitter_card":"summary_large_image","twitter_misc":{"Escrito por":"MB","Tiempo de lectura":"2 minutos"},"schema":{"@context":"https:\/\/schema.org","@graph":[{"@type":"Article","@id":"https:\/\/diarioabcdemichoacan.com.mx\/lasnoticias\/se-suman-28-arboles-trasplantados-a-las-acciones-ambientales-del-morebus\/#article","isPartOf":{"@id":"https:\/\/diarioabcdemichoacan.com.mx\/lasnoticias\/se-suman-28-arboles-trasplantados-a-las-acciones-ambientales-del-morebus\/"},"author":{"name":"MB","@id":"https:\/\/diarioabcdemichoacan.com.mx\/lasnoticias\/#\/schema\/person\/0546f9c3407148f7452ca932715c5e88"},"headline":"Se suman 28 \u00e1rboles trasplantados a las acciones ambientales del Moreb\u00fas","datePublished":"2026-08-28T05:06:51+00:00","dateModified":"2026-09-01T05:07:26+00:00","mainEntityOfPage":{"@id":"https:\/\/diarioabcdemichoacan.com.mx\/lasnoticias\/se-suman-28-arboles-trasplantados-a-las-acciones-ambientales-del-morebus\/"},"wordCount":363,"image":{"@id":"https:\/\/diarioabcdemichoacan.com.mx\/lasnoticias\/se-suman-28-arboles-trasplantados-a-las-acciones-ambientales-del-morebus\/#primaryimage"},"thumbnailUrl":"https:\/\/diarioabcdemichoacan.com.mx\/lasnoticias\/wp-content\/uploads\/2026\/08\/a04d695b-70c1-4982-8565-dc0066e45428.jpg","articleSection":["Estado","Gobierno de Michoac\u00e1n"],"inLanguage":"es"},{"@type":"WebPage","@id":"https:\/\/diarioabcdemichoacan.com.mx\/lasnoticias\/se-suman-28-arboles-trasplantados-a-las-acciones-ambientales-del-morebus\/","url":"https:\/\/diarioabcdemichoacan.com.mx\/lasnoticias\/se-suman-28-arboles-trasplantados-a-las-acciones-ambientales-del-morebus\/","name":"Se suman 28 \u00e1rboles trasplantados a las acciones ambientales del Moreb\u00fas - Diario ABC de Michoac\u00e1n","isPartOf":{"@id":"https:\/\/diarioabcdemichoacan.com.mx\/lasnoticias\/#website"},"primaryImageOfPage":{"@id":"https:\/\/diarioabcdemichoacan.com.mx\/lasnoticias\/se-suman-28-arboles-trasplantados-a-las-acciones-ambientales-del-morebus\/#primaryimage"},"image":{"@id":"https:\/\/diarioabcdemichoacan.com.mx\/lasnoticias\/se-suman-28-arboles-trasplantados-a-las-acciones-ambientales-del-morebus\/#primaryimage"},"thumbnailUrl":"https:\/\/diarioabcdemichoacan.com.mx\/lasnoticias\/wp-content\/uploads\/2026\/08\/a04d695b-70c1-4982-8565-dc0066e45428.jpg","datePublished":"2026-08-28T05:06:51+00:00","dateModified":"2026-09-01T05:07:26+00:00","author":{"@id":"https:\/\/diarioabcdemichoacan.com.mx\/lasnoticias\/#\/schema\/person\/0546f9c3407148f7452ca932715c5e88"},"breadcrumb":{"@id":"https:\/\/diarioabcdemichoacan.com.mx\/lasnoticias\/se-suman-28-arboles-trasplantados-a-las-acciones-ambientales-del-morebus\/#breadcrumb"},"inLanguage":"es","potentialAction":[{"@type":"ReadAction","target":["https:\/\/diarioabcdemichoacan.com.mx\/lasnoticias\/se-suman-28-arboles-trasplantados-a-las-acciones-ambientales-del-morebus\/"]}]},{"@type":"ImageObject","inLanguage":"es","@id":"https:\/\/diarioabcdemichoacan.com.mx\/lasnoticias\/se-suman-28-arboles-trasplantados-a-las-acciones-ambientales-del-morebus\/#primaryimage","url":"https:\/\/diarioabcdemichoacan.com.mx\/lasnoticias\/wp-content\/uploads\/2026\/08\/a04d695b-70c1-4982-8565-dc0066e45428.jpg","contentUrl":"https:\/\/diarioabcdemichoacan.com.mx\/lasnoticias\/wp-content\/uploads\/2026\/08\/a04d695b-70c1-4982-8565-dc0066e45428.jpg","width":1280,"height":1600},{"@type":"BreadcrumbList","@id":"https:\/\/diarioabcdemichoacan.com.mx\/lasnoticias\/se-suman-28-arboles-trasplantados-a-las-acciones-ambientales-del-morebus\/#breadcrumb","itemListElement":[{"@type":"ListItem","position":1,"name":"Portada","item":"https:\/\/diarioabcdemichoacan.com.mx\/lasnoticias\/"},{"@type":"ListItem","position":2,"name":"Se suman 28 \u00e1rboles trasplantados a las acciones ambientales del Moreb\u00fas"}]},{"@type":"WebSite","@id":"https:\/\/diarioabcdemichoacan.com.mx\/lasnoticias\/#website","url":"https:\/\/diarioabcdemichoacan.com.mx\/lasnoticias\/","name":"Diario ABC de Michoac\u00e1n","description":"Las noticias al momento","potentialAction":[{"@type":"SearchAction","target":{"@type":"EntryPoint","urlTemplate":"https:\/\/diarioabcdemichoacan.com.mx\/lasnoticias\/?s={search_term_string}"},"query-input":{"@type":"PropertyValueSpecification","valueRequired":true,"valueName":"search_term_string"}}],"inLanguage":"es"},{"@type":"Person","@id":"https:\/\/diarioabcdemichoacan.com.mx\/lasnoticias\/#\/schema\/person\/0546f9c3407148f7452ca932715c5e88","name":"MB","image":{"@type":"ImageObject","inLanguage":"es","@id":"https:\/\/secure.gravatar.com\/avatar\/ac036f018f6a8431a5687a020efaf39d914da6a3fc78ce6029ab7ae29c5130e2?s=96&d=mm&r=g","url":"https:\/\/secure.gravatar.com\/avatar\/ac036f018f6a8431a5687a020efaf39d914da6a3fc78ce6029ab7ae29c5130e2?s=96&d=mm&r=g","contentUrl":"https:\/\/secure.gravatar.com\/avatar\/ac036f018f6a8431a5687a020efaf39d914da6a3fc78ce6029ab7ae29c5130e2?s=96&d=mm&r=g","caption":"MB"},"url":"https:\/\/diarioabcdemichoacan.com.mx\/lasnoticias\/author\/bomariano03\/"}]}},"_links":{"self":[{"href":"https:\/\/diarioabcdemichoacan.com.mx\/lasnoticias\/wp-json\/wp\/v2\/posts\/83834","targetHints":{"allow":["GET"]}}],"collection":[{"href":"https:\/\/diarioabcdemichoacan.com.mx\/lasnoticias\/wp-json\/wp\/v2\/posts"}],"about":[{"href":"https:\/\/diarioabcdemichoacan.com.mx\/lasnoticias\/wp-json\/wp\/v2\/types\/post"}],"author":[{"embeddable":true,"href":"https:\/\/diarioabcdemichoacan.com.mx\/lasnoticias\/wp-json\/wp\/v2\/users\/6"}],"replies":[{"embeddable":true,"href":"https:\/\/diarioabcdemichoacan.com.mx\/lasnoticias\/wp-json\/wp\/v2\/comments?post=83834"}],"version-history":[{"count":1,"href":"https:\/\/diarioabcdemichoacan.com.mx\/lasnoticias\/wp-json\/wp\/v2\/posts\/83834\/revisions"}],"predecessor-version":[{"id":83836,"href":"https:\/\/diarioabcdemichoacan.com.mx\/lasnoticias\/wp-json\/wp\/v2\/posts\/83834\/revisions\/83836"}],"wp:featuredmedia":[{"embeddable":true,"href":"https:\/\/diarioabcdemichoacan.com.mx\/lasnoticias\/wp-json\/wp\/v2\/media\/83835"}],"wp:attachment":[{"href":"https:\/\/diarioabcdemichoacan.com.mx\/lasnoticias\/wp-json\/wp\/v2\/media?parent=83834"}],"wp:term":[{"taxonomy":"category","embeddable":true,"href":"https:\/\/diarioabcdemichoacan.com.mx\/lasnoticias\/wp-json\/wp\/v2\/categories?post=83834"},{"taxonomy":"post_tag","embeddable":true,"href":"https:\/\/diarioabcdemichoacan.com.mx\/lasnoticias\/wp-json\/wp\/v2\/tags?post=83834"}],"curies":[{"name":"wp","href":"https:\/\/api.w.org\/{rel}","templated":true}]}}