{"id":83837,"date":"2026-08-27T23:07:31","date_gmt":"2026-08-28T05:07:31","guid":{"rendered":"https:\/\/diarioabcdemichoacan.com.mx\/lasnoticias\/?p=83837"},"modified":"2026-08-31T23:08:17","modified_gmt":"2026-09-01T05:08:17","slug":"morebus-sera-un-transporte-100-inclusivo-para-personas-con-discapacidad-en-morelia","status":"publish","type":"post","link":"https:\/\/diarioabcdemichoacan.com.mx\/lasnoticias\/morebus-sera-un-transporte-100-inclusivo-para-personas-con-discapacidad-en-morelia\/","title":{"rendered":"Moreb\u00fas ser\u00e1 un transporte 100% inclusivo para personas con discapacidad en Morelia"},"content":{"rendered":"<p>Morelia, Michoac\u00e1n, 27 de agosto de 2026.- El Moreb\u00fas adem\u00e1s de ser un medio de transporte ecol\u00f3gico, tambi\u00e9n es inclusivo para las personas con discapacidad y movilidad reducida, al contar un sistema conocido como \u201ccama baja\u201d, que facilita el ascenso y descenso seguro de las y los pasajeros al nivel de las estaciones, sin necesidad de escalones internos pronunciados, as\u00ed se\u00f1al\u00f3 el gobernador Alfredo Ram\u00edrez Bedolla.<\/p>\n<p>El mandatario estatal a\u00f1adi\u00f3 que, el nuevo transporte p\u00fablico de la capital del estado se encuentra dise\u00f1ado para brindar accesibilidad universal en todas sus unidades, al contar con una rampa abatible, tableros tacto sensoriales, y asientos prioritarios para personas con discapacidad.<\/p><div id=\"diari-1571623369\" class=\"diari-contenido diari-entity-placement\"><img loading=\"lazy\" decoding=\"async\" src=\"https:\/\/diarioabcdemichoacan.com.mx\/lasnoticias\/wp-content\/uploads\/2024\/07\/WhatsApp-Image-2024-05-07-at-10.12.40-a.m.jpeg\" alt=\"\"  srcset=\"https:\/\/diarioabcdemichoacan.com.mx\/lasnoticias\/wp-content\/uploads\/2024\/07\/WhatsApp-Image-2024-05-07-at-10.12.40-a.m.jpeg 400w, https:\/\/diarioabcdemichoacan.com.mx\/lasnoticias\/wp-content\/uploads\/2024\/07\/WhatsApp-Image-2024-05-07-at-10.12.40-a.m-150x150.jpeg 150w, https:\/\/diarioabcdemichoacan.com.mx\/lasnoticias\/wp-content\/uploads\/2024\/07\/WhatsApp-Image-2024-05-07-at-10.12.40-a.m-300x300.jpeg 300w\" sizes=\"(max-width: 400px) 100vw, 400px\" width=\"400\" height=\"400\"  style=\"display: inline-block;\" \/><\/div>\n<p>A su vez, Ram\u00edrez Bedolla mencion\u00f3 que la infraestructura vial del Moreb\u00fas incluir\u00e1 un nuevo sistema de semaforizaci\u00f3n y 28 cruces seguros, pensados en una movilidad eficiente para las y los pasajeros.<\/p>\n<p>Refiri\u00f3 que tambi\u00e9n es un sistema de transporte que brindar\u00e1 seguridad y confianza a los usuarios, al tener tres c\u00e1maras domo en su interior, bot\u00f3n de p\u00e1nico con conexi\u00f3n directa al C5 Michoac\u00e1n y modalidad de prepago.<\/p>\n<p>El gobernador explic\u00f3 que el Moreb\u00fas es un modelo de transporte innovador, ecol\u00f3gico y eficiente, que viene a impulsar la movilidad de m\u00e1s de 300 mil personas del poniente de la ciudad, adem\u00e1s de que reducir\u00e1 las emisiones de di\u00f3xido de carbono (CO2) en un 42 por ciento, lo que coadyuvar\u00e1 a mejorar la calidad del aire del municipio.<\/p>\n","protected":false},"excerpt":{"rendered":"<p>Morelia, Michoac\u00e1n, 27 de agosto de 2026.- El Moreb\u00fas adem\u00e1s de ser un medio de transporte ecol\u00f3gico, tambi\u00e9n es inclusivo para las personas con discapacidad y movilidad reducida, al contar un sistema conocido como \u201ccama baja\u201d, que facilita el ascenso y descenso seguro de las y los pasajeros al nivel de las estaciones, sin necesidad [&hellip;]<\/p>\n","protected":false},"author":6,"featured_media":83838,"comment_status":"closed","ping_status":"closed","sticky":false,"template":"","format":"standard","meta":{"footnotes":""},"categories":[10,17],"tags":[],"class_list":["post-83837","post","type-post","status-publish","format-standard","has-post-thumbnail","category-estado","category-gobierno-de-michoacan"],"yoast_head":"<!-- This site is optimized with the Yoast SEO plugin v28.4 - https:\/\/yoast.com\/product\/yoast-seo-wordpress\/ -->\n<title>Moreb\u00fas ser\u00e1 un transporte 100% inclusivo para personas con discapacidad en Morelia - Diario ABC de Michoac\u00e1n<\/title>\n<meta name=\"robots\" content=\"index, follow, max-snippet:-1, max-image-preview:large, max-video-preview:-1\" \/>\n<link rel=\"canonical\" href=\"https:\/\/diarioabcdemichoacan.com.mx\/lasnoticias\/morebus-sera-un-transporte-100-inclusivo-para-personas-con-discapacidad-en-morelia\/\" \/>\n<meta property=\"og:locale\" content=\"es_ES\" \/>\n<meta property=\"og:type\" content=\"article\" \/>\n<meta property=\"og:title\" content=\"Moreb\u00fas ser\u00e1 un transporte 100% inclusivo para personas con discapacidad en Morelia - Diario ABC de Michoac\u00e1n\" \/>\n<meta property=\"og:description\" content=\"Morelia, Michoac\u00e1n, 27 de agosto de 2026.- El Moreb\u00fas adem\u00e1s de ser un medio de transporte ecol\u00f3gico, tambi\u00e9n es inclusivo para las personas con discapacidad y movilidad reducida, al contar un sistema conocido como \u201ccama baja\u201d, que facilita el ascenso y descenso seguro de las y los pasajeros al nivel de las estaciones, sin necesidad [&hellip;]\" \/>\n<meta property=\"og:url\" content=\"https:\/\/diarioabcdemichoacan.com.mx\/lasnoticias\/morebus-sera-un-transporte-100-inclusivo-para-personas-con-discapacidad-en-morelia\/\" \/>\n<meta property=\"og:site_name\" content=\"Diario ABC de Michoac\u00e1n\" \/>\n<meta property=\"article:published_time\" content=\"2026-08-28T05:07:31+00:00\" \/>\n<meta property=\"article:modified_time\" content=\"2026-09-01T05:08:17+00:00\" \/>\n<meta property=\"og:image\" content=\"https:\/\/diarioabcdemichoacan.com.mx\/lasnoticias\/wp-content\/uploads\/2026\/08\/f21ac7c4-0679-4a74-b113-f9ad01e8915e.jpg\" \/>\n\t<meta property=\"og:image:width\" content=\"1280\" \/>\n\t<meta property=\"og:image:height\" content=\"852\" \/>\n\t<meta property=\"og:image:type\" content=\"image\/jpeg\" \/>\n<meta name=\"author\" content=\"MB\" \/>\n<meta name=\"twitter:card\" content=\"summary_large_image\" \/>\n<meta name=\"twitter:label1\" content=\"Escrito por\" \/>\n\t<meta name=\"twitter:data1\" content=\"MB\" \/>\n\t<meta name=\"twitter:label2\" content=\"Tiempo de lectura\" \/>\n\t<meta name=\"twitter:data2\" content=\"2 minutos\" \/>\n<script type=\"application\/ld+json\" class=\"yoast-schema-graph\">{\"@context\":\"https:\\\/\\\/schema.org\",\"@graph\":[{\"@type\":\"Article\",\"@id\":\"https:\\\/\\\/diarioabcdemichoacan.com.mx\\\/lasnoticias\\\/morebus-sera-un-transporte-100-inclusivo-para-personas-con-discapacidad-en-morelia\\\/#article\",\"isPartOf\":{\"@id\":\"https:\\\/\\\/diarioabcdemichoacan.com.mx\\\/lasnoticias\\\/morebus-sera-un-transporte-100-inclusivo-para-personas-con-discapacidad-en-morelia\\\/\"},\"author\":{\"name\":\"MB\",\"@id\":\"https:\\\/\\\/diarioabcdemichoacan.com.mx\\\/lasnoticias\\\/#\\\/schema\\\/person\\\/0546f9c3407148f7452ca932715c5e88\"},\"headline\":\"Moreb\u00fas ser\u00e1 un transporte 100% inclusivo para personas con discapacidad en Morelia\",\"datePublished\":\"2026-08-28T05:07:31+00:00\",\"dateModified\":\"2026-09-01T05:08:17+00:00\",\"mainEntityOfPage\":{\"@id\":\"https:\\\/\\\/diarioabcdemichoacan.com.mx\\\/lasnoticias\\\/morebus-sera-un-transporte-100-inclusivo-para-personas-con-discapacidad-en-morelia\\\/\"},\"wordCount\":267,\"image\":{\"@id\":\"https:\\\/\\\/diarioabcdemichoacan.com.mx\\\/lasnoticias\\\/morebus-sera-un-transporte-100-inclusivo-para-personas-con-discapacidad-en-morelia\\\/#primaryimage\"},\"thumbnailUrl\":\"https:\\\/\\\/diarioabcdemichoacan.com.mx\\\/lasnoticias\\\/wp-content\\\/uploads\\\/2026\\\/08\\\/f21ac7c4-0679-4a74-b113-f9ad01e8915e.jpg\",\"articleSection\":[\"Estado\",\"Gobierno de Michoac\u00e1n\"],\"inLanguage\":\"es\"},{\"@type\":\"WebPage\",\"@id\":\"https:\\\/\\\/diarioabcdemichoacan.com.mx\\\/lasnoticias\\\/morebus-sera-un-transporte-100-inclusivo-para-personas-con-discapacidad-en-morelia\\\/\",\"url\":\"https:\\\/\\\/diarioabcdemichoacan.com.mx\\\/lasnoticias\\\/morebus-sera-un-transporte-100-inclusivo-para-personas-con-discapacidad-en-morelia\\\/\",\"name\":\"Moreb\u00fas ser\u00e1 un transporte 100% inclusivo para personas con discapacidad en Morelia - Diario ABC de Michoac\u00e1n\",\"isPartOf\":{\"@id\":\"https:\\\/\\\/diarioabcdemichoacan.com.mx\\\/lasnoticias\\\/#website\"},\"primaryImageOfPage\":{\"@id\":\"https:\\\/\\\/diarioabcdemichoacan.com.mx\\\/lasnoticias\\\/morebus-sera-un-transporte-100-inclusivo-para-personas-con-discapacidad-en-morelia\\\/#primaryimage\"},\"image\":{\"@id\":\"https:\\\/\\\/diarioabcdemichoacan.com.mx\\\/lasnoticias\\\/morebus-sera-un-transporte-100-inclusivo-para-personas-con-discapacidad-en-morelia\\\/#primaryimage\"},\"thumbnailUrl\":\"https:\\\/\\\/diarioabcdemichoacan.com.mx\\\/lasnoticias\\\/wp-content\\\/uploads\\\/2026\\\/08\\\/f21ac7c4-0679-4a74-b113-f9ad01e8915e.jpg\",\"datePublished\":\"2026-08-28T05:07:31+00:00\",\"dateModified\":\"2026-09-01T05:08:17+00:00\",\"author\":{\"@id\":\"https:\\\/\\\/diarioabcdemichoacan.com.mx\\\/lasnoticias\\\/#\\\/schema\\\/person\\\/0546f9c3407148f7452ca932715c5e88\"},\"breadcrumb\":{\"@id\":\"https:\\\/\\\/diarioabcdemichoacan.com.mx\\\/lasnoticias\\\/morebus-sera-un-transporte-100-inclusivo-para-personas-con-discapacidad-en-morelia\\\/#breadcrumb\"},\"inLanguage\":\"es\",\"potentialAction\":[{\"@type\":\"ReadAction\",\"target\":[\"https:\\\/\\\/diarioabcdemichoacan.com.mx\\\/lasnoticias\\\/morebus-sera-un-transporte-100-inclusivo-para-personas-con-discapacidad-en-morelia\\\/\"]}]},{\"@type\":\"ImageObject\",\"inLanguage\":\"es\",\"@id\":\"https:\\\/\\\/diarioabcdemichoacan.com.mx\\\/lasnoticias\\\/morebus-sera-un-transporte-100-inclusivo-para-personas-con-discapacidad-en-morelia\\\/#primaryimage\",\"url\":\"https:\\\/\\\/diarioabcdemichoacan.com.mx\\\/lasnoticias\\\/wp-content\\\/uploads\\\/2026\\\/08\\\/f21ac7c4-0679-4a74-b113-f9ad01e8915e.jpg\",\"contentUrl\":\"https:\\\/\\\/diarioabcdemichoacan.com.mx\\\/lasnoticias\\\/wp-content\\\/uploads\\\/2026\\\/08\\\/f21ac7c4-0679-4a74-b113-f9ad01e8915e.jpg\",\"width\":1280,\"height\":852},{\"@type\":\"BreadcrumbList\",\"@id\":\"https:\\\/\\\/diarioabcdemichoacan.com.mx\\\/lasnoticias\\\/morebus-sera-un-transporte-100-inclusivo-para-personas-con-discapacidad-en-morelia\\\/#breadcrumb\",\"itemListElement\":[{\"@type\":\"ListItem\",\"position\":1,\"name\":\"Portada\",\"item\":\"https:\\\/\\\/diarioabcdemichoacan.com.mx\\\/lasnoticias\\\/\"},{\"@type\":\"ListItem\",\"position\":2,\"name\":\"Moreb\u00fas ser\u00e1 un transporte 100% inclusivo para personas con discapacidad en Morelia\"}]},{\"@type\":\"WebSite\",\"@id\":\"https:\\\/\\\/diarioabcdemichoacan.com.mx\\\/lasnoticias\\\/#website\",\"url\":\"https:\\\/\\\/diarioabcdemichoacan.com.mx\\\/lasnoticias\\\/\",\"name\":\"Diario ABC de Michoac\u00e1n\",\"description\":\"Las noticias al momento\",\"potentialAction\":[{\"@type\":\"SearchAction\",\"target\":{\"@type\":\"EntryPoint\",\"urlTemplate\":\"https:\\\/\\\/diarioabcdemichoacan.com.mx\\\/lasnoticias\\\/?s={search_term_string}\"},\"query-input\":{\"@type\":\"PropertyValueSpecification\",\"valueRequired\":true,\"valueName\":\"search_term_string\"}}],\"inLanguage\":\"es\"},{\"@type\":\"Person\",\"@id\":\"https:\\\/\\\/diarioabcdemichoacan.com.mx\\\/lasnoticias\\\/#\\\/schema\\\/person\\\/0546f9c3407148f7452ca932715c5e88\",\"name\":\"MB\",\"image\":{\"@type\":\"ImageObject\",\"inLanguage\":\"es\",\"@id\":\"https:\\\/\\\/secure.gravatar.com\\\/avatar\\\/ac036f018f6a8431a5687a020efaf39d914da6a3fc78ce6029ab7ae29c5130e2?s=96&d=mm&r=g\",\"url\":\"https:\\\/\\\/secure.gravatar.com\\\/avatar\\\/ac036f018f6a8431a5687a020efaf39d914da6a3fc78ce6029ab7ae29c5130e2?s=96&d=mm&r=g\",\"contentUrl\":\"https:\\\/\\\/secure.gravatar.com\\\/avatar\\\/ac036f018f6a8431a5687a020efaf39d914da6a3fc78ce6029ab7ae29c5130e2?s=96&d=mm&r=g\",\"caption\":\"MB\"},\"url\":\"https:\\\/\\\/diarioabcdemichoacan.com.mx\\\/lasnoticias\\\/author\\\/bomariano03\\\/\"}]}<\/script>\n<!-- \/ Yoast SEO plugin. -->","yoast_head_json":{"title":"Moreb\u00fas ser\u00e1 un transporte 100% inclusivo para personas con discapacidad en Morelia - Diario ABC de Michoac\u00e1n","robots":{"index":"index","follow":"follow","max-snippet":"max-snippet:-1","max-image-preview":"max-image-preview:large","max-video-preview":"max-video-preview:-1"},"canonical":"https:\/\/diarioabcdemichoacan.com.mx\/lasnoticias\/morebus-sera-un-transporte-100-inclusivo-para-personas-con-discapacidad-en-morelia\/","og_locale":"es_ES","og_type":"article","og_title":"Moreb\u00fas ser\u00e1 un transporte 100% inclusivo para personas con discapacidad en Morelia - Diario ABC de Michoac\u00e1n","og_description":"Morelia, Michoac\u00e1n, 27 de agosto de 2026.- El Moreb\u00fas adem\u00e1s de ser un medio de transporte ecol\u00f3gico, tambi\u00e9n es inclusivo para las personas con discapacidad y movilidad reducida, al contar un sistema conocido como \u201ccama baja\u201d, que facilita el ascenso y descenso seguro de las y los pasajeros al nivel de las estaciones, sin necesidad [&hellip;]","og_url":"https:\/\/diarioabcdemichoacan.com.mx\/lasnoticias\/morebus-sera-un-transporte-100-inclusivo-para-personas-con-discapacidad-en-morelia\/","og_site_name":"Diario ABC de Michoac\u00e1n","article_published_time":"2026-08-28T05:07:31+00:00","article_modified_time":"2026-09-01T05:08:17+00:00","og_image":[{"width":1280,"height":852,"url":"https:\/\/diarioabcdemichoacan.com.mx\/lasnoticias\/wp-content\/uploads\/2026\/08\/f21ac7c4-0679-4a74-b113-f9ad01e8915e.jpg","type":"image\/jpeg"}],"author":"MB","twitter_card":"summary_large_image","twitter_misc":{"Escrito por":"MB","Tiempo de lectura":"2 minutos"},"schema":{"@context":"https:\/\/schema.org","@graph":[{"@type":"Article","@id":"https:\/\/diarioabcdemichoacan.com.mx\/lasnoticias\/morebus-sera-un-transporte-100-inclusivo-para-personas-con-discapacidad-en-morelia\/#article","isPartOf":{"@id":"https:\/\/diarioabcdemichoacan.com.mx\/lasnoticias\/morebus-sera-un-transporte-100-inclusivo-para-personas-con-discapacidad-en-morelia\/"},"author":{"name":"MB","@id":"https:\/\/diarioabcdemichoacan.com.mx\/lasnoticias\/#\/schema\/person\/0546f9c3407148f7452ca932715c5e88"},"headline":"Moreb\u00fas ser\u00e1 un transporte 100% inclusivo para personas con discapacidad en Morelia","datePublished":"2026-08-28T05:07:31+00:00","dateModified":"2026-09-01T05:08:17+00:00","mainEntityOfPage":{"@id":"https:\/\/diarioabcdemichoacan.com.mx\/lasnoticias\/morebus-sera-un-transporte-100-inclusivo-para-personas-con-discapacidad-en-morelia\/"},"wordCount":267,"image":{"@id":"https:\/\/diarioabcdemichoacan.com.mx\/lasnoticias\/morebus-sera-un-transporte-100-inclusivo-para-personas-con-discapacidad-en-morelia\/#primaryimage"},"thumbnailUrl":"https:\/\/diarioabcdemichoacan.com.mx\/lasnoticias\/wp-content\/uploads\/2026\/08\/f21ac7c4-0679-4a74-b113-f9ad01e8915e.jpg","articleSection":["Estado","Gobierno de Michoac\u00e1n"],"inLanguage":"es"},{"@type":"WebPage","@id":"https:\/\/diarioabcdemichoacan.com.mx\/lasnoticias\/morebus-sera-un-transporte-100-inclusivo-para-personas-con-discapacidad-en-morelia\/","url":"https:\/\/diarioabcdemichoacan.com.mx\/lasnoticias\/morebus-sera-un-transporte-100-inclusivo-para-personas-con-discapacidad-en-morelia\/","name":"Moreb\u00fas ser\u00e1 un transporte 100% inclusivo para personas con discapacidad en Morelia - Diario ABC de Michoac\u00e1n","isPartOf":{"@id":"https:\/\/diarioabcdemichoacan.com.mx\/lasnoticias\/#website"},"primaryImageOfPage":{"@id":"https:\/\/diarioabcdemichoacan.com.mx\/lasnoticias\/morebus-sera-un-transporte-100-inclusivo-para-personas-con-discapacidad-en-morelia\/#primaryimage"},"image":{"@id":"https:\/\/diarioabcdemichoacan.com.mx\/lasnoticias\/morebus-sera-un-transporte-100-inclusivo-para-personas-con-discapacidad-en-morelia\/#primaryimage"},"thumbnailUrl":"https:\/\/diarioabcdemichoacan.com.mx\/lasnoticias\/wp-content\/uploads\/2026\/08\/f21ac7c4-0679-4a74-b113-f9ad01e8915e.jpg","datePublished":"2026-08-28T05:07:31+00:00","dateModified":"2026-09-01T05:08:17+00:00","author":{"@id":"https:\/\/diarioabcdemichoacan.com.mx\/lasnoticias\/#\/schema\/person\/0546f9c3407148f7452ca932715c5e88"},"breadcrumb":{"@id":"https:\/\/diarioabcdemichoacan.com.mx\/lasnoticias\/morebus-sera-un-transporte-100-inclusivo-para-personas-con-discapacidad-en-morelia\/#breadcrumb"},"inLanguage":"es","potentialAction":[{"@type":"ReadAction","target":["https:\/\/diarioabcdemichoacan.com.mx\/lasnoticias\/morebus-sera-un-transporte-100-inclusivo-para-personas-con-discapacidad-en-morelia\/"]}]},{"@type":"ImageObject","inLanguage":"es","@id":"https:\/\/diarioabcdemichoacan.com.mx\/lasnoticias\/morebus-sera-un-transporte-100-inclusivo-para-personas-con-discapacidad-en-morelia\/#primaryimage","url":"https:\/\/diarioabcdemichoacan.com.mx\/lasnoticias\/wp-content\/uploads\/2026\/08\/f21ac7c4-0679-4a74-b113-f9ad01e8915e.jpg","contentUrl":"https:\/\/diarioabcdemichoacan.com.mx\/lasnoticias\/wp-content\/uploads\/2026\/08\/f21ac7c4-0679-4a74-b113-f9ad01e8915e.jpg","width":1280,"height":852},{"@type":"BreadcrumbList","@id":"https:\/\/diarioabcdemichoacan.com.mx\/lasnoticias\/morebus-sera-un-transporte-100-inclusivo-para-personas-con-discapacidad-en-morelia\/#breadcrumb","itemListElement":[{"@type":"ListItem","position":1,"name":"Portada","item":"https:\/\/diarioabcdemichoacan.com.mx\/lasnoticias\/"},{"@type":"ListItem","position":2,"name":"Moreb\u00fas ser\u00e1 un transporte 100% inclusivo para personas con discapacidad en Morelia"}]},{"@type":"WebSite","@id":"https:\/\/diarioabcdemichoacan.com.mx\/lasnoticias\/#website","url":"https:\/\/diarioabcdemichoacan.com.mx\/lasnoticias\/","name":"Diario ABC de Michoac\u00e1n","description":"Las noticias al momento","potentialAction":[{"@type":"SearchAction","target":{"@type":"EntryPoint","urlTemplate":"https:\/\/diarioabcdemichoacan.com.mx\/lasnoticias\/?s={search_term_string}"},"query-input":{"@type":"PropertyValueSpecification","valueRequired":true,"valueName":"search_term_string"}}],"inLanguage":"es"},{"@type":"Person","@id":"https:\/\/diarioabcdemichoacan.com.mx\/lasnoticias\/#\/schema\/person\/0546f9c3407148f7452ca932715c5e88","name":"MB","image":{"@type":"ImageObject","inLanguage":"es","@id":"https:\/\/secure.gravatar.com\/avatar\/ac036f018f6a8431a5687a020efaf39d914da6a3fc78ce6029ab7ae29c5130e2?s=96&d=mm&r=g","url":"https:\/\/secure.gravatar.com\/avatar\/ac036f018f6a8431a5687a020efaf39d914da6a3fc78ce6029ab7ae29c5130e2?s=96&d=mm&r=g","contentUrl":"https:\/\/secure.gravatar.com\/avatar\/ac036f018f6a8431a5687a020efaf39d914da6a3fc78ce6029ab7ae29c5130e2?s=96&d=mm&r=g","caption":"MB"},"url":"https:\/\/diarioabcdemichoacan.com.mx\/lasnoticias\/author\/bomariano03\/"}]}},"_links":{"self":[{"href":"https:\/\/diarioabcdemichoacan.com.mx\/lasnoticias\/wp-json\/wp\/v2\/posts\/83837","targetHints":{"allow":["GET"]}}],"collection":[{"href":"https:\/\/diarioabcdemichoacan.com.mx\/lasnoticias\/wp-json\/wp\/v2\/posts"}],"about":[{"href":"https:\/\/diarioabcdemichoacan.com.mx\/lasnoticias\/wp-json\/wp\/v2\/types\/post"}],"author":[{"embeddable":true,"href":"https:\/\/diarioabcdemichoacan.com.mx\/lasnoticias\/wp-json\/wp\/v2\/users\/6"}],"replies":[{"embeddable":true,"href":"https:\/\/diarioabcdemichoacan.com.mx\/lasnoticias\/wp-json\/wp\/v2\/comments?post=83837"}],"version-history":[{"count":1,"href":"https:\/\/diarioabcdemichoacan.com.mx\/lasnoticias\/wp-json\/wp\/v2\/posts\/83837\/revisions"}],"predecessor-version":[{"id":83839,"href":"https:\/\/diarioabcdemichoacan.com.mx\/lasnoticias\/wp-json\/wp\/v2\/posts\/83837\/revisions\/83839"}],"wp:featuredmedia":[{"embeddable":true,"href":"https:\/\/diarioabcdemichoacan.com.mx\/lasnoticias\/wp-json\/wp\/v2\/media\/83838"}],"wp:attachment":[{"href":"https:\/\/diarioabcdemichoacan.com.mx\/lasnoticias\/wp-json\/wp\/v2\/media?parent=83837"}],"wp:term":[{"taxonomy":"category","embeddable":true,"href":"https:\/\/diarioabcdemichoacan.com.mx\/lasnoticias\/wp-json\/wp\/v2\/categories?post=83837"},{"taxonomy":"post_tag","embeddable":true,"href":"https:\/\/diarioabcdemichoacan.com.mx\/lasnoticias\/wp-json\/wp\/v2\/tags?post=83837"}],"curies":[{"name":"wp","href":"https:\/\/api.w.org\/{rel}","templated":true}]}}