{"id":83840,"date":"2026-08-27T23:08:26","date_gmt":"2026-08-28T05:08:26","guid":{"rendered":"https:\/\/diarioabcdemichoacan.com.mx\/lasnoticias\/?p=83840"},"modified":"2026-08-31T23:08:57","modified_gmt":"2026-09-01T05:08:57","slug":"morebus-impulsara-empleo-y-actividad-economica-en-morelia","status":"publish","type":"post","link":"https:\/\/diarioabcdemichoacan.com.mx\/lasnoticias\/morebus-impulsara-empleo-y-actividad-economica-en-morelia\/","title":{"rendered":"Moreb\u00fas impulsar\u00e1 empleo y actividad econ\u00f3mica en Morelia"},"content":{"rendered":"<p>Mejor movilidad permitir\u00e1 acercar a miles de habitantes del poniente a centros de trabajo, comercios y servicios<\/p>\n<hr \/>\n<p>Morelia, Michoac\u00e1n, 27 de agosto de 2026.- El Moreb\u00fas no solo transformar\u00e1 la manera de trasladarse en Morelia, tambi\u00e9n generar\u00e1 mejores condiciones para la actividad econ\u00f3mica al facilitar el acceso de miles de habitantes del poniente a centros de trabajo, comercios y servicios, destac\u00f3 la Secretar\u00eda de Desarrollo Econ\u00f3mico (Sedeco).<\/p><div id=\"diari-1790114618\" class=\"diari-contenido diari-entity-placement\"><img loading=\"lazy\" decoding=\"async\" src=\"https:\/\/diarioabcdemichoacan.com.mx\/lasnoticias\/wp-content\/uploads\/2024\/07\/WhatsApp-Image-2024-05-07-at-10.12.40-a.m.jpeg\" alt=\"\"  srcset=\"https:\/\/diarioabcdemichoacan.com.mx\/lasnoticias\/wp-content\/uploads\/2024\/07\/WhatsApp-Image-2024-05-07-at-10.12.40-a.m.jpeg 400w, https:\/\/diarioabcdemichoacan.com.mx\/lasnoticias\/wp-content\/uploads\/2024\/07\/WhatsApp-Image-2024-05-07-at-10.12.40-a.m-150x150.jpeg 150w, https:\/\/diarioabcdemichoacan.com.mx\/lasnoticias\/wp-content\/uploads\/2024\/07\/WhatsApp-Image-2024-05-07-at-10.12.40-a.m-300x300.jpeg 300w\" sizes=\"(max-width: 400px) 100vw, 400px\" width=\"400\" height=\"400\"  style=\"display: inline-block;\" \/><\/div>\n<p>Uno de los principales efectos ser\u00e1 una mayor conexi\u00f3n entre las zonas habitacionales y los centros de trabajo. Al reducir los tiempos de traslado, las personas podr\u00e1n ampliar sus posibilidades de acceder a oportunidades laborales en distintos puntos de la ciudad y, al mismo tiempo, las empresas contar\u00e1n con mejores condiciones para vincularse con trabajadores provenientes del poniente de la capital.<\/p>\n<p>Este impacto cobra gran relevancia al beneficiar a cerca de 400 mil habitantes de dicha zona en Morelia y movilizar diariamente a m\u00e1s de 76 mil usuarios, quienes ver\u00e1n sus tiempos de traslado reducidos de hasta hora y media a solo 30 minutos aproximadamente.<\/p>\n<p>Asimismo, una mayor eficiencia no solo alivia los desplazamientos cotidianos, sino que impulsa la econom\u00eda local. Al acortar los tiempos en el tr\u00e1fico, se facilita el acceso a los centros laborales y se optimiza la conexi\u00f3n entre trabajadores, empresas y zonas productivas, propiciando una ciudad m\u00e1s competitiva.<\/p>\n<p>A esta din\u00e1mica se suma el potencial para fortalecer la actividad comercial a lo largo del corredor. El flujo cotidiano de miles de personas en las inmediaciones de las estaciones puede favorecer a comercios y prestadores de servicios existentes, as\u00ed como generar condiciones para nuevas actividades econ\u00f3micas en las colonias y zonas conectadas por el sistema.<\/p>\n","protected":false},"excerpt":{"rendered":"<p>Mejor movilidad permitir\u00e1 acercar a miles de habitantes del poniente a centros de trabajo, comercios y servicios Morelia, Michoac\u00e1n, 27 de agosto de 2026.- El Moreb\u00fas no solo transformar\u00e1 la manera de trasladarse en Morelia, tambi\u00e9n generar\u00e1 mejores condiciones para la actividad econ\u00f3mica al facilitar el acceso de miles de habitantes del poniente a centros [&hellip;]<\/p>\n","protected":false},"author":6,"featured_media":83841,"comment_status":"closed","ping_status":"closed","sticky":false,"template":"","format":"standard","meta":{"footnotes":""},"categories":[31,10,17],"tags":[],"class_list":["post-83840","post","type-post","status-publish","format-standard","has-post-thumbnail","category-economia-y-capital-humano","category-estado","category-gobierno-de-michoacan"],"yoast_head":"<!-- This site is optimized with the Yoast SEO plugin v28.4 - https:\/\/yoast.com\/product\/yoast-seo-wordpress\/ -->\n<title>Moreb\u00fas impulsar\u00e1 empleo y actividad econ\u00f3mica en Morelia - Diario ABC de Michoac\u00e1n<\/title>\n<meta name=\"robots\" content=\"index, follow, max-snippet:-1, max-image-preview:large, max-video-preview:-1\" \/>\n<link rel=\"canonical\" href=\"https:\/\/diarioabcdemichoacan.com.mx\/lasnoticias\/morebus-impulsara-empleo-y-actividad-economica-en-morelia\/\" \/>\n<meta property=\"og:locale\" content=\"es_ES\" \/>\n<meta property=\"og:type\" content=\"article\" \/>\n<meta property=\"og:title\" content=\"Moreb\u00fas impulsar\u00e1 empleo y actividad econ\u00f3mica en Morelia - Diario ABC de Michoac\u00e1n\" \/>\n<meta property=\"og:description\" content=\"Mejor movilidad permitir\u00e1 acercar a miles de habitantes del poniente a centros de trabajo, comercios y servicios Morelia, Michoac\u00e1n, 27 de agosto de 2026.- El Moreb\u00fas no solo transformar\u00e1 la manera de trasladarse en Morelia, tambi\u00e9n generar\u00e1 mejores condiciones para la actividad econ\u00f3mica al facilitar el acceso de miles de habitantes del poniente a centros [&hellip;]\" \/>\n<meta property=\"og:url\" content=\"https:\/\/diarioabcdemichoacan.com.mx\/lasnoticias\/morebus-impulsara-empleo-y-actividad-economica-en-morelia\/\" \/>\n<meta property=\"og:site_name\" content=\"Diario ABC de Michoac\u00e1n\" \/>\n<meta property=\"article:published_time\" content=\"2026-08-28T05:08:26+00:00\" \/>\n<meta property=\"article:modified_time\" content=\"2026-09-01T05:08:57+00:00\" \/>\n<meta property=\"og:image\" content=\"https:\/\/diarioabcdemichoacan.com.mx\/lasnoticias\/wp-content\/uploads\/2026\/08\/c43c7789-ac46-4361-b87d-f23eb351e57a.jpg\" \/>\n\t<meta property=\"og:image:width\" content=\"1600\" \/>\n\t<meta property=\"og:image:height\" content=\"1066\" \/>\n\t<meta property=\"og:image:type\" content=\"image\/jpeg\" \/>\n<meta name=\"author\" content=\"MB\" \/>\n<meta name=\"twitter:card\" content=\"summary_large_image\" \/>\n<meta name=\"twitter:label1\" content=\"Escrito por\" \/>\n\t<meta name=\"twitter:data1\" content=\"MB\" \/>\n\t<meta name=\"twitter:label2\" content=\"Tiempo de lectura\" \/>\n\t<meta name=\"twitter:data2\" content=\"2 minutos\" \/>\n<script type=\"application\/ld+json\" class=\"yoast-schema-graph\">{\"@context\":\"https:\\\/\\\/schema.org\",\"@graph\":[{\"@type\":\"Article\",\"@id\":\"https:\\\/\\\/diarioabcdemichoacan.com.mx\\\/lasnoticias\\\/morebus-impulsara-empleo-y-actividad-economica-en-morelia\\\/#article\",\"isPartOf\":{\"@id\":\"https:\\\/\\\/diarioabcdemichoacan.com.mx\\\/lasnoticias\\\/morebus-impulsara-empleo-y-actividad-economica-en-morelia\\\/\"},\"author\":{\"name\":\"MB\",\"@id\":\"https:\\\/\\\/diarioabcdemichoacan.com.mx\\\/lasnoticias\\\/#\\\/schema\\\/person\\\/0546f9c3407148f7452ca932715c5e88\"},\"headline\":\"Moreb\u00fas impulsar\u00e1 empleo y actividad econ\u00f3mica en Morelia\",\"datePublished\":\"2026-08-28T05:08:26+00:00\",\"dateModified\":\"2026-09-01T05:08:57+00:00\",\"mainEntityOfPage\":{\"@id\":\"https:\\\/\\\/diarioabcdemichoacan.com.mx\\\/lasnoticias\\\/morebus-impulsara-empleo-y-actividad-economica-en-morelia\\\/\"},\"wordCount\":298,\"image\":{\"@id\":\"https:\\\/\\\/diarioabcdemichoacan.com.mx\\\/lasnoticias\\\/morebus-impulsara-empleo-y-actividad-economica-en-morelia\\\/#primaryimage\"},\"thumbnailUrl\":\"https:\\\/\\\/diarioabcdemichoacan.com.mx\\\/lasnoticias\\\/wp-content\\\/uploads\\\/2026\\\/08\\\/c43c7789-ac46-4361-b87d-f23eb351e57a.jpg\",\"articleSection\":[\"Econom\u00eda y Capital Humano\",\"Estado\",\"Gobierno de Michoac\u00e1n\"],\"inLanguage\":\"es\"},{\"@type\":\"WebPage\",\"@id\":\"https:\\\/\\\/diarioabcdemichoacan.com.mx\\\/lasnoticias\\\/morebus-impulsara-empleo-y-actividad-economica-en-morelia\\\/\",\"url\":\"https:\\\/\\\/diarioabcdemichoacan.com.mx\\\/lasnoticias\\\/morebus-impulsara-empleo-y-actividad-economica-en-morelia\\\/\",\"name\":\"Moreb\u00fas impulsar\u00e1 empleo y actividad econ\u00f3mica en Morelia - Diario ABC de Michoac\u00e1n\",\"isPartOf\":{\"@id\":\"https:\\\/\\\/diarioabcdemichoacan.com.mx\\\/lasnoticias\\\/#website\"},\"primaryImageOfPage\":{\"@id\":\"https:\\\/\\\/diarioabcdemichoacan.com.mx\\\/lasnoticias\\\/morebus-impulsara-empleo-y-actividad-economica-en-morelia\\\/#primaryimage\"},\"image\":{\"@id\":\"https:\\\/\\\/diarioabcdemichoacan.com.mx\\\/lasnoticias\\\/morebus-impulsara-empleo-y-actividad-economica-en-morelia\\\/#primaryimage\"},\"thumbnailUrl\":\"https:\\\/\\\/diarioabcdemichoacan.com.mx\\\/lasnoticias\\\/wp-content\\\/uploads\\\/2026\\\/08\\\/c43c7789-ac46-4361-b87d-f23eb351e57a.jpg\",\"datePublished\":\"2026-08-28T05:08:26+00:00\",\"dateModified\":\"2026-09-01T05:08:57+00:00\",\"author\":{\"@id\":\"https:\\\/\\\/diarioabcdemichoacan.com.mx\\\/lasnoticias\\\/#\\\/schema\\\/person\\\/0546f9c3407148f7452ca932715c5e88\"},\"breadcrumb\":{\"@id\":\"https:\\\/\\\/diarioabcdemichoacan.com.mx\\\/lasnoticias\\\/morebus-impulsara-empleo-y-actividad-economica-en-morelia\\\/#breadcrumb\"},\"inLanguage\":\"es\",\"potentialAction\":[{\"@type\":\"ReadAction\",\"target\":[\"https:\\\/\\\/diarioabcdemichoacan.com.mx\\\/lasnoticias\\\/morebus-impulsara-empleo-y-actividad-economica-en-morelia\\\/\"]}]},{\"@type\":\"ImageObject\",\"inLanguage\":\"es\",\"@id\":\"https:\\\/\\\/diarioabcdemichoacan.com.mx\\\/lasnoticias\\\/morebus-impulsara-empleo-y-actividad-economica-en-morelia\\\/#primaryimage\",\"url\":\"https:\\\/\\\/diarioabcdemichoacan.com.mx\\\/lasnoticias\\\/wp-content\\\/uploads\\\/2026\\\/08\\\/c43c7789-ac46-4361-b87d-f23eb351e57a.jpg\",\"contentUrl\":\"https:\\\/\\\/diarioabcdemichoacan.com.mx\\\/lasnoticias\\\/wp-content\\\/uploads\\\/2026\\\/08\\\/c43c7789-ac46-4361-b87d-f23eb351e57a.jpg\",\"width\":1600,\"height\":1066},{\"@type\":\"BreadcrumbList\",\"@id\":\"https:\\\/\\\/diarioabcdemichoacan.com.mx\\\/lasnoticias\\\/morebus-impulsara-empleo-y-actividad-economica-en-morelia\\\/#breadcrumb\",\"itemListElement\":[{\"@type\":\"ListItem\",\"position\":1,\"name\":\"Portada\",\"item\":\"https:\\\/\\\/diarioabcdemichoacan.com.mx\\\/lasnoticias\\\/\"},{\"@type\":\"ListItem\",\"position\":2,\"name\":\"Moreb\u00fas impulsar\u00e1 empleo y actividad econ\u00f3mica en Morelia\"}]},{\"@type\":\"WebSite\",\"@id\":\"https:\\\/\\\/diarioabcdemichoacan.com.mx\\\/lasnoticias\\\/#website\",\"url\":\"https:\\\/\\\/diarioabcdemichoacan.com.mx\\\/lasnoticias\\\/\",\"name\":\"Diario ABC de Michoac\u00e1n\",\"description\":\"Las noticias al momento\",\"potentialAction\":[{\"@type\":\"SearchAction\",\"target\":{\"@type\":\"EntryPoint\",\"urlTemplate\":\"https:\\\/\\\/diarioabcdemichoacan.com.mx\\\/lasnoticias\\\/?s={search_term_string}\"},\"query-input\":{\"@type\":\"PropertyValueSpecification\",\"valueRequired\":true,\"valueName\":\"search_term_string\"}}],\"inLanguage\":\"es\"},{\"@type\":\"Person\",\"@id\":\"https:\\\/\\\/diarioabcdemichoacan.com.mx\\\/lasnoticias\\\/#\\\/schema\\\/person\\\/0546f9c3407148f7452ca932715c5e88\",\"name\":\"MB\",\"image\":{\"@type\":\"ImageObject\",\"inLanguage\":\"es\",\"@id\":\"https:\\\/\\\/secure.gravatar.com\\\/avatar\\\/ac036f018f6a8431a5687a020efaf39d914da6a3fc78ce6029ab7ae29c5130e2?s=96&d=mm&r=g\",\"url\":\"https:\\\/\\\/secure.gravatar.com\\\/avatar\\\/ac036f018f6a8431a5687a020efaf39d914da6a3fc78ce6029ab7ae29c5130e2?s=96&d=mm&r=g\",\"contentUrl\":\"https:\\\/\\\/secure.gravatar.com\\\/avatar\\\/ac036f018f6a8431a5687a020efaf39d914da6a3fc78ce6029ab7ae29c5130e2?s=96&d=mm&r=g\",\"caption\":\"MB\"},\"url\":\"https:\\\/\\\/diarioabcdemichoacan.com.mx\\\/lasnoticias\\\/author\\\/bomariano03\\\/\"}]}<\/script>\n<!-- \/ Yoast SEO plugin. -->","yoast_head_json":{"title":"Moreb\u00fas impulsar\u00e1 empleo y actividad econ\u00f3mica en Morelia - Diario ABC de Michoac\u00e1n","robots":{"index":"index","follow":"follow","max-snippet":"max-snippet:-1","max-image-preview":"max-image-preview:large","max-video-preview":"max-video-preview:-1"},"canonical":"https:\/\/diarioabcdemichoacan.com.mx\/lasnoticias\/morebus-impulsara-empleo-y-actividad-economica-en-morelia\/","og_locale":"es_ES","og_type":"article","og_title":"Moreb\u00fas impulsar\u00e1 empleo y actividad econ\u00f3mica en Morelia - Diario ABC de Michoac\u00e1n","og_description":"Mejor movilidad permitir\u00e1 acercar a miles de habitantes del poniente a centros de trabajo, comercios y servicios Morelia, Michoac\u00e1n, 27 de agosto de 2026.- El Moreb\u00fas no solo transformar\u00e1 la manera de trasladarse en Morelia, tambi\u00e9n generar\u00e1 mejores condiciones para la actividad econ\u00f3mica al facilitar el acceso de miles de habitantes del poniente a centros [&hellip;]","og_url":"https:\/\/diarioabcdemichoacan.com.mx\/lasnoticias\/morebus-impulsara-empleo-y-actividad-economica-en-morelia\/","og_site_name":"Diario ABC de Michoac\u00e1n","article_published_time":"2026-08-28T05:08:26+00:00","article_modified_time":"2026-09-01T05:08:57+00:00","og_image":[{"width":1600,"height":1066,"url":"https:\/\/diarioabcdemichoacan.com.mx\/lasnoticias\/wp-content\/uploads\/2026\/08\/c43c7789-ac46-4361-b87d-f23eb351e57a.jpg","type":"image\/jpeg"}],"author":"MB","twitter_card":"summary_large_image","twitter_misc":{"Escrito por":"MB","Tiempo de lectura":"2 minutos"},"schema":{"@context":"https:\/\/schema.org","@graph":[{"@type":"Article","@id":"https:\/\/diarioabcdemichoacan.com.mx\/lasnoticias\/morebus-impulsara-empleo-y-actividad-economica-en-morelia\/#article","isPartOf":{"@id":"https:\/\/diarioabcdemichoacan.com.mx\/lasnoticias\/morebus-impulsara-empleo-y-actividad-economica-en-morelia\/"},"author":{"name":"MB","@id":"https:\/\/diarioabcdemichoacan.com.mx\/lasnoticias\/#\/schema\/person\/0546f9c3407148f7452ca932715c5e88"},"headline":"Moreb\u00fas impulsar\u00e1 empleo y actividad econ\u00f3mica en Morelia","datePublished":"2026-08-28T05:08:26+00:00","dateModified":"2026-09-01T05:08:57+00:00","mainEntityOfPage":{"@id":"https:\/\/diarioabcdemichoacan.com.mx\/lasnoticias\/morebus-impulsara-empleo-y-actividad-economica-en-morelia\/"},"wordCount":298,"image":{"@id":"https:\/\/diarioabcdemichoacan.com.mx\/lasnoticias\/morebus-impulsara-empleo-y-actividad-economica-en-morelia\/#primaryimage"},"thumbnailUrl":"https:\/\/diarioabcdemichoacan.com.mx\/lasnoticias\/wp-content\/uploads\/2026\/08\/c43c7789-ac46-4361-b87d-f23eb351e57a.jpg","articleSection":["Econom\u00eda y Capital Humano","Estado","Gobierno de Michoac\u00e1n"],"inLanguage":"es"},{"@type":"WebPage","@id":"https:\/\/diarioabcdemichoacan.com.mx\/lasnoticias\/morebus-impulsara-empleo-y-actividad-economica-en-morelia\/","url":"https:\/\/diarioabcdemichoacan.com.mx\/lasnoticias\/morebus-impulsara-empleo-y-actividad-economica-en-morelia\/","name":"Moreb\u00fas impulsar\u00e1 empleo y actividad econ\u00f3mica en Morelia - Diario ABC de Michoac\u00e1n","isPartOf":{"@id":"https:\/\/diarioabcdemichoacan.com.mx\/lasnoticias\/#website"},"primaryImageOfPage":{"@id":"https:\/\/diarioabcdemichoacan.com.mx\/lasnoticias\/morebus-impulsara-empleo-y-actividad-economica-en-morelia\/#primaryimage"},"image":{"@id":"https:\/\/diarioabcdemichoacan.com.mx\/lasnoticias\/morebus-impulsara-empleo-y-actividad-economica-en-morelia\/#primaryimage"},"thumbnailUrl":"https:\/\/diarioabcdemichoacan.com.mx\/lasnoticias\/wp-content\/uploads\/2026\/08\/c43c7789-ac46-4361-b87d-f23eb351e57a.jpg","datePublished":"2026-08-28T05:08:26+00:00","dateModified":"2026-09-01T05:08:57+00:00","author":{"@id":"https:\/\/diarioabcdemichoacan.com.mx\/lasnoticias\/#\/schema\/person\/0546f9c3407148f7452ca932715c5e88"},"breadcrumb":{"@id":"https:\/\/diarioabcdemichoacan.com.mx\/lasnoticias\/morebus-impulsara-empleo-y-actividad-economica-en-morelia\/#breadcrumb"},"inLanguage":"es","potentialAction":[{"@type":"ReadAction","target":["https:\/\/diarioabcdemichoacan.com.mx\/lasnoticias\/morebus-impulsara-empleo-y-actividad-economica-en-morelia\/"]}]},{"@type":"ImageObject","inLanguage":"es","@id":"https:\/\/diarioabcdemichoacan.com.mx\/lasnoticias\/morebus-impulsara-empleo-y-actividad-economica-en-morelia\/#primaryimage","url":"https:\/\/diarioabcdemichoacan.com.mx\/lasnoticias\/wp-content\/uploads\/2026\/08\/c43c7789-ac46-4361-b87d-f23eb351e57a.jpg","contentUrl":"https:\/\/diarioabcdemichoacan.com.mx\/lasnoticias\/wp-content\/uploads\/2026\/08\/c43c7789-ac46-4361-b87d-f23eb351e57a.jpg","width":1600,"height":1066},{"@type":"BreadcrumbList","@id":"https:\/\/diarioabcdemichoacan.com.mx\/lasnoticias\/morebus-impulsara-empleo-y-actividad-economica-en-morelia\/#breadcrumb","itemListElement":[{"@type":"ListItem","position":1,"name":"Portada","item":"https:\/\/diarioabcdemichoacan.com.mx\/lasnoticias\/"},{"@type":"ListItem","position":2,"name":"Moreb\u00fas impulsar\u00e1 empleo y actividad econ\u00f3mica en Morelia"}]},{"@type":"WebSite","@id":"https:\/\/diarioabcdemichoacan.com.mx\/lasnoticias\/#website","url":"https:\/\/diarioabcdemichoacan.com.mx\/lasnoticias\/","name":"Diario ABC de Michoac\u00e1n","description":"Las noticias al momento","potentialAction":[{"@type":"SearchAction","target":{"@type":"EntryPoint","urlTemplate":"https:\/\/diarioabcdemichoacan.com.mx\/lasnoticias\/?s={search_term_string}"},"query-input":{"@type":"PropertyValueSpecification","valueRequired":true,"valueName":"search_term_string"}}],"inLanguage":"es"},{"@type":"Person","@id":"https:\/\/diarioabcdemichoacan.com.mx\/lasnoticias\/#\/schema\/person\/0546f9c3407148f7452ca932715c5e88","name":"MB","image":{"@type":"ImageObject","inLanguage":"es","@id":"https:\/\/secure.gravatar.com\/avatar\/ac036f018f6a8431a5687a020efaf39d914da6a3fc78ce6029ab7ae29c5130e2?s=96&d=mm&r=g","url":"https:\/\/secure.gravatar.com\/avatar\/ac036f018f6a8431a5687a020efaf39d914da6a3fc78ce6029ab7ae29c5130e2?s=96&d=mm&r=g","contentUrl":"https:\/\/secure.gravatar.com\/avatar\/ac036f018f6a8431a5687a020efaf39d914da6a3fc78ce6029ab7ae29c5130e2?s=96&d=mm&r=g","caption":"MB"},"url":"https:\/\/diarioabcdemichoacan.com.mx\/lasnoticias\/author\/bomariano03\/"}]}},"_links":{"self":[{"href":"https:\/\/diarioabcdemichoacan.com.mx\/lasnoticias\/wp-json\/wp\/v2\/posts\/83840","targetHints":{"allow":["GET"]}}],"collection":[{"href":"https:\/\/diarioabcdemichoacan.com.mx\/lasnoticias\/wp-json\/wp\/v2\/posts"}],"about":[{"href":"https:\/\/diarioabcdemichoacan.com.mx\/lasnoticias\/wp-json\/wp\/v2\/types\/post"}],"author":[{"embeddable":true,"href":"https:\/\/diarioabcdemichoacan.com.mx\/lasnoticias\/wp-json\/wp\/v2\/users\/6"}],"replies":[{"embeddable":true,"href":"https:\/\/diarioabcdemichoacan.com.mx\/lasnoticias\/wp-json\/wp\/v2\/comments?post=83840"}],"version-history":[{"count":1,"href":"https:\/\/diarioabcdemichoacan.com.mx\/lasnoticias\/wp-json\/wp\/v2\/posts\/83840\/revisions"}],"predecessor-version":[{"id":83842,"href":"https:\/\/diarioabcdemichoacan.com.mx\/lasnoticias\/wp-json\/wp\/v2\/posts\/83840\/revisions\/83842"}],"wp:featuredmedia":[{"embeddable":true,"href":"https:\/\/diarioabcdemichoacan.com.mx\/lasnoticias\/wp-json\/wp\/v2\/media\/83841"}],"wp:attachment":[{"href":"https:\/\/diarioabcdemichoacan.com.mx\/lasnoticias\/wp-json\/wp\/v2\/media?parent=83840"}],"wp:term":[{"taxonomy":"category","embeddable":true,"href":"https:\/\/diarioabcdemichoacan.com.mx\/lasnoticias\/wp-json\/wp\/v2\/categories?post=83840"},{"taxonomy":"post_tag","embeddable":true,"href":"https:\/\/diarioabcdemichoacan.com.mx\/lasnoticias\/wp-json\/wp\/v2\/tags?post=83840"}],"curies":[{"name":"wp","href":"https:\/\/api.w.org\/{rel}","templated":true}]}}