{"id":83852,"date":"2026-08-26T23:11:42","date_gmt":"2026-08-27T05:11:42","guid":{"rendered":"https:\/\/diarioabcdemichoacan.com.mx\/lasnoticias\/?p=83852"},"modified":"2026-08-31T23:12:41","modified_gmt":"2026-09-01T05:12:41","slug":"corredor-ecologico-de-tres-puentes-sera-un-pulmon-verde-para-morelia","status":"publish","type":"post","link":"https:\/\/diarioabcdemichoacan.com.mx\/lasnoticias\/corredor-ecologico-de-tres-puentes-sera-un-pulmon-verde-para-morelia\/","title":{"rendered":"Corredor Ecol\u00f3gico de Tres Puentes ser\u00e1 un pulm\u00f3n verde para Morelia"},"content":{"rendered":"<p>\u00danicamente 27 ejemplares ser\u00e1n trasplantados dentro de la misma zona; El resto del arbolado existente ser\u00e1 conservado<\/p>\n<hr \/>\n<p>Morelia, Michoac\u00e1n, 26 de agosto de 2026.- Como parte de los ajustes al proyecto de adecuaci\u00f3n del paso superior ferroviario de Tres Puentes, la Secretar\u00eda de Desarrollo Urbano y Movilidad (Sedum) contempla la creaci\u00f3n de un Corredor Ecol\u00f3gico que permitir\u00e1 fortalecer las \u00e1reas verdes y la conectividad ambiental de esta zona de Morelia.<\/p><div id=\"diari-2603148562\" class=\"diari-contenido diari-entity-placement\"><img loading=\"lazy\" decoding=\"async\" src=\"https:\/\/diarioabcdemichoacan.com.mx\/lasnoticias\/wp-content\/uploads\/2024\/07\/WhatsApp-Image-2024-05-07-at-10.12.40-a.m.jpeg\" alt=\"\"  srcset=\"https:\/\/diarioabcdemichoacan.com.mx\/lasnoticias\/wp-content\/uploads\/2024\/07\/WhatsApp-Image-2024-05-07-at-10.12.40-a.m.jpeg 400w, https:\/\/diarioabcdemichoacan.com.mx\/lasnoticias\/wp-content\/uploads\/2024\/07\/WhatsApp-Image-2024-05-07-at-10.12.40-a.m-150x150.jpeg 150w, https:\/\/diarioabcdemichoacan.com.mx\/lasnoticias\/wp-content\/uploads\/2024\/07\/WhatsApp-Image-2024-05-07-at-10.12.40-a.m-300x300.jpeg 300w\" sizes=\"(max-width: 400px) 100vw, 400px\" width=\"400\" height=\"400\"  style=\"display: inline-block;\" \/><\/div>\n<p>La titular de la Sedum, Mar\u00eda Elena Huerta Moctezuma, inform\u00f3 que esta intervenci\u00f3n contempla acciones de conservaci\u00f3n y recuperaci\u00f3n ambiental, entre ellas la reforestaci\u00f3n del Arboretum y de \u00e1reas cercanas al R\u00edo Grande, as\u00ed como la rehabilitaci\u00f3n de las canchas de futbol y la conformaci\u00f3n de un pasillo verde que contribuya a generar un entorno urbano con mayor presencia de vegetaci\u00f3n y espacios para la convivencia.<\/p>\n<p>\u201cEstamos replanteando el proyecto para que la movilidad y el cuidado del medio ambiente vayan de la mano. El Arboretum ser\u00e1 un punto fundamental para fortalecer este corredor y conectar distintos espacios de la zona de Tres Puentes, con m\u00e1s vegetaci\u00f3n, mejores condiciones ambientales y un espacio que contribuya a la conservaci\u00f3n del ecosistema\u201d, destac\u00f3 la funcionaria.<\/p>\n<p>Como parte de esta estrategia, \u00fanicamente 27 ejemplares ser\u00e1n rescatados y trasplantados dentro de la misma zona, principalmente en las inmediaciones del Arboretum y a lo largo de la ribera del R\u00edo Grande. El resto del arbolado existente en la zona ser\u00e1 conservado. Los ejemplares trasplantados recibir\u00e1n atenci\u00f3n especializada para favorecer su adaptaci\u00f3n y supervivencia.<\/p>\n<p>Adem\u00e1s, el Corredor Ecol\u00f3gico se fortalecer\u00e1 con especies nativas y de importancia ambiental, as\u00ed como con parte de los 32 mil ejemplares contemplados dentro de la estrategia de compensaci\u00f3n ecol\u00f3gica del Gobierno estatal. Estas acciones permitir\u00e1n recuperar espacios verdes y favorecer la biodiversidad.<\/p>\n<p>Con estas adecuaciones, el proyecto del Moreb\u00fas busca integrar la movilidad sustentable con acciones de conservaci\u00f3n ambiental, de manera que la intervenci\u00f3n en Tres Puentes no s\u00f3lo permita mejorar la infraestructura y conectividad urbana, sino tambi\u00e9n fortalecer los espacios naturales y \u00e1reas verdes existentes en beneficio de las y los morelianos.<\/p>\n<p><img loading=\"lazy\" decoding=\"async\" class=\"alignnone size-full wp-image-83855\" src=\"https:\/\/diarioabcdemichoacan.com.mx\/lasnoticias\/wp-content\/uploads\/2026\/08\/feab3a18-e216-46a7-bedd-0bd077ac1913.jpg\" alt=\"\" width=\"1280\" height=\"1600\" srcset=\"https:\/\/diarioabcdemichoacan.com.mx\/lasnoticias\/wp-content\/uploads\/2026\/08\/feab3a18-e216-46a7-bedd-0bd077ac1913.jpg 1280w, https:\/\/diarioabcdemichoacan.com.mx\/lasnoticias\/wp-content\/uploads\/2026\/08\/feab3a18-e216-46a7-bedd-0bd077ac1913-400x500.jpg 400w, https:\/\/diarioabcdemichoacan.com.mx\/lasnoticias\/wp-content\/uploads\/2026\/08\/feab3a18-e216-46a7-bedd-0bd077ac1913-819x1024.jpg 819w, https:\/\/diarioabcdemichoacan.com.mx\/lasnoticias\/wp-content\/uploads\/2026\/08\/feab3a18-e216-46a7-bedd-0bd077ac1913-768x960.jpg 768w, https:\/\/diarioabcdemichoacan.com.mx\/lasnoticias\/wp-content\/uploads\/2026\/08\/feab3a18-e216-46a7-bedd-0bd077ac1913-1229x1536.jpg 1229w, https:\/\/diarioabcdemichoacan.com.mx\/lasnoticias\/wp-content\/uploads\/2026\/08\/feab3a18-e216-46a7-bedd-0bd077ac1913-336x420.jpg 336w, https:\/\/diarioabcdemichoacan.com.mx\/lasnoticias\/wp-content\/uploads\/2026\/08\/feab3a18-e216-46a7-bedd-0bd077ac1913-150x188.jpg 150w, https:\/\/diarioabcdemichoacan.com.mx\/lasnoticias\/wp-content\/uploads\/2026\/08\/feab3a18-e216-46a7-bedd-0bd077ac1913-300x375.jpg 300w, https:\/\/diarioabcdemichoacan.com.mx\/lasnoticias\/wp-content\/uploads\/2026\/08\/feab3a18-e216-46a7-bedd-0bd077ac1913-696x870.jpg 696w, https:\/\/diarioabcdemichoacan.com.mx\/lasnoticias\/wp-content\/uploads\/2026\/08\/feab3a18-e216-46a7-bedd-0bd077ac1913-1068x1335.jpg 1068w\" sizes=\"auto, (max-width: 1280px) 100vw, 1280px\" \/><\/p>\n","protected":false},"excerpt":{"rendered":"<p>\u00danicamente 27 ejemplares ser\u00e1n trasplantados dentro de la misma zona; El resto del arbolado existente ser\u00e1 conservado Morelia, Michoac\u00e1n, 26 de agosto de 2026.- Como parte de los ajustes al proyecto de adecuaci\u00f3n del paso superior ferroviario de Tres Puentes, la Secretar\u00eda de Desarrollo Urbano y Movilidad (Sedum) contempla la creaci\u00f3n de un Corredor Ecol\u00f3gico [&hellip;]<\/p>\n","protected":false},"author":6,"featured_media":83853,"comment_status":"closed","ping_status":"closed","sticky":false,"template":"","format":"standard","meta":{"footnotes":""},"categories":[10,17,7],"tags":[],"class_list":["post-83852","post","type-post","status-publish","format-standard","has-post-thumbnail","category-estado","category-gobierno-de-michoacan","category-morelia"],"yoast_head":"<!-- This site is optimized with the Yoast SEO plugin v24.0 - https:\/\/yoast.com\/wordpress\/plugins\/seo\/ -->\n<title>Corredor Ecol\u00f3gico de Tres Puentes ser\u00e1 un pulm\u00f3n verde para Morelia - Diario ABC de Michoac\u00e1n<\/title>\n<meta name=\"robots\" content=\"index, follow, max-snippet:-1, max-image-preview:large, max-video-preview:-1\" \/>\n<link rel=\"canonical\" href=\"https:\/\/diarioabcdemichoacan.com.mx\/lasnoticias\/corredor-ecologico-de-tres-puentes-sera-un-pulmon-verde-para-morelia\/\" \/>\n<meta property=\"og:locale\" content=\"es_ES\" \/>\n<meta property=\"og:type\" content=\"article\" \/>\n<meta property=\"og:title\" content=\"Corredor Ecol\u00f3gico de Tres Puentes ser\u00e1 un pulm\u00f3n verde para Morelia - Diario ABC de Michoac\u00e1n\" \/>\n<meta property=\"og:description\" content=\"\u00danicamente 27 ejemplares ser\u00e1n trasplantados dentro de la misma zona; El resto del arbolado existente ser\u00e1 conservado Morelia, Michoac\u00e1n, 26 de agosto de 2026.- Como parte de los ajustes al proyecto de adecuaci\u00f3n del paso superior ferroviario de Tres Puentes, la Secretar\u00eda de Desarrollo Urbano y Movilidad (Sedum) contempla la creaci\u00f3n de un Corredor Ecol\u00f3gico [&hellip;]\" \/>\n<meta property=\"og:url\" content=\"https:\/\/diarioabcdemichoacan.com.mx\/lasnoticias\/corredor-ecologico-de-tres-puentes-sera-un-pulmon-verde-para-morelia\/\" \/>\n<meta property=\"og:site_name\" content=\"Diario ABC de Michoac\u00e1n\" \/>\n<meta property=\"article:published_time\" content=\"2026-08-27T05:11:42+00:00\" \/>\n<meta property=\"article:modified_time\" content=\"2026-09-01T05:12:41+00:00\" \/>\n<meta property=\"og:image\" content=\"https:\/\/diarioabcdemichoacan.com.mx\/lasnoticias\/wp-content\/uploads\/2026\/08\/73600b5f-9e82-42e0-94d2-53a1d6ea8b3c.jpg\" \/>\n\t<meta property=\"og:image:width\" content=\"1280\" \/>\n\t<meta property=\"og:image:height\" content=\"854\" \/>\n\t<meta property=\"og:image:type\" content=\"image\/jpeg\" \/>\n<meta name=\"author\" content=\"MB\" \/>\n<meta name=\"twitter:card\" content=\"summary_large_image\" \/>\n<meta name=\"twitter:label1\" content=\"Escrito por\" \/>\n\t<meta name=\"twitter:data1\" content=\"MB\" \/>\n\t<meta name=\"twitter:label2\" content=\"Tiempo de lectura\" \/>\n\t<meta name=\"twitter:data2\" content=\"2 minutos\" \/>\n<script type=\"application\/ld+json\" class=\"yoast-schema-graph\">{\"@context\":\"https:\/\/schema.org\",\"@graph\":[{\"@type\":\"WebPage\",\"@id\":\"https:\/\/diarioabcdemichoacan.com.mx\/lasnoticias\/corredor-ecologico-de-tres-puentes-sera-un-pulmon-verde-para-morelia\/\",\"url\":\"https:\/\/diarioabcdemichoacan.com.mx\/lasnoticias\/corredor-ecologico-de-tres-puentes-sera-un-pulmon-verde-para-morelia\/\",\"name\":\"Corredor Ecol\u00f3gico de Tres Puentes ser\u00e1 un pulm\u00f3n verde para Morelia - Diario ABC de Michoac\u00e1n\",\"isPartOf\":{\"@id\":\"https:\/\/diarioabcdemichoacan.com.mx\/lasnoticias\/#website\"},\"primaryImageOfPage\":{\"@id\":\"https:\/\/diarioabcdemichoacan.com.mx\/lasnoticias\/corredor-ecologico-de-tres-puentes-sera-un-pulmon-verde-para-morelia\/#primaryimage\"},\"image\":{\"@id\":\"https:\/\/diarioabcdemichoacan.com.mx\/lasnoticias\/corredor-ecologico-de-tres-puentes-sera-un-pulmon-verde-para-morelia\/#primaryimage\"},\"thumbnailUrl\":\"https:\/\/diarioabcdemichoacan.com.mx\/lasnoticias\/wp-content\/uploads\/2026\/08\/73600b5f-9e82-42e0-94d2-53a1d6ea8b3c.jpg\",\"datePublished\":\"2026-08-27T05:11:42+00:00\",\"dateModified\":\"2026-09-01T05:12:41+00:00\",\"author\":{\"@id\":\"https:\/\/diarioabcdemichoacan.com.mx\/lasnoticias\/#\/schema\/person\/0546f9c3407148f7452ca932715c5e88\"},\"breadcrumb\":{\"@id\":\"https:\/\/diarioabcdemichoacan.com.mx\/lasnoticias\/corredor-ecologico-de-tres-puentes-sera-un-pulmon-verde-para-morelia\/#breadcrumb\"},\"inLanguage\":\"es\",\"potentialAction\":[{\"@type\":\"ReadAction\",\"target\":[\"https:\/\/diarioabcdemichoacan.com.mx\/lasnoticias\/corredor-ecologico-de-tres-puentes-sera-un-pulmon-verde-para-morelia\/\"]}]},{\"@type\":\"ImageObject\",\"inLanguage\":\"es\",\"@id\":\"https:\/\/diarioabcdemichoacan.com.mx\/lasnoticias\/corredor-ecologico-de-tres-puentes-sera-un-pulmon-verde-para-morelia\/#primaryimage\",\"url\":\"https:\/\/diarioabcdemichoacan.com.mx\/lasnoticias\/wp-content\/uploads\/2026\/08\/73600b5f-9e82-42e0-94d2-53a1d6ea8b3c.jpg\",\"contentUrl\":\"https:\/\/diarioabcdemichoacan.com.mx\/lasnoticias\/wp-content\/uploads\/2026\/08\/73600b5f-9e82-42e0-94d2-53a1d6ea8b3c.jpg\",\"width\":1280,\"height\":854},{\"@type\":\"BreadcrumbList\",\"@id\":\"https:\/\/diarioabcdemichoacan.com.mx\/lasnoticias\/corredor-ecologico-de-tres-puentes-sera-un-pulmon-verde-para-morelia\/#breadcrumb\",\"itemListElement\":[{\"@type\":\"ListItem\",\"position\":1,\"name\":\"Portada\",\"item\":\"https:\/\/diarioabcdemichoacan.com.mx\/lasnoticias\/\"},{\"@type\":\"ListItem\",\"position\":2,\"name\":\"Corredor Ecol\u00f3gico de Tres Puentes ser\u00e1 un pulm\u00f3n verde para Morelia\"}]},{\"@type\":\"WebSite\",\"@id\":\"https:\/\/diarioabcdemichoacan.com.mx\/lasnoticias\/#website\",\"url\":\"https:\/\/diarioabcdemichoacan.com.mx\/lasnoticias\/\",\"name\":\"Diario ABC de Michoac\u00e1n\",\"description\":\"Las noticias al momento\",\"potentialAction\":[{\"@type\":\"SearchAction\",\"target\":{\"@type\":\"EntryPoint\",\"urlTemplate\":\"https:\/\/diarioabcdemichoacan.com.mx\/lasnoticias\/?s={search_term_string}\"},\"query-input\":{\"@type\":\"PropertyValueSpecification\",\"valueRequired\":true,\"valueName\":\"search_term_string\"}}],\"inLanguage\":\"es\"},{\"@type\":\"Person\",\"@id\":\"https:\/\/diarioabcdemichoacan.com.mx\/lasnoticias\/#\/schema\/person\/0546f9c3407148f7452ca932715c5e88\",\"name\":\"MB\",\"image\":{\"@type\":\"ImageObject\",\"inLanguage\":\"es\",\"@id\":\"https:\/\/diarioabcdemichoacan.com.mx\/lasnoticias\/#\/schema\/person\/image\/\",\"url\":\"https:\/\/secure.gravatar.com\/avatar\/ac036f018f6a8431a5687a020efaf39d914da6a3fc78ce6029ab7ae29c5130e2?s=96&d=mm&r=g\",\"contentUrl\":\"https:\/\/secure.gravatar.com\/avatar\/ac036f018f6a8431a5687a020efaf39d914da6a3fc78ce6029ab7ae29c5130e2?s=96&d=mm&r=g\",\"caption\":\"MB\"},\"url\":\"https:\/\/diarioabcdemichoacan.com.mx\/lasnoticias\/author\/bomariano03\/\"}]}<\/script>\n<!-- \/ Yoast SEO plugin. -->","yoast_head_json":{"title":"Corredor Ecol\u00f3gico de Tres Puentes ser\u00e1 un pulm\u00f3n verde para Morelia - Diario ABC de Michoac\u00e1n","robots":{"index":"index","follow":"follow","max-snippet":"max-snippet:-1","max-image-preview":"max-image-preview:large","max-video-preview":"max-video-preview:-1"},"canonical":"https:\/\/diarioabcdemichoacan.com.mx\/lasnoticias\/corredor-ecologico-de-tres-puentes-sera-un-pulmon-verde-para-morelia\/","og_locale":"es_ES","og_type":"article","og_title":"Corredor Ecol\u00f3gico de Tres Puentes ser\u00e1 un pulm\u00f3n verde para Morelia - Diario ABC de Michoac\u00e1n","og_description":"\u00danicamente 27 ejemplares ser\u00e1n trasplantados dentro de la misma zona; El resto del arbolado existente ser\u00e1 conservado Morelia, Michoac\u00e1n, 26 de agosto de 2026.- Como parte de los ajustes al proyecto de adecuaci\u00f3n del paso superior ferroviario de Tres Puentes, la Secretar\u00eda de Desarrollo Urbano y Movilidad (Sedum) contempla la creaci\u00f3n de un Corredor Ecol\u00f3gico [&hellip;]","og_url":"https:\/\/diarioabcdemichoacan.com.mx\/lasnoticias\/corredor-ecologico-de-tres-puentes-sera-un-pulmon-verde-para-morelia\/","og_site_name":"Diario ABC de Michoac\u00e1n","article_published_time":"2026-08-27T05:11:42+00:00","article_modified_time":"2026-09-01T05:12:41+00:00","og_image":[{"width":1280,"height":854,"url":"https:\/\/diarioabcdemichoacan.com.mx\/lasnoticias\/wp-content\/uploads\/2026\/08\/73600b5f-9e82-42e0-94d2-53a1d6ea8b3c.jpg","type":"image\/jpeg"}],"author":"MB","twitter_card":"summary_large_image","twitter_misc":{"Escrito por":"MB","Tiempo de lectura":"2 minutos"},"schema":{"@context":"https:\/\/schema.org","@graph":[{"@type":"WebPage","@id":"https:\/\/diarioabcdemichoacan.com.mx\/lasnoticias\/corredor-ecologico-de-tres-puentes-sera-un-pulmon-verde-para-morelia\/","url":"https:\/\/diarioabcdemichoacan.com.mx\/lasnoticias\/corredor-ecologico-de-tres-puentes-sera-un-pulmon-verde-para-morelia\/","name":"Corredor Ecol\u00f3gico de Tres Puentes ser\u00e1 un pulm\u00f3n verde para Morelia - Diario ABC de Michoac\u00e1n","isPartOf":{"@id":"https:\/\/diarioabcdemichoacan.com.mx\/lasnoticias\/#website"},"primaryImageOfPage":{"@id":"https:\/\/diarioabcdemichoacan.com.mx\/lasnoticias\/corredor-ecologico-de-tres-puentes-sera-un-pulmon-verde-para-morelia\/#primaryimage"},"image":{"@id":"https:\/\/diarioabcdemichoacan.com.mx\/lasnoticias\/corredor-ecologico-de-tres-puentes-sera-un-pulmon-verde-para-morelia\/#primaryimage"},"thumbnailUrl":"https:\/\/diarioabcdemichoacan.com.mx\/lasnoticias\/wp-content\/uploads\/2026\/08\/73600b5f-9e82-42e0-94d2-53a1d6ea8b3c.jpg","datePublished":"2026-08-27T05:11:42+00:00","dateModified":"2026-09-01T05:12:41+00:00","author":{"@id":"https:\/\/diarioabcdemichoacan.com.mx\/lasnoticias\/#\/schema\/person\/0546f9c3407148f7452ca932715c5e88"},"breadcrumb":{"@id":"https:\/\/diarioabcdemichoacan.com.mx\/lasnoticias\/corredor-ecologico-de-tres-puentes-sera-un-pulmon-verde-para-morelia\/#breadcrumb"},"inLanguage":"es","potentialAction":[{"@type":"ReadAction","target":["https:\/\/diarioabcdemichoacan.com.mx\/lasnoticias\/corredor-ecologico-de-tres-puentes-sera-un-pulmon-verde-para-morelia\/"]}]},{"@type":"ImageObject","inLanguage":"es","@id":"https:\/\/diarioabcdemichoacan.com.mx\/lasnoticias\/corredor-ecologico-de-tres-puentes-sera-un-pulmon-verde-para-morelia\/#primaryimage","url":"https:\/\/diarioabcdemichoacan.com.mx\/lasnoticias\/wp-content\/uploads\/2026\/08\/73600b5f-9e82-42e0-94d2-53a1d6ea8b3c.jpg","contentUrl":"https:\/\/diarioabcdemichoacan.com.mx\/lasnoticias\/wp-content\/uploads\/2026\/08\/73600b5f-9e82-42e0-94d2-53a1d6ea8b3c.jpg","width":1280,"height":854},{"@type":"BreadcrumbList","@id":"https:\/\/diarioabcdemichoacan.com.mx\/lasnoticias\/corredor-ecologico-de-tres-puentes-sera-un-pulmon-verde-para-morelia\/#breadcrumb","itemListElement":[{"@type":"ListItem","position":1,"name":"Portada","item":"https:\/\/diarioabcdemichoacan.com.mx\/lasnoticias\/"},{"@type":"ListItem","position":2,"name":"Corredor Ecol\u00f3gico de Tres Puentes ser\u00e1 un pulm\u00f3n verde para Morelia"}]},{"@type":"WebSite","@id":"https:\/\/diarioabcdemichoacan.com.mx\/lasnoticias\/#website","url":"https:\/\/diarioabcdemichoacan.com.mx\/lasnoticias\/","name":"Diario ABC de Michoac\u00e1n","description":"Las noticias al momento","potentialAction":[{"@type":"SearchAction","target":{"@type":"EntryPoint","urlTemplate":"https:\/\/diarioabcdemichoacan.com.mx\/lasnoticias\/?s={search_term_string}"},"query-input":{"@type":"PropertyValueSpecification","valueRequired":true,"valueName":"search_term_string"}}],"inLanguage":"es"},{"@type":"Person","@id":"https:\/\/diarioabcdemichoacan.com.mx\/lasnoticias\/#\/schema\/person\/0546f9c3407148f7452ca932715c5e88","name":"MB","image":{"@type":"ImageObject","inLanguage":"es","@id":"https:\/\/diarioabcdemichoacan.com.mx\/lasnoticias\/#\/schema\/person\/image\/","url":"https:\/\/secure.gravatar.com\/avatar\/ac036f018f6a8431a5687a020efaf39d914da6a3fc78ce6029ab7ae29c5130e2?s=96&d=mm&r=g","contentUrl":"https:\/\/secure.gravatar.com\/avatar\/ac036f018f6a8431a5687a020efaf39d914da6a3fc78ce6029ab7ae29c5130e2?s=96&d=mm&r=g","caption":"MB"},"url":"https:\/\/diarioabcdemichoacan.com.mx\/lasnoticias\/author\/bomariano03\/"}]}},"_links":{"self":[{"href":"https:\/\/diarioabcdemichoacan.com.mx\/lasnoticias\/wp-json\/wp\/v2\/posts\/83852","targetHints":{"allow":["GET"]}}],"collection":[{"href":"https:\/\/diarioabcdemichoacan.com.mx\/lasnoticias\/wp-json\/wp\/v2\/posts"}],"about":[{"href":"https:\/\/diarioabcdemichoacan.com.mx\/lasnoticias\/wp-json\/wp\/v2\/types\/post"}],"author":[{"embeddable":true,"href":"https:\/\/diarioabcdemichoacan.com.mx\/lasnoticias\/wp-json\/wp\/v2\/users\/6"}],"replies":[{"embeddable":true,"href":"https:\/\/diarioabcdemichoacan.com.mx\/lasnoticias\/wp-json\/wp\/v2\/comments?post=83852"}],"version-history":[{"count":2,"href":"https:\/\/diarioabcdemichoacan.com.mx\/lasnoticias\/wp-json\/wp\/v2\/posts\/83852\/revisions"}],"predecessor-version":[{"id":83856,"href":"https:\/\/diarioabcdemichoacan.com.mx\/lasnoticias\/wp-json\/wp\/v2\/posts\/83852\/revisions\/83856"}],"wp:featuredmedia":[{"embeddable":true,"href":"https:\/\/diarioabcdemichoacan.com.mx\/lasnoticias\/wp-json\/wp\/v2\/media\/83853"}],"wp:attachment":[{"href":"https:\/\/diarioabcdemichoacan.com.mx\/lasnoticias\/wp-json\/wp\/v2\/media?parent=83852"}],"wp:term":[{"taxonomy":"category","embeddable":true,"href":"https:\/\/diarioabcdemichoacan.com.mx\/lasnoticias\/wp-json\/wp\/v2\/categories?post=83852"},{"taxonomy":"post_tag","embeddable":true,"href":"https:\/\/diarioabcdemichoacan.com.mx\/lasnoticias\/wp-json\/wp\/v2\/tags?post=83852"}],"curies":[{"name":"wp","href":"https:\/\/api.w.org\/{rel}","templated":true}]}}