{"id":83864,"date":"2026-08-26T23:15:18","date_gmt":"2026-08-27T05:15:18","guid":{"rendered":"https:\/\/diarioabcdemichoacan.com.mx\/lasnoticias\/?p=83864"},"modified":"2026-08-31T23:15:47","modified_gmt":"2026-09-01T05:15:47","slug":"nombra-bedolla-a-patricia-flores-como-nueva-secretaria-de-educacion","status":"publish","type":"post","link":"https:\/\/diarioabcdemichoacan.com.mx\/lasnoticias\/nombra-bedolla-a-patricia-flores-como-nueva-secretaria-de-educacion\/","title":{"rendered":"Nombra Bedolla a Patricia Flores como nueva secretaria de Educaci\u00f3n"},"content":{"rendered":"<p>Morelia, Michoac\u00e1n, 26 de agosto de 2026.- El gobernador Alfredo Ram\u00edrez Bedolla design\u00f3 a Patricia Flores Anguiano como nueva secretaria de Educaci\u00f3n en Michoac\u00e1n, quien hasta la fecha se desempe\u00f1aba como encargada de Despacho de la instituci\u00f3n.<\/p>\n<p>Ram\u00edrez Bedolla, destac\u00f3 la trayectoria de Patricia Flores en la funci\u00f3n p\u00fablica, as\u00ed como su compromiso por fortalecer las pol\u00edticas p\u00fablicas en materia educativa, que buscan acercar este derecho a las ni\u00f1as, ni\u00f1os y j\u00f3venes de la entidad.<\/p><div id=\"diari-1680051132\" class=\"diari-contenido diari-entity-placement\"><img loading=\"lazy\" decoding=\"async\" src=\"https:\/\/diarioabcdemichoacan.com.mx\/lasnoticias\/wp-content\/uploads\/2024\/07\/WhatsApp-Image-2024-05-07-at-10.12.40-a.m.jpeg\" alt=\"\"  srcset=\"https:\/\/diarioabcdemichoacan.com.mx\/lasnoticias\/wp-content\/uploads\/2024\/07\/WhatsApp-Image-2024-05-07-at-10.12.40-a.m.jpeg 400w, https:\/\/diarioabcdemichoacan.com.mx\/lasnoticias\/wp-content\/uploads\/2024\/07\/WhatsApp-Image-2024-05-07-at-10.12.40-a.m-150x150.jpeg 150w, https:\/\/diarioabcdemichoacan.com.mx\/lasnoticias\/wp-content\/uploads\/2024\/07\/WhatsApp-Image-2024-05-07-at-10.12.40-a.m-300x300.jpeg 300w\" sizes=\"(max-width: 400px) 100vw, 400px\" width=\"400\" height=\"400\"  style=\"display: inline-block;\" \/><\/div>\n<p>Por su parte, la nueva secretaria de Educaci\u00f3n, agradeci\u00f3 la encomienda y asumi\u00f3 el compromiso de desempe\u00f1ar sus funciones con responsabilidad y honestidad.<\/p>\n<p>Patricia Flores Anguiano, se gradu\u00f3 de la licenciatura en Econom\u00eda, estudi\u00f3 la maestr\u00eda en Administraci\u00f3n P\u00fablica y Pol\u00edtica Social, as\u00ed como el doctorado en Pol\u00edticas Ambientales y Gobernanza.<\/p>\n<p>Se desempe\u00f1\u00f3 en cargos clave dentro del sector educativo como subsecretaria de Administraci\u00f3n y coordinadora General de Planeaci\u00f3n y Evaluaci\u00f3n Educativa en la Secretar\u00eda de Educaci\u00f3n en el Estado de Michoac\u00e1n.<\/p>\n<p>Adem\u00e1s trabaj\u00f3 como delegada federal de Telecom, fungi\u00f3 como coordinadora de Asesores del gobernador, fue secretaria de Desarrollo Rural y labor\u00f3 como encargada de la Secretar\u00eda de Ciencia y Tecnolog\u00eda.<\/p>\n","protected":false},"excerpt":{"rendered":"<p>Morelia, Michoac\u00e1n, 26 de agosto de 2026.- El gobernador Alfredo Ram\u00edrez Bedolla design\u00f3 a Patricia Flores Anguiano como nueva secretaria de Educaci\u00f3n en Michoac\u00e1n, quien hasta la fecha se desempe\u00f1aba como encargada de Despacho de la instituci\u00f3n. Ram\u00edrez Bedolla, destac\u00f3 la trayectoria de Patricia Flores en la funci\u00f3n p\u00fablica, as\u00ed como su compromiso por fortalecer [&hellip;]<\/p>\n","protected":false},"author":6,"featured_media":83865,"comment_status":"closed","ping_status":"closed","sticky":false,"template":"","format":"standard","meta":{"footnotes":""},"categories":[15,10,17],"tags":[],"class_list":["post-83864","post","type-post","status-publish","format-standard","has-post-thumbnail","category-educacion","category-estado","category-gobierno-de-michoacan"],"yoast_head":"<!-- This site is optimized with the Yoast SEO plugin v24.0 - https:\/\/yoast.com\/wordpress\/plugins\/seo\/ -->\n<title>Nombra Bedolla a Patricia Flores como nueva secretaria de Educaci\u00f3n - Diario ABC de Michoac\u00e1n<\/title>\n<meta name=\"robots\" content=\"index, follow, max-snippet:-1, max-image-preview:large, max-video-preview:-1\" \/>\n<link rel=\"canonical\" href=\"https:\/\/diarioabcdemichoacan.com.mx\/lasnoticias\/nombra-bedolla-a-patricia-flores-como-nueva-secretaria-de-educacion\/\" \/>\n<meta property=\"og:locale\" content=\"es_ES\" \/>\n<meta property=\"og:type\" content=\"article\" \/>\n<meta property=\"og:title\" content=\"Nombra Bedolla a Patricia Flores como nueva secretaria de Educaci\u00f3n - Diario ABC de Michoac\u00e1n\" \/>\n<meta property=\"og:description\" content=\"Morelia, Michoac\u00e1n, 26 de agosto de 2026.- El gobernador Alfredo Ram\u00edrez Bedolla design\u00f3 a Patricia Flores Anguiano como nueva secretaria de Educaci\u00f3n en Michoac\u00e1n, quien hasta la fecha se desempe\u00f1aba como encargada de Despacho de la instituci\u00f3n. Ram\u00edrez Bedolla, destac\u00f3 la trayectoria de Patricia Flores en la funci\u00f3n p\u00fablica, as\u00ed como su compromiso por fortalecer [&hellip;]\" \/>\n<meta property=\"og:url\" content=\"https:\/\/diarioabcdemichoacan.com.mx\/lasnoticias\/nombra-bedolla-a-patricia-flores-como-nueva-secretaria-de-educacion\/\" \/>\n<meta property=\"og:site_name\" content=\"Diario ABC de Michoac\u00e1n\" \/>\n<meta property=\"article:published_time\" content=\"2026-08-27T05:15:18+00:00\" \/>\n<meta property=\"article:modified_time\" content=\"2026-09-01T05:15:47+00:00\" \/>\n<meta property=\"og:image\" content=\"https:\/\/diarioabcdemichoacan.com.mx\/lasnoticias\/wp-content\/uploads\/2026\/08\/24429e93-62e4-436e-a6c8-a5ecbe18a5ac.jpg\" \/>\n\t<meta property=\"og:image:width\" content=\"1600\" \/>\n\t<meta property=\"og:image:height\" content=\"951\" \/>\n\t<meta property=\"og:image:type\" content=\"image\/jpeg\" \/>\n<meta name=\"author\" content=\"MB\" \/>\n<meta name=\"twitter:card\" content=\"summary_large_image\" \/>\n<meta name=\"twitter:label1\" content=\"Escrito por\" \/>\n\t<meta name=\"twitter:data1\" content=\"MB\" \/>\n\t<meta name=\"twitter:label2\" content=\"Tiempo de lectura\" \/>\n\t<meta name=\"twitter:data2\" content=\"2 minutos\" \/>\n<script type=\"application\/ld+json\" class=\"yoast-schema-graph\">{\"@context\":\"https:\/\/schema.org\",\"@graph\":[{\"@type\":\"WebPage\",\"@id\":\"https:\/\/diarioabcdemichoacan.com.mx\/lasnoticias\/nombra-bedolla-a-patricia-flores-como-nueva-secretaria-de-educacion\/\",\"url\":\"https:\/\/diarioabcdemichoacan.com.mx\/lasnoticias\/nombra-bedolla-a-patricia-flores-como-nueva-secretaria-de-educacion\/\",\"name\":\"Nombra Bedolla a Patricia Flores como nueva secretaria de Educaci\u00f3n - Diario ABC de Michoac\u00e1n\",\"isPartOf\":{\"@id\":\"https:\/\/diarioabcdemichoacan.com.mx\/lasnoticias\/#website\"},\"primaryImageOfPage\":{\"@id\":\"https:\/\/diarioabcdemichoacan.com.mx\/lasnoticias\/nombra-bedolla-a-patricia-flores-como-nueva-secretaria-de-educacion\/#primaryimage\"},\"image\":{\"@id\":\"https:\/\/diarioabcdemichoacan.com.mx\/lasnoticias\/nombra-bedolla-a-patricia-flores-como-nueva-secretaria-de-educacion\/#primaryimage\"},\"thumbnailUrl\":\"https:\/\/diarioabcdemichoacan.com.mx\/lasnoticias\/wp-content\/uploads\/2026\/08\/24429e93-62e4-436e-a6c8-a5ecbe18a5ac.jpg\",\"datePublished\":\"2026-08-27T05:15:18+00:00\",\"dateModified\":\"2026-09-01T05:15:47+00:00\",\"author\":{\"@id\":\"https:\/\/diarioabcdemichoacan.com.mx\/lasnoticias\/#\/schema\/person\/0546f9c3407148f7452ca932715c5e88\"},\"breadcrumb\":{\"@id\":\"https:\/\/diarioabcdemichoacan.com.mx\/lasnoticias\/nombra-bedolla-a-patricia-flores-como-nueva-secretaria-de-educacion\/#breadcrumb\"},\"inLanguage\":\"es\",\"potentialAction\":[{\"@type\":\"ReadAction\",\"target\":[\"https:\/\/diarioabcdemichoacan.com.mx\/lasnoticias\/nombra-bedolla-a-patricia-flores-como-nueva-secretaria-de-educacion\/\"]}]},{\"@type\":\"ImageObject\",\"inLanguage\":\"es\",\"@id\":\"https:\/\/diarioabcdemichoacan.com.mx\/lasnoticias\/nombra-bedolla-a-patricia-flores-como-nueva-secretaria-de-educacion\/#primaryimage\",\"url\":\"https:\/\/diarioabcdemichoacan.com.mx\/lasnoticias\/wp-content\/uploads\/2026\/08\/24429e93-62e4-436e-a6c8-a5ecbe18a5ac.jpg\",\"contentUrl\":\"https:\/\/diarioabcdemichoacan.com.mx\/lasnoticias\/wp-content\/uploads\/2026\/08\/24429e93-62e4-436e-a6c8-a5ecbe18a5ac.jpg\",\"width\":1600,\"height\":951},{\"@type\":\"BreadcrumbList\",\"@id\":\"https:\/\/diarioabcdemichoacan.com.mx\/lasnoticias\/nombra-bedolla-a-patricia-flores-como-nueva-secretaria-de-educacion\/#breadcrumb\",\"itemListElement\":[{\"@type\":\"ListItem\",\"position\":1,\"name\":\"Portada\",\"item\":\"https:\/\/diarioabcdemichoacan.com.mx\/lasnoticias\/\"},{\"@type\":\"ListItem\",\"position\":2,\"name\":\"Nombra Bedolla a Patricia Flores como nueva secretaria de Educaci\u00f3n\"}]},{\"@type\":\"WebSite\",\"@id\":\"https:\/\/diarioabcdemichoacan.com.mx\/lasnoticias\/#website\",\"url\":\"https:\/\/diarioabcdemichoacan.com.mx\/lasnoticias\/\",\"name\":\"Diario ABC de Michoac\u00e1n\",\"description\":\"Las noticias al momento\",\"potentialAction\":[{\"@type\":\"SearchAction\",\"target\":{\"@type\":\"EntryPoint\",\"urlTemplate\":\"https:\/\/diarioabcdemichoacan.com.mx\/lasnoticias\/?s={search_term_string}\"},\"query-input\":{\"@type\":\"PropertyValueSpecification\",\"valueRequired\":true,\"valueName\":\"search_term_string\"}}],\"inLanguage\":\"es\"},{\"@type\":\"Person\",\"@id\":\"https:\/\/diarioabcdemichoacan.com.mx\/lasnoticias\/#\/schema\/person\/0546f9c3407148f7452ca932715c5e88\",\"name\":\"MB\",\"image\":{\"@type\":\"ImageObject\",\"inLanguage\":\"es\",\"@id\":\"https:\/\/diarioabcdemichoacan.com.mx\/lasnoticias\/#\/schema\/person\/image\/\",\"url\":\"https:\/\/secure.gravatar.com\/avatar\/ac036f018f6a8431a5687a020efaf39d914da6a3fc78ce6029ab7ae29c5130e2?s=96&d=mm&r=g\",\"contentUrl\":\"https:\/\/secure.gravatar.com\/avatar\/ac036f018f6a8431a5687a020efaf39d914da6a3fc78ce6029ab7ae29c5130e2?s=96&d=mm&r=g\",\"caption\":\"MB\"},\"url\":\"https:\/\/diarioabcdemichoacan.com.mx\/lasnoticias\/author\/bomariano03\/\"}]}<\/script>\n<!-- \/ Yoast SEO plugin. -->","yoast_head_json":{"title":"Nombra Bedolla a Patricia Flores como nueva secretaria de Educaci\u00f3n - Diario ABC de Michoac\u00e1n","robots":{"index":"index","follow":"follow","max-snippet":"max-snippet:-1","max-image-preview":"max-image-preview:large","max-video-preview":"max-video-preview:-1"},"canonical":"https:\/\/diarioabcdemichoacan.com.mx\/lasnoticias\/nombra-bedolla-a-patricia-flores-como-nueva-secretaria-de-educacion\/","og_locale":"es_ES","og_type":"article","og_title":"Nombra Bedolla a Patricia Flores como nueva secretaria de Educaci\u00f3n - Diario ABC de Michoac\u00e1n","og_description":"Morelia, Michoac\u00e1n, 26 de agosto de 2026.- El gobernador Alfredo Ram\u00edrez Bedolla design\u00f3 a Patricia Flores Anguiano como nueva secretaria de Educaci\u00f3n en Michoac\u00e1n, quien hasta la fecha se desempe\u00f1aba como encargada de Despacho de la instituci\u00f3n. Ram\u00edrez Bedolla, destac\u00f3 la trayectoria de Patricia Flores en la funci\u00f3n p\u00fablica, as\u00ed como su compromiso por fortalecer [&hellip;]","og_url":"https:\/\/diarioabcdemichoacan.com.mx\/lasnoticias\/nombra-bedolla-a-patricia-flores-como-nueva-secretaria-de-educacion\/","og_site_name":"Diario ABC de Michoac\u00e1n","article_published_time":"2026-08-27T05:15:18+00:00","article_modified_time":"2026-09-01T05:15:47+00:00","og_image":[{"width":1600,"height":951,"url":"https:\/\/diarioabcdemichoacan.com.mx\/lasnoticias\/wp-content\/uploads\/2026\/08\/24429e93-62e4-436e-a6c8-a5ecbe18a5ac.jpg","type":"image\/jpeg"}],"author":"MB","twitter_card":"summary_large_image","twitter_misc":{"Escrito por":"MB","Tiempo de lectura":"2 minutos"},"schema":{"@context":"https:\/\/schema.org","@graph":[{"@type":"WebPage","@id":"https:\/\/diarioabcdemichoacan.com.mx\/lasnoticias\/nombra-bedolla-a-patricia-flores-como-nueva-secretaria-de-educacion\/","url":"https:\/\/diarioabcdemichoacan.com.mx\/lasnoticias\/nombra-bedolla-a-patricia-flores-como-nueva-secretaria-de-educacion\/","name":"Nombra Bedolla a Patricia Flores como nueva secretaria de Educaci\u00f3n - Diario ABC de Michoac\u00e1n","isPartOf":{"@id":"https:\/\/diarioabcdemichoacan.com.mx\/lasnoticias\/#website"},"primaryImageOfPage":{"@id":"https:\/\/diarioabcdemichoacan.com.mx\/lasnoticias\/nombra-bedolla-a-patricia-flores-como-nueva-secretaria-de-educacion\/#primaryimage"},"image":{"@id":"https:\/\/diarioabcdemichoacan.com.mx\/lasnoticias\/nombra-bedolla-a-patricia-flores-como-nueva-secretaria-de-educacion\/#primaryimage"},"thumbnailUrl":"https:\/\/diarioabcdemichoacan.com.mx\/lasnoticias\/wp-content\/uploads\/2026\/08\/24429e93-62e4-436e-a6c8-a5ecbe18a5ac.jpg","datePublished":"2026-08-27T05:15:18+00:00","dateModified":"2026-09-01T05:15:47+00:00","author":{"@id":"https:\/\/diarioabcdemichoacan.com.mx\/lasnoticias\/#\/schema\/person\/0546f9c3407148f7452ca932715c5e88"},"breadcrumb":{"@id":"https:\/\/diarioabcdemichoacan.com.mx\/lasnoticias\/nombra-bedolla-a-patricia-flores-como-nueva-secretaria-de-educacion\/#breadcrumb"},"inLanguage":"es","potentialAction":[{"@type":"ReadAction","target":["https:\/\/diarioabcdemichoacan.com.mx\/lasnoticias\/nombra-bedolla-a-patricia-flores-como-nueva-secretaria-de-educacion\/"]}]},{"@type":"ImageObject","inLanguage":"es","@id":"https:\/\/diarioabcdemichoacan.com.mx\/lasnoticias\/nombra-bedolla-a-patricia-flores-como-nueva-secretaria-de-educacion\/#primaryimage","url":"https:\/\/diarioabcdemichoacan.com.mx\/lasnoticias\/wp-content\/uploads\/2026\/08\/24429e93-62e4-436e-a6c8-a5ecbe18a5ac.jpg","contentUrl":"https:\/\/diarioabcdemichoacan.com.mx\/lasnoticias\/wp-content\/uploads\/2026\/08\/24429e93-62e4-436e-a6c8-a5ecbe18a5ac.jpg","width":1600,"height":951},{"@type":"BreadcrumbList","@id":"https:\/\/diarioabcdemichoacan.com.mx\/lasnoticias\/nombra-bedolla-a-patricia-flores-como-nueva-secretaria-de-educacion\/#breadcrumb","itemListElement":[{"@type":"ListItem","position":1,"name":"Portada","item":"https:\/\/diarioabcdemichoacan.com.mx\/lasnoticias\/"},{"@type":"ListItem","position":2,"name":"Nombra Bedolla a Patricia Flores como nueva secretaria de Educaci\u00f3n"}]},{"@type":"WebSite","@id":"https:\/\/diarioabcdemichoacan.com.mx\/lasnoticias\/#website","url":"https:\/\/diarioabcdemichoacan.com.mx\/lasnoticias\/","name":"Diario ABC de Michoac\u00e1n","description":"Las noticias al momento","potentialAction":[{"@type":"SearchAction","target":{"@type":"EntryPoint","urlTemplate":"https:\/\/diarioabcdemichoacan.com.mx\/lasnoticias\/?s={search_term_string}"},"query-input":{"@type":"PropertyValueSpecification","valueRequired":true,"valueName":"search_term_string"}}],"inLanguage":"es"},{"@type":"Person","@id":"https:\/\/diarioabcdemichoacan.com.mx\/lasnoticias\/#\/schema\/person\/0546f9c3407148f7452ca932715c5e88","name":"MB","image":{"@type":"ImageObject","inLanguage":"es","@id":"https:\/\/diarioabcdemichoacan.com.mx\/lasnoticias\/#\/schema\/person\/image\/","url":"https:\/\/secure.gravatar.com\/avatar\/ac036f018f6a8431a5687a020efaf39d914da6a3fc78ce6029ab7ae29c5130e2?s=96&d=mm&r=g","contentUrl":"https:\/\/secure.gravatar.com\/avatar\/ac036f018f6a8431a5687a020efaf39d914da6a3fc78ce6029ab7ae29c5130e2?s=96&d=mm&r=g","caption":"MB"},"url":"https:\/\/diarioabcdemichoacan.com.mx\/lasnoticias\/author\/bomariano03\/"}]}},"_links":{"self":[{"href":"https:\/\/diarioabcdemichoacan.com.mx\/lasnoticias\/wp-json\/wp\/v2\/posts\/83864","targetHints":{"allow":["GET"]}}],"collection":[{"href":"https:\/\/diarioabcdemichoacan.com.mx\/lasnoticias\/wp-json\/wp\/v2\/posts"}],"about":[{"href":"https:\/\/diarioabcdemichoacan.com.mx\/lasnoticias\/wp-json\/wp\/v2\/types\/post"}],"author":[{"embeddable":true,"href":"https:\/\/diarioabcdemichoacan.com.mx\/lasnoticias\/wp-json\/wp\/v2\/users\/6"}],"replies":[{"embeddable":true,"href":"https:\/\/diarioabcdemichoacan.com.mx\/lasnoticias\/wp-json\/wp\/v2\/comments?post=83864"}],"version-history":[{"count":1,"href":"https:\/\/diarioabcdemichoacan.com.mx\/lasnoticias\/wp-json\/wp\/v2\/posts\/83864\/revisions"}],"predecessor-version":[{"id":83866,"href":"https:\/\/diarioabcdemichoacan.com.mx\/lasnoticias\/wp-json\/wp\/v2\/posts\/83864\/revisions\/83866"}],"wp:featuredmedia":[{"embeddable":true,"href":"https:\/\/diarioabcdemichoacan.com.mx\/lasnoticias\/wp-json\/wp\/v2\/media\/83865"}],"wp:attachment":[{"href":"https:\/\/diarioabcdemichoacan.com.mx\/lasnoticias\/wp-json\/wp\/v2\/media?parent=83864"}],"wp:term":[{"taxonomy":"category","embeddable":true,"href":"https:\/\/diarioabcdemichoacan.com.mx\/lasnoticias\/wp-json\/wp\/v2\/categories?post=83864"},{"taxonomy":"post_tag","embeddable":true,"href":"https:\/\/diarioabcdemichoacan.com.mx\/lasnoticias\/wp-json\/wp\/v2\/tags?post=83864"}],"curies":[{"name":"wp","href":"https:\/\/api.w.org\/{rel}","templated":true}]}}