{"id":83877,"date":"2026-08-25T23:18:35","date_gmt":"2026-08-26T05:18:35","guid":{"rendered":"https:\/\/diarioabcdemichoacan.com.mx\/lasnoticias\/?p=83877"},"modified":"2026-08-31T23:19:22","modified_gmt":"2026-09-01T05:19:22","slug":"sedum-fortalece-dialogo-con-vecinos-para-avanzar-en-los-trabajos-del-morebus","status":"publish","type":"post","link":"https:\/\/diarioabcdemichoacan.com.mx\/lasnoticias\/sedum-fortalece-dialogo-con-vecinos-para-avanzar-en-los-trabajos-del-morebus\/","title":{"rendered":"Sedum fortalece di\u00e1logo con vecinos para avanzar en los trabajos del Moreb\u00fas"},"content":{"rendered":"<p>Vecinos de Tres Puentes, La Colina y Nueva Valladolid, as\u00ed como integrantes de la manifestaci\u00f3n, conocieron los ajustes realizados al proyecto<\/p>\n<hr \/>\n<p>Morelia, Michoac\u00e1n, 25 de agosto de 2026.- Como parte de las acciones de socializaci\u00f3n y di\u00e1logo permanente con la ciudadan\u00eda, la Secretar\u00eda de Desarrollo Urbano y Movilidad (Sedum) llev\u00f3 a cabo una mesa de trabajo con vecinas y vecinos de Tres Puentes, La Colina y Nueva Valladolid, as\u00ed como con integrantes de la manifestaci\u00f3n que permanece en la zona del Paso Superior Ferroviario.<\/p><div id=\"diari-2779222076\" class=\"diari-contenido diari-entity-placement\"><img loading=\"lazy\" decoding=\"async\" src=\"https:\/\/diarioabcdemichoacan.com.mx\/lasnoticias\/wp-content\/uploads\/2024\/07\/WhatsApp-Image-2024-05-07-at-10.12.40-a.m.jpeg\" alt=\"\"  srcset=\"https:\/\/diarioabcdemichoacan.com.mx\/lasnoticias\/wp-content\/uploads\/2024\/07\/WhatsApp-Image-2024-05-07-at-10.12.40-a.m.jpeg 400w, https:\/\/diarioabcdemichoacan.com.mx\/lasnoticias\/wp-content\/uploads\/2024\/07\/WhatsApp-Image-2024-05-07-at-10.12.40-a.m-150x150.jpeg 150w, https:\/\/diarioabcdemichoacan.com.mx\/lasnoticias\/wp-content\/uploads\/2024\/07\/WhatsApp-Image-2024-05-07-at-10.12.40-a.m-300x300.jpeg 300w\" sizes=\"(max-width: 400px) 100vw, 400px\" width=\"400\" height=\"400\"  style=\"display: inline-block;\" \/><\/div>\n<p>Durante el encuentro, la titular de la Sedum, Mar\u00eda Elena Huerta, explic\u00f3 los ajustes realizados al proyecto de adecuaci\u00f3n del Paso Superior Ferroviario y destac\u00f3 que durante el proceso de construcci\u00f3n del Moreb\u00fas no se realizar\u00e1 la tala de ning\u00fan \u00e1rbol.<\/p>\n<p>Adem\u00e1s, esta coordinaci\u00f3n permite tomar en cuenta las peticiones y observaciones que los vecinos hacen con respecto al proyecto, para poder construir un medio de transporte que cumpla con todas las necesidades tanto de movilidad como de sustentabilidad.<\/p>\n<p>Uno de los principales ajustes consiste en la protecci\u00f3n del arbolado existente en la zona, por lo que se evitar\u00e1 afectar los ejemplares que se encuentran en el \u00e1rea. \u00danicamente 27 ejemplares, entre \u00e1rboles, arbustos y plantas, ser\u00e1n trasplantados y reubicados en un \u00e1rea de conservaci\u00f3n dentro del Arboretum, donde recibir\u00e1n atenci\u00f3n especializada para favorecer su adaptaci\u00f3n y supervivencia.<\/p>\n<p>Huerta Moctezuma se\u00f1al\u00f3 que tambi\u00e9n se revisaron las condiciones actuales de seguridad en el sitio, particularmente la ubicaci\u00f3n de la maquinaria especializada para la construcci\u00f3n de pilotes. Por ello, de acuerdo con Protecci\u00f3n Civil, es necesario reubicarla, debido a que actualmente se encuentra cerca de una excavaci\u00f3n de aproximadamente 18 metros de profundidad, situaci\u00f3n que representa un riesgo para quienes permanecen en el \u00e1rea.<\/p>\n<p>Finalmente, la titular de la Sedum destac\u00f3 que se estableci\u00f3 una comisi\u00f3n de vecinos y manifestantes para revisar cada uno de los 27 \u00e1rboles, arbustos y plantas que ser\u00e1n trasplantados dentro del mismo camell\u00f3n o en el Arboretum.<\/p>\n","protected":false},"excerpt":{"rendered":"<p>Vecinos de Tres Puentes, La Colina y Nueva Valladolid, as\u00ed como integrantes de la manifestaci\u00f3n, conocieron los ajustes realizados al proyecto Morelia, Michoac\u00e1n, 25 de agosto de 2026.- Como parte de las acciones de socializaci\u00f3n y di\u00e1logo permanente con la ciudadan\u00eda, la Secretar\u00eda de Desarrollo Urbano y Movilidad (Sedum) llev\u00f3 a cabo una mesa de [&hellip;]<\/p>\n","protected":false},"author":6,"featured_media":83878,"comment_status":"closed","ping_status":"closed","sticky":false,"template":"","format":"standard","meta":{"footnotes":""},"categories":[10,17],"tags":[],"class_list":["post-83877","post","type-post","status-publish","format-standard","has-post-thumbnail","category-estado","category-gobierno-de-michoacan"],"yoast_head":"<!-- This site is optimized with the Yoast SEO plugin v28.4 - https:\/\/yoast.com\/product\/yoast-seo-wordpress\/ -->\n<title>Sedum fortalece di\u00e1logo con vecinos para avanzar en los trabajos del Moreb\u00fas - Diario ABC de Michoac\u00e1n<\/title>\n<meta name=\"robots\" content=\"index, follow, max-snippet:-1, max-image-preview:large, max-video-preview:-1\" \/>\n<link rel=\"canonical\" href=\"https:\/\/diarioabcdemichoacan.com.mx\/lasnoticias\/sedum-fortalece-dialogo-con-vecinos-para-avanzar-en-los-trabajos-del-morebus\/\" \/>\n<meta property=\"og:locale\" content=\"es_ES\" \/>\n<meta property=\"og:type\" content=\"article\" \/>\n<meta property=\"og:title\" content=\"Sedum fortalece di\u00e1logo con vecinos para avanzar en los trabajos del Moreb\u00fas - Diario ABC de Michoac\u00e1n\" \/>\n<meta property=\"og:description\" content=\"Vecinos de Tres Puentes, La Colina y Nueva Valladolid, as\u00ed como integrantes de la manifestaci\u00f3n, conocieron los ajustes realizados al proyecto Morelia, Michoac\u00e1n, 25 de agosto de 2026.- Como parte de las acciones de socializaci\u00f3n y di\u00e1logo permanente con la ciudadan\u00eda, la Secretar\u00eda de Desarrollo Urbano y Movilidad (Sedum) llev\u00f3 a cabo una mesa de [&hellip;]\" \/>\n<meta property=\"og:url\" content=\"https:\/\/diarioabcdemichoacan.com.mx\/lasnoticias\/sedum-fortalece-dialogo-con-vecinos-para-avanzar-en-los-trabajos-del-morebus\/\" \/>\n<meta property=\"og:site_name\" content=\"Diario ABC de Michoac\u00e1n\" \/>\n<meta property=\"article:published_time\" content=\"2026-08-26T05:18:35+00:00\" \/>\n<meta property=\"article:modified_time\" content=\"2026-09-01T05:19:22+00:00\" \/>\n<meta property=\"og:image\" content=\"https:\/\/diarioabcdemichoacan.com.mx\/lasnoticias\/wp-content\/uploads\/2026\/08\/1433b715-af00-4282-9afd-515bed00aa6a.jpg\" \/>\n\t<meta property=\"og:image:width\" content=\"1280\" \/>\n\t<meta property=\"og:image:height\" content=\"854\" \/>\n\t<meta property=\"og:image:type\" content=\"image\/jpeg\" \/>\n<meta name=\"author\" content=\"MB\" \/>\n<meta name=\"twitter:card\" content=\"summary_large_image\" \/>\n<meta name=\"twitter:label1\" content=\"Escrito por\" \/>\n\t<meta name=\"twitter:data1\" content=\"MB\" \/>\n\t<meta name=\"twitter:label2\" content=\"Tiempo de lectura\" \/>\n\t<meta name=\"twitter:data2\" content=\"2 minutos\" \/>\n<script type=\"application\/ld+json\" class=\"yoast-schema-graph\">{\"@context\":\"https:\\\/\\\/schema.org\",\"@graph\":[{\"@type\":\"Article\",\"@id\":\"https:\\\/\\\/diarioabcdemichoacan.com.mx\\\/lasnoticias\\\/sedum-fortalece-dialogo-con-vecinos-para-avanzar-en-los-trabajos-del-morebus\\\/#article\",\"isPartOf\":{\"@id\":\"https:\\\/\\\/diarioabcdemichoacan.com.mx\\\/lasnoticias\\\/sedum-fortalece-dialogo-con-vecinos-para-avanzar-en-los-trabajos-del-morebus\\\/\"},\"author\":{\"name\":\"MB\",\"@id\":\"https:\\\/\\\/diarioabcdemichoacan.com.mx\\\/lasnoticias\\\/#\\\/schema\\\/person\\\/0546f9c3407148f7452ca932715c5e88\"},\"headline\":\"Sedum fortalece di\u00e1logo con vecinos para avanzar en los trabajos del Moreb\u00fas\",\"datePublished\":\"2026-08-26T05:18:35+00:00\",\"dateModified\":\"2026-09-01T05:19:22+00:00\",\"mainEntityOfPage\":{\"@id\":\"https:\\\/\\\/diarioabcdemichoacan.com.mx\\\/lasnoticias\\\/sedum-fortalece-dialogo-con-vecinos-para-avanzar-en-los-trabajos-del-morebus\\\/\"},\"wordCount\":364,\"image\":{\"@id\":\"https:\\\/\\\/diarioabcdemichoacan.com.mx\\\/lasnoticias\\\/sedum-fortalece-dialogo-con-vecinos-para-avanzar-en-los-trabajos-del-morebus\\\/#primaryimage\"},\"thumbnailUrl\":\"https:\\\/\\\/diarioabcdemichoacan.com.mx\\\/lasnoticias\\\/wp-content\\\/uploads\\\/2026\\\/08\\\/1433b715-af00-4282-9afd-515bed00aa6a.jpg\",\"articleSection\":[\"Estado\",\"Gobierno de Michoac\u00e1n\"],\"inLanguage\":\"es\"},{\"@type\":\"WebPage\",\"@id\":\"https:\\\/\\\/diarioabcdemichoacan.com.mx\\\/lasnoticias\\\/sedum-fortalece-dialogo-con-vecinos-para-avanzar-en-los-trabajos-del-morebus\\\/\",\"url\":\"https:\\\/\\\/diarioabcdemichoacan.com.mx\\\/lasnoticias\\\/sedum-fortalece-dialogo-con-vecinos-para-avanzar-en-los-trabajos-del-morebus\\\/\",\"name\":\"Sedum fortalece di\u00e1logo con vecinos para avanzar en los trabajos del Moreb\u00fas - Diario ABC de Michoac\u00e1n\",\"isPartOf\":{\"@id\":\"https:\\\/\\\/diarioabcdemichoacan.com.mx\\\/lasnoticias\\\/#website\"},\"primaryImageOfPage\":{\"@id\":\"https:\\\/\\\/diarioabcdemichoacan.com.mx\\\/lasnoticias\\\/sedum-fortalece-dialogo-con-vecinos-para-avanzar-en-los-trabajos-del-morebus\\\/#primaryimage\"},\"image\":{\"@id\":\"https:\\\/\\\/diarioabcdemichoacan.com.mx\\\/lasnoticias\\\/sedum-fortalece-dialogo-con-vecinos-para-avanzar-en-los-trabajos-del-morebus\\\/#primaryimage\"},\"thumbnailUrl\":\"https:\\\/\\\/diarioabcdemichoacan.com.mx\\\/lasnoticias\\\/wp-content\\\/uploads\\\/2026\\\/08\\\/1433b715-af00-4282-9afd-515bed00aa6a.jpg\",\"datePublished\":\"2026-08-26T05:18:35+00:00\",\"dateModified\":\"2026-09-01T05:19:22+00:00\",\"author\":{\"@id\":\"https:\\\/\\\/diarioabcdemichoacan.com.mx\\\/lasnoticias\\\/#\\\/schema\\\/person\\\/0546f9c3407148f7452ca932715c5e88\"},\"breadcrumb\":{\"@id\":\"https:\\\/\\\/diarioabcdemichoacan.com.mx\\\/lasnoticias\\\/sedum-fortalece-dialogo-con-vecinos-para-avanzar-en-los-trabajos-del-morebus\\\/#breadcrumb\"},\"inLanguage\":\"es\",\"potentialAction\":[{\"@type\":\"ReadAction\",\"target\":[\"https:\\\/\\\/diarioabcdemichoacan.com.mx\\\/lasnoticias\\\/sedum-fortalece-dialogo-con-vecinos-para-avanzar-en-los-trabajos-del-morebus\\\/\"]}]},{\"@type\":\"ImageObject\",\"inLanguage\":\"es\",\"@id\":\"https:\\\/\\\/diarioabcdemichoacan.com.mx\\\/lasnoticias\\\/sedum-fortalece-dialogo-con-vecinos-para-avanzar-en-los-trabajos-del-morebus\\\/#primaryimage\",\"url\":\"https:\\\/\\\/diarioabcdemichoacan.com.mx\\\/lasnoticias\\\/wp-content\\\/uploads\\\/2026\\\/08\\\/1433b715-af00-4282-9afd-515bed00aa6a.jpg\",\"contentUrl\":\"https:\\\/\\\/diarioabcdemichoacan.com.mx\\\/lasnoticias\\\/wp-content\\\/uploads\\\/2026\\\/08\\\/1433b715-af00-4282-9afd-515bed00aa6a.jpg\",\"width\":1280,\"height\":854},{\"@type\":\"BreadcrumbList\",\"@id\":\"https:\\\/\\\/diarioabcdemichoacan.com.mx\\\/lasnoticias\\\/sedum-fortalece-dialogo-con-vecinos-para-avanzar-en-los-trabajos-del-morebus\\\/#breadcrumb\",\"itemListElement\":[{\"@type\":\"ListItem\",\"position\":1,\"name\":\"Portada\",\"item\":\"https:\\\/\\\/diarioabcdemichoacan.com.mx\\\/lasnoticias\\\/\"},{\"@type\":\"ListItem\",\"position\":2,\"name\":\"Sedum fortalece di\u00e1logo con vecinos para avanzar en los trabajos del Moreb\u00fas\"}]},{\"@type\":\"WebSite\",\"@id\":\"https:\\\/\\\/diarioabcdemichoacan.com.mx\\\/lasnoticias\\\/#website\",\"url\":\"https:\\\/\\\/diarioabcdemichoacan.com.mx\\\/lasnoticias\\\/\",\"name\":\"Diario ABC de Michoac\u00e1n\",\"description\":\"Las noticias al momento\",\"potentialAction\":[{\"@type\":\"SearchAction\",\"target\":{\"@type\":\"EntryPoint\",\"urlTemplate\":\"https:\\\/\\\/diarioabcdemichoacan.com.mx\\\/lasnoticias\\\/?s={search_term_string}\"},\"query-input\":{\"@type\":\"PropertyValueSpecification\",\"valueRequired\":true,\"valueName\":\"search_term_string\"}}],\"inLanguage\":\"es\"},{\"@type\":\"Person\",\"@id\":\"https:\\\/\\\/diarioabcdemichoacan.com.mx\\\/lasnoticias\\\/#\\\/schema\\\/person\\\/0546f9c3407148f7452ca932715c5e88\",\"name\":\"MB\",\"image\":{\"@type\":\"ImageObject\",\"inLanguage\":\"es\",\"@id\":\"https:\\\/\\\/secure.gravatar.com\\\/avatar\\\/ac036f018f6a8431a5687a020efaf39d914da6a3fc78ce6029ab7ae29c5130e2?s=96&d=mm&r=g\",\"url\":\"https:\\\/\\\/secure.gravatar.com\\\/avatar\\\/ac036f018f6a8431a5687a020efaf39d914da6a3fc78ce6029ab7ae29c5130e2?s=96&d=mm&r=g\",\"contentUrl\":\"https:\\\/\\\/secure.gravatar.com\\\/avatar\\\/ac036f018f6a8431a5687a020efaf39d914da6a3fc78ce6029ab7ae29c5130e2?s=96&d=mm&r=g\",\"caption\":\"MB\"},\"url\":\"https:\\\/\\\/diarioabcdemichoacan.com.mx\\\/lasnoticias\\\/author\\\/bomariano03\\\/\"}]}<\/script>\n<!-- \/ Yoast SEO plugin. -->","yoast_head_json":{"title":"Sedum fortalece di\u00e1logo con vecinos para avanzar en los trabajos del Moreb\u00fas - Diario ABC de Michoac\u00e1n","robots":{"index":"index","follow":"follow","max-snippet":"max-snippet:-1","max-image-preview":"max-image-preview:large","max-video-preview":"max-video-preview:-1"},"canonical":"https:\/\/diarioabcdemichoacan.com.mx\/lasnoticias\/sedum-fortalece-dialogo-con-vecinos-para-avanzar-en-los-trabajos-del-morebus\/","og_locale":"es_ES","og_type":"article","og_title":"Sedum fortalece di\u00e1logo con vecinos para avanzar en los trabajos del Moreb\u00fas - Diario ABC de Michoac\u00e1n","og_description":"Vecinos de Tres Puentes, La Colina y Nueva Valladolid, as\u00ed como integrantes de la manifestaci\u00f3n, conocieron los ajustes realizados al proyecto Morelia, Michoac\u00e1n, 25 de agosto de 2026.- Como parte de las acciones de socializaci\u00f3n y di\u00e1logo permanente con la ciudadan\u00eda, la Secretar\u00eda de Desarrollo Urbano y Movilidad (Sedum) llev\u00f3 a cabo una mesa de [&hellip;]","og_url":"https:\/\/diarioabcdemichoacan.com.mx\/lasnoticias\/sedum-fortalece-dialogo-con-vecinos-para-avanzar-en-los-trabajos-del-morebus\/","og_site_name":"Diario ABC de Michoac\u00e1n","article_published_time":"2026-08-26T05:18:35+00:00","article_modified_time":"2026-09-01T05:19:22+00:00","og_image":[{"width":1280,"height":854,"url":"https:\/\/diarioabcdemichoacan.com.mx\/lasnoticias\/wp-content\/uploads\/2026\/08\/1433b715-af00-4282-9afd-515bed00aa6a.jpg","type":"image\/jpeg"}],"author":"MB","twitter_card":"summary_large_image","twitter_misc":{"Escrito por":"MB","Tiempo de lectura":"2 minutos"},"schema":{"@context":"https:\/\/schema.org","@graph":[{"@type":"Article","@id":"https:\/\/diarioabcdemichoacan.com.mx\/lasnoticias\/sedum-fortalece-dialogo-con-vecinos-para-avanzar-en-los-trabajos-del-morebus\/#article","isPartOf":{"@id":"https:\/\/diarioabcdemichoacan.com.mx\/lasnoticias\/sedum-fortalece-dialogo-con-vecinos-para-avanzar-en-los-trabajos-del-morebus\/"},"author":{"name":"MB","@id":"https:\/\/diarioabcdemichoacan.com.mx\/lasnoticias\/#\/schema\/person\/0546f9c3407148f7452ca932715c5e88"},"headline":"Sedum fortalece di\u00e1logo con vecinos para avanzar en los trabajos del Moreb\u00fas","datePublished":"2026-08-26T05:18:35+00:00","dateModified":"2026-09-01T05:19:22+00:00","mainEntityOfPage":{"@id":"https:\/\/diarioabcdemichoacan.com.mx\/lasnoticias\/sedum-fortalece-dialogo-con-vecinos-para-avanzar-en-los-trabajos-del-morebus\/"},"wordCount":364,"image":{"@id":"https:\/\/diarioabcdemichoacan.com.mx\/lasnoticias\/sedum-fortalece-dialogo-con-vecinos-para-avanzar-en-los-trabajos-del-morebus\/#primaryimage"},"thumbnailUrl":"https:\/\/diarioabcdemichoacan.com.mx\/lasnoticias\/wp-content\/uploads\/2026\/08\/1433b715-af00-4282-9afd-515bed00aa6a.jpg","articleSection":["Estado","Gobierno de Michoac\u00e1n"],"inLanguage":"es"},{"@type":"WebPage","@id":"https:\/\/diarioabcdemichoacan.com.mx\/lasnoticias\/sedum-fortalece-dialogo-con-vecinos-para-avanzar-en-los-trabajos-del-morebus\/","url":"https:\/\/diarioabcdemichoacan.com.mx\/lasnoticias\/sedum-fortalece-dialogo-con-vecinos-para-avanzar-en-los-trabajos-del-morebus\/","name":"Sedum fortalece di\u00e1logo con vecinos para avanzar en los trabajos del Moreb\u00fas - Diario ABC de Michoac\u00e1n","isPartOf":{"@id":"https:\/\/diarioabcdemichoacan.com.mx\/lasnoticias\/#website"},"primaryImageOfPage":{"@id":"https:\/\/diarioabcdemichoacan.com.mx\/lasnoticias\/sedum-fortalece-dialogo-con-vecinos-para-avanzar-en-los-trabajos-del-morebus\/#primaryimage"},"image":{"@id":"https:\/\/diarioabcdemichoacan.com.mx\/lasnoticias\/sedum-fortalece-dialogo-con-vecinos-para-avanzar-en-los-trabajos-del-morebus\/#primaryimage"},"thumbnailUrl":"https:\/\/diarioabcdemichoacan.com.mx\/lasnoticias\/wp-content\/uploads\/2026\/08\/1433b715-af00-4282-9afd-515bed00aa6a.jpg","datePublished":"2026-08-26T05:18:35+00:00","dateModified":"2026-09-01T05:19:22+00:00","author":{"@id":"https:\/\/diarioabcdemichoacan.com.mx\/lasnoticias\/#\/schema\/person\/0546f9c3407148f7452ca932715c5e88"},"breadcrumb":{"@id":"https:\/\/diarioabcdemichoacan.com.mx\/lasnoticias\/sedum-fortalece-dialogo-con-vecinos-para-avanzar-en-los-trabajos-del-morebus\/#breadcrumb"},"inLanguage":"es","potentialAction":[{"@type":"ReadAction","target":["https:\/\/diarioabcdemichoacan.com.mx\/lasnoticias\/sedum-fortalece-dialogo-con-vecinos-para-avanzar-en-los-trabajos-del-morebus\/"]}]},{"@type":"ImageObject","inLanguage":"es","@id":"https:\/\/diarioabcdemichoacan.com.mx\/lasnoticias\/sedum-fortalece-dialogo-con-vecinos-para-avanzar-en-los-trabajos-del-morebus\/#primaryimage","url":"https:\/\/diarioabcdemichoacan.com.mx\/lasnoticias\/wp-content\/uploads\/2026\/08\/1433b715-af00-4282-9afd-515bed00aa6a.jpg","contentUrl":"https:\/\/diarioabcdemichoacan.com.mx\/lasnoticias\/wp-content\/uploads\/2026\/08\/1433b715-af00-4282-9afd-515bed00aa6a.jpg","width":1280,"height":854},{"@type":"BreadcrumbList","@id":"https:\/\/diarioabcdemichoacan.com.mx\/lasnoticias\/sedum-fortalece-dialogo-con-vecinos-para-avanzar-en-los-trabajos-del-morebus\/#breadcrumb","itemListElement":[{"@type":"ListItem","position":1,"name":"Portada","item":"https:\/\/diarioabcdemichoacan.com.mx\/lasnoticias\/"},{"@type":"ListItem","position":2,"name":"Sedum fortalece di\u00e1logo con vecinos para avanzar en los trabajos del Moreb\u00fas"}]},{"@type":"WebSite","@id":"https:\/\/diarioabcdemichoacan.com.mx\/lasnoticias\/#website","url":"https:\/\/diarioabcdemichoacan.com.mx\/lasnoticias\/","name":"Diario ABC de Michoac\u00e1n","description":"Las noticias al momento","potentialAction":[{"@type":"SearchAction","target":{"@type":"EntryPoint","urlTemplate":"https:\/\/diarioabcdemichoacan.com.mx\/lasnoticias\/?s={search_term_string}"},"query-input":{"@type":"PropertyValueSpecification","valueRequired":true,"valueName":"search_term_string"}}],"inLanguage":"es"},{"@type":"Person","@id":"https:\/\/diarioabcdemichoacan.com.mx\/lasnoticias\/#\/schema\/person\/0546f9c3407148f7452ca932715c5e88","name":"MB","image":{"@type":"ImageObject","inLanguage":"es","@id":"https:\/\/secure.gravatar.com\/avatar\/ac036f018f6a8431a5687a020efaf39d914da6a3fc78ce6029ab7ae29c5130e2?s=96&d=mm&r=g","url":"https:\/\/secure.gravatar.com\/avatar\/ac036f018f6a8431a5687a020efaf39d914da6a3fc78ce6029ab7ae29c5130e2?s=96&d=mm&r=g","contentUrl":"https:\/\/secure.gravatar.com\/avatar\/ac036f018f6a8431a5687a020efaf39d914da6a3fc78ce6029ab7ae29c5130e2?s=96&d=mm&r=g","caption":"MB"},"url":"https:\/\/diarioabcdemichoacan.com.mx\/lasnoticias\/author\/bomariano03\/"}]}},"_links":{"self":[{"href":"https:\/\/diarioabcdemichoacan.com.mx\/lasnoticias\/wp-json\/wp\/v2\/posts\/83877","targetHints":{"allow":["GET"]}}],"collection":[{"href":"https:\/\/diarioabcdemichoacan.com.mx\/lasnoticias\/wp-json\/wp\/v2\/posts"}],"about":[{"href":"https:\/\/diarioabcdemichoacan.com.mx\/lasnoticias\/wp-json\/wp\/v2\/types\/post"}],"author":[{"embeddable":true,"href":"https:\/\/diarioabcdemichoacan.com.mx\/lasnoticias\/wp-json\/wp\/v2\/users\/6"}],"replies":[{"embeddable":true,"href":"https:\/\/diarioabcdemichoacan.com.mx\/lasnoticias\/wp-json\/wp\/v2\/comments?post=83877"}],"version-history":[{"count":1,"href":"https:\/\/diarioabcdemichoacan.com.mx\/lasnoticias\/wp-json\/wp\/v2\/posts\/83877\/revisions"}],"predecessor-version":[{"id":83879,"href":"https:\/\/diarioabcdemichoacan.com.mx\/lasnoticias\/wp-json\/wp\/v2\/posts\/83877\/revisions\/83879"}],"wp:featuredmedia":[{"embeddable":true,"href":"https:\/\/diarioabcdemichoacan.com.mx\/lasnoticias\/wp-json\/wp\/v2\/media\/83878"}],"wp:attachment":[{"href":"https:\/\/diarioabcdemichoacan.com.mx\/lasnoticias\/wp-json\/wp\/v2\/media?parent=83877"}],"wp:term":[{"taxonomy":"category","embeddable":true,"href":"https:\/\/diarioabcdemichoacan.com.mx\/lasnoticias\/wp-json\/wp\/v2\/categories?post=83877"},{"taxonomy":"post_tag","embeddable":true,"href":"https:\/\/diarioabcdemichoacan.com.mx\/lasnoticias\/wp-json\/wp\/v2\/tags?post=83877"}],"curies":[{"name":"wp","href":"https:\/\/api.w.org\/{rel}","templated":true}]}}