{"id":83883,"date":"2026-08-25T23:20:18","date_gmt":"2026-08-26T05:20:18","guid":{"rendered":"https:\/\/diarioabcdemichoacan.com.mx\/lasnoticias\/?p=83883"},"modified":"2026-08-31T23:21:00","modified_gmt":"2026-09-01T05:21:00","slug":"de-cuto-de-la-esperanza-al-obelisco-en-30-minutos-el-morebus-cambiara-la-forma-en-que-se-viaja-en-morelia","status":"publish","type":"post","link":"https:\/\/diarioabcdemichoacan.com.mx\/lasnoticias\/de-cuto-de-la-esperanza-al-obelisco-en-30-minutos-el-morebus-cambiara-la-forma-en-que-se-viaja-en-morelia\/","title":{"rendered":"De Cuto de la Esperanza al Obelisco en 30 minutos; el Moreb\u00fas cambiar\u00e1 la forma en que se viaja en Morelia"},"content":{"rendered":"<p>Nuevo sistema de transporte cambiar\u00e1 la experiencia de traslado con accesibilidad universal, pago electr\u00f3nico y mayor seguridad<\/p>\n<hr \/>\n<p>Morelia, Michoac\u00e1n, 25 de agosto de 2026.- Con el Moreb\u00fas, viajar por Morelia ser\u00e1 mucho m\u00e1s c\u00f3modo, seguro y r\u00e1pido. Gracias a un sistema de transporte moderno y ordenado de 74 unidades equipadas con aire acondicionado y videovigilancia, la ciudadan\u00eda podr\u00e1 trasladarse desde Cuto de la Esperanza hasta el Obelisco en tan solo 30 minutos, lo que le permitir\u00e1 ganar m\u00e1s tiempo de calidad para su familia y sus actividades diarias.<\/p><div id=\"diari-3320753711\" class=\"diari-contenido diari-entity-placement\"><img loading=\"lazy\" decoding=\"async\" src=\"https:\/\/diarioabcdemichoacan.com.mx\/lasnoticias\/wp-content\/uploads\/2024\/07\/WhatsApp-Image-2024-05-07-at-10.12.40-a.m.jpeg\" alt=\"\"  srcset=\"https:\/\/diarioabcdemichoacan.com.mx\/lasnoticias\/wp-content\/uploads\/2024\/07\/WhatsApp-Image-2024-05-07-at-10.12.40-a.m.jpeg 400w, https:\/\/diarioabcdemichoacan.com.mx\/lasnoticias\/wp-content\/uploads\/2024\/07\/WhatsApp-Image-2024-05-07-at-10.12.40-a.m-150x150.jpeg 150w, https:\/\/diarioabcdemichoacan.com.mx\/lasnoticias\/wp-content\/uploads\/2024\/07\/WhatsApp-Image-2024-05-07-at-10.12.40-a.m-300x300.jpeg 300w\" sizes=\"(max-width: 400px) 100vw, 400px\" width=\"400\" height=\"400\"  style=\"display: inline-block;\" \/><\/div>\n<p>La Secretar\u00eda de Desarrollo Urbano y Movilidad (Sedum), encabezada por Mar\u00eda Elena Huerta, destac\u00f3 que una de las ventajas ser\u00e1 la accesibilidad universal con la que cuentan tanto las unidades como las estaciones, ya que su dise\u00f1o permitir\u00e1 el f\u00e1cil desplazamiento de todas las personas. Los autobuses contar\u00e1n con espacios para sillas de ruedas, se\u00f1alizaci\u00f3n en braille, pisos podot\u00e1ctiles y salidas de emergencia; mientras que las estaciones contemplan rampas y cruces seguros iluminados.<\/p>\n<p>El Moreb\u00fas tambi\u00e9n modernizar\u00e1 la manera de pagar el transporte mediante un sistema electr\u00f3nico de prepago, con una tarjeta de movilidad que permitir\u00e1 agilizar el acceso y avanzar hacia la integraci\u00f3n de diferentes sistemas de transporte, dejando atr\u00e1s la din\u00e1mica de entregar efectivo directamente al abordar.<\/p>\n<p>La seguridad ser\u00e1 otro de los componentes fundamentales de este nuevo medio de transporte. Las unidades y estaciones estar\u00e1n equipadas con c\u00e1maras de videovigilancia y sistemas tecnol\u00f3gicos conectados al C5 Michoac\u00e1n, lo que permitir\u00e1 monitorear los recorridos, atender posibles incidentes y fortalecer la respuesta ante emergencias.<\/p>\n<p>La titular de la Sedum destac\u00f3 que el Moreb\u00fas no solamente representa autobuses nuevos, sino una transformaci\u00f3n integral de la experiencia de viajar por la ciudad. Se\u00f1al\u00f3 que este sistema coloca a las personas en el centro de la movilidad con un transporte m\u00e1s r\u00e1pido, incluyente, seguro y moderno, el cual busca mejorar la calidad de vida de quienes lo utilizan diariamente y contribuir a la disminuci\u00f3n de emisiones de di\u00f3xido de carbono al ser un modelo sustentable.<\/p>\n","protected":false},"excerpt":{"rendered":"<p>Nuevo sistema de transporte cambiar\u00e1 la experiencia de traslado con accesibilidad universal, pago electr\u00f3nico y mayor seguridad Morelia, Michoac\u00e1n, 25 de agosto de 2026.- Con el Moreb\u00fas, viajar por Morelia ser\u00e1 mucho m\u00e1s c\u00f3modo, seguro y r\u00e1pido. Gracias a un sistema de transporte moderno y ordenado de 74 unidades equipadas con aire acondicionado y videovigilancia, [&hellip;]<\/p>\n","protected":false},"author":6,"featured_media":83884,"comment_status":"closed","ping_status":"closed","sticky":false,"template":"","format":"standard","meta":{"footnotes":""},"categories":[10,17],"tags":[],"class_list":["post-83883","post","type-post","status-publish","format-standard","has-post-thumbnail","category-estado","category-gobierno-de-michoacan"],"yoast_head":"<!-- This site is optimized with the Yoast SEO plugin v28.4 - https:\/\/yoast.com\/product\/yoast-seo-wordpress\/ -->\n<title>De Cuto de la Esperanza al Obelisco en 30 minutos; el Moreb\u00fas cambiar\u00e1 la forma en que se viaja en Morelia - Diario ABC de Michoac\u00e1n<\/title>\n<meta name=\"robots\" content=\"index, follow, max-snippet:-1, max-image-preview:large, max-video-preview:-1\" \/>\n<link rel=\"canonical\" href=\"https:\/\/diarioabcdemichoacan.com.mx\/lasnoticias\/de-cuto-de-la-esperanza-al-obelisco-en-30-minutos-el-morebus-cambiara-la-forma-en-que-se-viaja-en-morelia\/\" \/>\n<meta property=\"og:locale\" content=\"es_ES\" \/>\n<meta property=\"og:type\" content=\"article\" \/>\n<meta property=\"og:title\" content=\"De Cuto de la Esperanza al Obelisco en 30 minutos; el Moreb\u00fas cambiar\u00e1 la forma en que se viaja en Morelia - Diario ABC de Michoac\u00e1n\" \/>\n<meta property=\"og:description\" content=\"Nuevo sistema de transporte cambiar\u00e1 la experiencia de traslado con accesibilidad universal, pago electr\u00f3nico y mayor seguridad Morelia, Michoac\u00e1n, 25 de agosto de 2026.- Con el Moreb\u00fas, viajar por Morelia ser\u00e1 mucho m\u00e1s c\u00f3modo, seguro y r\u00e1pido. Gracias a un sistema de transporte moderno y ordenado de 74 unidades equipadas con aire acondicionado y videovigilancia, [&hellip;]\" \/>\n<meta property=\"og:url\" content=\"https:\/\/diarioabcdemichoacan.com.mx\/lasnoticias\/de-cuto-de-la-esperanza-al-obelisco-en-30-minutos-el-morebus-cambiara-la-forma-en-que-se-viaja-en-morelia\/\" \/>\n<meta property=\"og:site_name\" content=\"Diario ABC de Michoac\u00e1n\" \/>\n<meta property=\"article:published_time\" content=\"2026-08-26T05:20:18+00:00\" \/>\n<meta property=\"article:modified_time\" content=\"2026-09-01T05:21:00+00:00\" \/>\n<meta property=\"og:image\" content=\"https:\/\/diarioabcdemichoacan.com.mx\/lasnoticias\/wp-content\/uploads\/2026\/08\/94389847-8a1b-4b1f-a676-b6da156dee60.jpg\" \/>\n\t<meta property=\"og:image:width\" content=\"1600\" \/>\n\t<meta property=\"og:image:height\" content=\"1068\" \/>\n\t<meta property=\"og:image:type\" content=\"image\/jpeg\" \/>\n<meta name=\"author\" content=\"MB\" \/>\n<meta name=\"twitter:card\" content=\"summary_large_image\" \/>\n<meta name=\"twitter:label1\" content=\"Escrito por\" \/>\n\t<meta name=\"twitter:data1\" content=\"MB\" \/>\n\t<meta name=\"twitter:label2\" content=\"Tiempo de lectura\" \/>\n\t<meta name=\"twitter:data2\" content=\"2 minutos\" \/>\n<script type=\"application\/ld+json\" class=\"yoast-schema-graph\">{\"@context\":\"https:\\\/\\\/schema.org\",\"@graph\":[{\"@type\":\"Article\",\"@id\":\"https:\\\/\\\/diarioabcdemichoacan.com.mx\\\/lasnoticias\\\/de-cuto-de-la-esperanza-al-obelisco-en-30-minutos-el-morebus-cambiara-la-forma-en-que-se-viaja-en-morelia\\\/#article\",\"isPartOf\":{\"@id\":\"https:\\\/\\\/diarioabcdemichoacan.com.mx\\\/lasnoticias\\\/de-cuto-de-la-esperanza-al-obelisco-en-30-minutos-el-morebus-cambiara-la-forma-en-que-se-viaja-en-morelia\\\/\"},\"author\":{\"name\":\"MB\",\"@id\":\"https:\\\/\\\/diarioabcdemichoacan.com.mx\\\/lasnoticias\\\/#\\\/schema\\\/person\\\/0546f9c3407148f7452ca932715c5e88\"},\"headline\":\"De Cuto de la Esperanza al Obelisco en 30 minutos; el Moreb\u00fas cambiar\u00e1 la forma en que se viaja en Morelia\",\"datePublished\":\"2026-08-26T05:20:18+00:00\",\"dateModified\":\"2026-09-01T05:21:00+00:00\",\"mainEntityOfPage\":{\"@id\":\"https:\\\/\\\/diarioabcdemichoacan.com.mx\\\/lasnoticias\\\/de-cuto-de-la-esperanza-al-obelisco-en-30-minutos-el-morebus-cambiara-la-forma-en-que-se-viaja-en-morelia\\\/\"},\"wordCount\":382,\"image\":{\"@id\":\"https:\\\/\\\/diarioabcdemichoacan.com.mx\\\/lasnoticias\\\/de-cuto-de-la-esperanza-al-obelisco-en-30-minutos-el-morebus-cambiara-la-forma-en-que-se-viaja-en-morelia\\\/#primaryimage\"},\"thumbnailUrl\":\"https:\\\/\\\/diarioabcdemichoacan.com.mx\\\/lasnoticias\\\/wp-content\\\/uploads\\\/2026\\\/08\\\/94389847-8a1b-4b1f-a676-b6da156dee60.jpg\",\"articleSection\":[\"Estado\",\"Gobierno de Michoac\u00e1n\"],\"inLanguage\":\"es\"},{\"@type\":\"WebPage\",\"@id\":\"https:\\\/\\\/diarioabcdemichoacan.com.mx\\\/lasnoticias\\\/de-cuto-de-la-esperanza-al-obelisco-en-30-minutos-el-morebus-cambiara-la-forma-en-que-se-viaja-en-morelia\\\/\",\"url\":\"https:\\\/\\\/diarioabcdemichoacan.com.mx\\\/lasnoticias\\\/de-cuto-de-la-esperanza-al-obelisco-en-30-minutos-el-morebus-cambiara-la-forma-en-que-se-viaja-en-morelia\\\/\",\"name\":\"De Cuto de la Esperanza al Obelisco en 30 minutos; el Moreb\u00fas cambiar\u00e1 la forma en que se viaja en Morelia - Diario ABC de Michoac\u00e1n\",\"isPartOf\":{\"@id\":\"https:\\\/\\\/diarioabcdemichoacan.com.mx\\\/lasnoticias\\\/#website\"},\"primaryImageOfPage\":{\"@id\":\"https:\\\/\\\/diarioabcdemichoacan.com.mx\\\/lasnoticias\\\/de-cuto-de-la-esperanza-al-obelisco-en-30-minutos-el-morebus-cambiara-la-forma-en-que-se-viaja-en-morelia\\\/#primaryimage\"},\"image\":{\"@id\":\"https:\\\/\\\/diarioabcdemichoacan.com.mx\\\/lasnoticias\\\/de-cuto-de-la-esperanza-al-obelisco-en-30-minutos-el-morebus-cambiara-la-forma-en-que-se-viaja-en-morelia\\\/#primaryimage\"},\"thumbnailUrl\":\"https:\\\/\\\/diarioabcdemichoacan.com.mx\\\/lasnoticias\\\/wp-content\\\/uploads\\\/2026\\\/08\\\/94389847-8a1b-4b1f-a676-b6da156dee60.jpg\",\"datePublished\":\"2026-08-26T05:20:18+00:00\",\"dateModified\":\"2026-09-01T05:21:00+00:00\",\"author\":{\"@id\":\"https:\\\/\\\/diarioabcdemichoacan.com.mx\\\/lasnoticias\\\/#\\\/schema\\\/person\\\/0546f9c3407148f7452ca932715c5e88\"},\"breadcrumb\":{\"@id\":\"https:\\\/\\\/diarioabcdemichoacan.com.mx\\\/lasnoticias\\\/de-cuto-de-la-esperanza-al-obelisco-en-30-minutos-el-morebus-cambiara-la-forma-en-que-se-viaja-en-morelia\\\/#breadcrumb\"},\"inLanguage\":\"es\",\"potentialAction\":[{\"@type\":\"ReadAction\",\"target\":[\"https:\\\/\\\/diarioabcdemichoacan.com.mx\\\/lasnoticias\\\/de-cuto-de-la-esperanza-al-obelisco-en-30-minutos-el-morebus-cambiara-la-forma-en-que-se-viaja-en-morelia\\\/\"]}]},{\"@type\":\"ImageObject\",\"inLanguage\":\"es\",\"@id\":\"https:\\\/\\\/diarioabcdemichoacan.com.mx\\\/lasnoticias\\\/de-cuto-de-la-esperanza-al-obelisco-en-30-minutos-el-morebus-cambiara-la-forma-en-que-se-viaja-en-morelia\\\/#primaryimage\",\"url\":\"https:\\\/\\\/diarioabcdemichoacan.com.mx\\\/lasnoticias\\\/wp-content\\\/uploads\\\/2026\\\/08\\\/94389847-8a1b-4b1f-a676-b6da156dee60.jpg\",\"contentUrl\":\"https:\\\/\\\/diarioabcdemichoacan.com.mx\\\/lasnoticias\\\/wp-content\\\/uploads\\\/2026\\\/08\\\/94389847-8a1b-4b1f-a676-b6da156dee60.jpg\",\"width\":1600,\"height\":1068},{\"@type\":\"BreadcrumbList\",\"@id\":\"https:\\\/\\\/diarioabcdemichoacan.com.mx\\\/lasnoticias\\\/de-cuto-de-la-esperanza-al-obelisco-en-30-minutos-el-morebus-cambiara-la-forma-en-que-se-viaja-en-morelia\\\/#breadcrumb\",\"itemListElement\":[{\"@type\":\"ListItem\",\"position\":1,\"name\":\"Portada\",\"item\":\"https:\\\/\\\/diarioabcdemichoacan.com.mx\\\/lasnoticias\\\/\"},{\"@type\":\"ListItem\",\"position\":2,\"name\":\"De Cuto de la Esperanza al Obelisco en 30 minutos; el Moreb\u00fas cambiar\u00e1 la forma en que se viaja en Morelia\"}]},{\"@type\":\"WebSite\",\"@id\":\"https:\\\/\\\/diarioabcdemichoacan.com.mx\\\/lasnoticias\\\/#website\",\"url\":\"https:\\\/\\\/diarioabcdemichoacan.com.mx\\\/lasnoticias\\\/\",\"name\":\"Diario ABC de Michoac\u00e1n\",\"description\":\"Las noticias al momento\",\"potentialAction\":[{\"@type\":\"SearchAction\",\"target\":{\"@type\":\"EntryPoint\",\"urlTemplate\":\"https:\\\/\\\/diarioabcdemichoacan.com.mx\\\/lasnoticias\\\/?s={search_term_string}\"},\"query-input\":{\"@type\":\"PropertyValueSpecification\",\"valueRequired\":true,\"valueName\":\"search_term_string\"}}],\"inLanguage\":\"es\"},{\"@type\":\"Person\",\"@id\":\"https:\\\/\\\/diarioabcdemichoacan.com.mx\\\/lasnoticias\\\/#\\\/schema\\\/person\\\/0546f9c3407148f7452ca932715c5e88\",\"name\":\"MB\",\"image\":{\"@type\":\"ImageObject\",\"inLanguage\":\"es\",\"@id\":\"https:\\\/\\\/secure.gravatar.com\\\/avatar\\\/ac036f018f6a8431a5687a020efaf39d914da6a3fc78ce6029ab7ae29c5130e2?s=96&d=mm&r=g\",\"url\":\"https:\\\/\\\/secure.gravatar.com\\\/avatar\\\/ac036f018f6a8431a5687a020efaf39d914da6a3fc78ce6029ab7ae29c5130e2?s=96&d=mm&r=g\",\"contentUrl\":\"https:\\\/\\\/secure.gravatar.com\\\/avatar\\\/ac036f018f6a8431a5687a020efaf39d914da6a3fc78ce6029ab7ae29c5130e2?s=96&d=mm&r=g\",\"caption\":\"MB\"},\"url\":\"https:\\\/\\\/diarioabcdemichoacan.com.mx\\\/lasnoticias\\\/author\\\/bomariano03\\\/\"}]}<\/script>\n<!-- \/ Yoast SEO plugin. -->","yoast_head_json":{"title":"De Cuto de la Esperanza al Obelisco en 30 minutos; el Moreb\u00fas cambiar\u00e1 la forma en que se viaja en Morelia - Diario ABC de Michoac\u00e1n","robots":{"index":"index","follow":"follow","max-snippet":"max-snippet:-1","max-image-preview":"max-image-preview:large","max-video-preview":"max-video-preview:-1"},"canonical":"https:\/\/diarioabcdemichoacan.com.mx\/lasnoticias\/de-cuto-de-la-esperanza-al-obelisco-en-30-minutos-el-morebus-cambiara-la-forma-en-que-se-viaja-en-morelia\/","og_locale":"es_ES","og_type":"article","og_title":"De Cuto de la Esperanza al Obelisco en 30 minutos; el Moreb\u00fas cambiar\u00e1 la forma en que se viaja en Morelia - Diario ABC de Michoac\u00e1n","og_description":"Nuevo sistema de transporte cambiar\u00e1 la experiencia de traslado con accesibilidad universal, pago electr\u00f3nico y mayor seguridad Morelia, Michoac\u00e1n, 25 de agosto de 2026.- Con el Moreb\u00fas, viajar por Morelia ser\u00e1 mucho m\u00e1s c\u00f3modo, seguro y r\u00e1pido. Gracias a un sistema de transporte moderno y ordenado de 74 unidades equipadas con aire acondicionado y videovigilancia, [&hellip;]","og_url":"https:\/\/diarioabcdemichoacan.com.mx\/lasnoticias\/de-cuto-de-la-esperanza-al-obelisco-en-30-minutos-el-morebus-cambiara-la-forma-en-que-se-viaja-en-morelia\/","og_site_name":"Diario ABC de Michoac\u00e1n","article_published_time":"2026-08-26T05:20:18+00:00","article_modified_time":"2026-09-01T05:21:00+00:00","og_image":[{"width":1600,"height":1068,"url":"https:\/\/diarioabcdemichoacan.com.mx\/lasnoticias\/wp-content\/uploads\/2026\/08\/94389847-8a1b-4b1f-a676-b6da156dee60.jpg","type":"image\/jpeg"}],"author":"MB","twitter_card":"summary_large_image","twitter_misc":{"Escrito por":"MB","Tiempo de lectura":"2 minutos"},"schema":{"@context":"https:\/\/schema.org","@graph":[{"@type":"Article","@id":"https:\/\/diarioabcdemichoacan.com.mx\/lasnoticias\/de-cuto-de-la-esperanza-al-obelisco-en-30-minutos-el-morebus-cambiara-la-forma-en-que-se-viaja-en-morelia\/#article","isPartOf":{"@id":"https:\/\/diarioabcdemichoacan.com.mx\/lasnoticias\/de-cuto-de-la-esperanza-al-obelisco-en-30-minutos-el-morebus-cambiara-la-forma-en-que-se-viaja-en-morelia\/"},"author":{"name":"MB","@id":"https:\/\/diarioabcdemichoacan.com.mx\/lasnoticias\/#\/schema\/person\/0546f9c3407148f7452ca932715c5e88"},"headline":"De Cuto de la Esperanza al Obelisco en 30 minutos; el Moreb\u00fas cambiar\u00e1 la forma en que se viaja en Morelia","datePublished":"2026-08-26T05:20:18+00:00","dateModified":"2026-09-01T05:21:00+00:00","mainEntityOfPage":{"@id":"https:\/\/diarioabcdemichoacan.com.mx\/lasnoticias\/de-cuto-de-la-esperanza-al-obelisco-en-30-minutos-el-morebus-cambiara-la-forma-en-que-se-viaja-en-morelia\/"},"wordCount":382,"image":{"@id":"https:\/\/diarioabcdemichoacan.com.mx\/lasnoticias\/de-cuto-de-la-esperanza-al-obelisco-en-30-minutos-el-morebus-cambiara-la-forma-en-que-se-viaja-en-morelia\/#primaryimage"},"thumbnailUrl":"https:\/\/diarioabcdemichoacan.com.mx\/lasnoticias\/wp-content\/uploads\/2026\/08\/94389847-8a1b-4b1f-a676-b6da156dee60.jpg","articleSection":["Estado","Gobierno de Michoac\u00e1n"],"inLanguage":"es"},{"@type":"WebPage","@id":"https:\/\/diarioabcdemichoacan.com.mx\/lasnoticias\/de-cuto-de-la-esperanza-al-obelisco-en-30-minutos-el-morebus-cambiara-la-forma-en-que-se-viaja-en-morelia\/","url":"https:\/\/diarioabcdemichoacan.com.mx\/lasnoticias\/de-cuto-de-la-esperanza-al-obelisco-en-30-minutos-el-morebus-cambiara-la-forma-en-que-se-viaja-en-morelia\/","name":"De Cuto de la Esperanza al Obelisco en 30 minutos; el Moreb\u00fas cambiar\u00e1 la forma en que se viaja en Morelia - Diario ABC de Michoac\u00e1n","isPartOf":{"@id":"https:\/\/diarioabcdemichoacan.com.mx\/lasnoticias\/#website"},"primaryImageOfPage":{"@id":"https:\/\/diarioabcdemichoacan.com.mx\/lasnoticias\/de-cuto-de-la-esperanza-al-obelisco-en-30-minutos-el-morebus-cambiara-la-forma-en-que-se-viaja-en-morelia\/#primaryimage"},"image":{"@id":"https:\/\/diarioabcdemichoacan.com.mx\/lasnoticias\/de-cuto-de-la-esperanza-al-obelisco-en-30-minutos-el-morebus-cambiara-la-forma-en-que-se-viaja-en-morelia\/#primaryimage"},"thumbnailUrl":"https:\/\/diarioabcdemichoacan.com.mx\/lasnoticias\/wp-content\/uploads\/2026\/08\/94389847-8a1b-4b1f-a676-b6da156dee60.jpg","datePublished":"2026-08-26T05:20:18+00:00","dateModified":"2026-09-01T05:21:00+00:00","author":{"@id":"https:\/\/diarioabcdemichoacan.com.mx\/lasnoticias\/#\/schema\/person\/0546f9c3407148f7452ca932715c5e88"},"breadcrumb":{"@id":"https:\/\/diarioabcdemichoacan.com.mx\/lasnoticias\/de-cuto-de-la-esperanza-al-obelisco-en-30-minutos-el-morebus-cambiara-la-forma-en-que-se-viaja-en-morelia\/#breadcrumb"},"inLanguage":"es","potentialAction":[{"@type":"ReadAction","target":["https:\/\/diarioabcdemichoacan.com.mx\/lasnoticias\/de-cuto-de-la-esperanza-al-obelisco-en-30-minutos-el-morebus-cambiara-la-forma-en-que-se-viaja-en-morelia\/"]}]},{"@type":"ImageObject","inLanguage":"es","@id":"https:\/\/diarioabcdemichoacan.com.mx\/lasnoticias\/de-cuto-de-la-esperanza-al-obelisco-en-30-minutos-el-morebus-cambiara-la-forma-en-que-se-viaja-en-morelia\/#primaryimage","url":"https:\/\/diarioabcdemichoacan.com.mx\/lasnoticias\/wp-content\/uploads\/2026\/08\/94389847-8a1b-4b1f-a676-b6da156dee60.jpg","contentUrl":"https:\/\/diarioabcdemichoacan.com.mx\/lasnoticias\/wp-content\/uploads\/2026\/08\/94389847-8a1b-4b1f-a676-b6da156dee60.jpg","width":1600,"height":1068},{"@type":"BreadcrumbList","@id":"https:\/\/diarioabcdemichoacan.com.mx\/lasnoticias\/de-cuto-de-la-esperanza-al-obelisco-en-30-minutos-el-morebus-cambiara-la-forma-en-que-se-viaja-en-morelia\/#breadcrumb","itemListElement":[{"@type":"ListItem","position":1,"name":"Portada","item":"https:\/\/diarioabcdemichoacan.com.mx\/lasnoticias\/"},{"@type":"ListItem","position":2,"name":"De Cuto de la Esperanza al Obelisco en 30 minutos; el Moreb\u00fas cambiar\u00e1 la forma en que se viaja en Morelia"}]},{"@type":"WebSite","@id":"https:\/\/diarioabcdemichoacan.com.mx\/lasnoticias\/#website","url":"https:\/\/diarioabcdemichoacan.com.mx\/lasnoticias\/","name":"Diario ABC de Michoac\u00e1n","description":"Las noticias al momento","potentialAction":[{"@type":"SearchAction","target":{"@type":"EntryPoint","urlTemplate":"https:\/\/diarioabcdemichoacan.com.mx\/lasnoticias\/?s={search_term_string}"},"query-input":{"@type":"PropertyValueSpecification","valueRequired":true,"valueName":"search_term_string"}}],"inLanguage":"es"},{"@type":"Person","@id":"https:\/\/diarioabcdemichoacan.com.mx\/lasnoticias\/#\/schema\/person\/0546f9c3407148f7452ca932715c5e88","name":"MB","image":{"@type":"ImageObject","inLanguage":"es","@id":"https:\/\/secure.gravatar.com\/avatar\/ac036f018f6a8431a5687a020efaf39d914da6a3fc78ce6029ab7ae29c5130e2?s=96&d=mm&r=g","url":"https:\/\/secure.gravatar.com\/avatar\/ac036f018f6a8431a5687a020efaf39d914da6a3fc78ce6029ab7ae29c5130e2?s=96&d=mm&r=g","contentUrl":"https:\/\/secure.gravatar.com\/avatar\/ac036f018f6a8431a5687a020efaf39d914da6a3fc78ce6029ab7ae29c5130e2?s=96&d=mm&r=g","caption":"MB"},"url":"https:\/\/diarioabcdemichoacan.com.mx\/lasnoticias\/author\/bomariano03\/"}]}},"_links":{"self":[{"href":"https:\/\/diarioabcdemichoacan.com.mx\/lasnoticias\/wp-json\/wp\/v2\/posts\/83883","targetHints":{"allow":["GET"]}}],"collection":[{"href":"https:\/\/diarioabcdemichoacan.com.mx\/lasnoticias\/wp-json\/wp\/v2\/posts"}],"about":[{"href":"https:\/\/diarioabcdemichoacan.com.mx\/lasnoticias\/wp-json\/wp\/v2\/types\/post"}],"author":[{"embeddable":true,"href":"https:\/\/diarioabcdemichoacan.com.mx\/lasnoticias\/wp-json\/wp\/v2\/users\/6"}],"replies":[{"embeddable":true,"href":"https:\/\/diarioabcdemichoacan.com.mx\/lasnoticias\/wp-json\/wp\/v2\/comments?post=83883"}],"version-history":[{"count":1,"href":"https:\/\/diarioabcdemichoacan.com.mx\/lasnoticias\/wp-json\/wp\/v2\/posts\/83883\/revisions"}],"predecessor-version":[{"id":83885,"href":"https:\/\/diarioabcdemichoacan.com.mx\/lasnoticias\/wp-json\/wp\/v2\/posts\/83883\/revisions\/83885"}],"wp:featuredmedia":[{"embeddable":true,"href":"https:\/\/diarioabcdemichoacan.com.mx\/lasnoticias\/wp-json\/wp\/v2\/media\/83884"}],"wp:attachment":[{"href":"https:\/\/diarioabcdemichoacan.com.mx\/lasnoticias\/wp-json\/wp\/v2\/media?parent=83883"}],"wp:term":[{"taxonomy":"category","embeddable":true,"href":"https:\/\/diarioabcdemichoacan.com.mx\/lasnoticias\/wp-json\/wp\/v2\/categories?post=83883"},{"taxonomy":"post_tag","embeddable":true,"href":"https:\/\/diarioabcdemichoacan.com.mx\/lasnoticias\/wp-json\/wp\/v2\/tags?post=83883"}],"curies":[{"name":"wp","href":"https:\/\/api.w.org\/{rel}","templated":true}]}}