{"id":83895,"date":"2026-08-25T23:23:21","date_gmt":"2026-08-26T05:23:21","guid":{"rendered":"https:\/\/diarioabcdemichoacan.com.mx\/lasnoticias\/?p=83895"},"modified":"2026-08-31T23:23:51","modified_gmt":"2026-09-01T05:23:51","slug":"zona-de-tres-puentes-contara-con-corredor-ecologico-habra-arboles-trasplantados-y-especies-nativas","status":"publish","type":"post","link":"https:\/\/diarioabcdemichoacan.com.mx\/lasnoticias\/zona-de-tres-puentes-contara-con-corredor-ecologico-habra-arboles-trasplantados-y-especies-nativas\/","title":{"rendered":"Zona de Tres Puentes contar\u00e1 con Corredor Ecol\u00f3gico; habr\u00e1 \u00e1rboles trasplantados y especies nativas"},"content":{"rendered":"<p>El proyecto incluir\u00e1 la integraci\u00f3n de 27 \u00e1rboles trasplantados y parte de los 20 mil ejemplares que se contemplan en la reforestaci\u00f3n urbana<\/p>\n<hr \/>\n<p>Morelia, Michoac\u00e1n, 25 de agosto de 2026.- Como parte de los ajustes al proyecto del Moreb\u00fas, se desarrollar\u00e1 un Corredor Ecol\u00f3gico (Bosque de Galer\u00eda) dentro de la mancha urbana, que se integrar\u00e1 con especies nativas y de importancia ambiental, inform\u00f3 el titular de la Secretar\u00eda del Medio Ambiente (Secma), Alejandro M\u00e9ndez L\u00f3pez.<\/p><div id=\"diari-2193293351\" class=\"diari-contenido diari-entity-placement\"><img loading=\"lazy\" decoding=\"async\" src=\"https:\/\/diarioabcdemichoacan.com.mx\/lasnoticias\/wp-content\/uploads\/2024\/07\/WhatsApp-Image-2024-05-07-at-10.12.40-a.m.jpeg\" alt=\"\"  srcset=\"https:\/\/diarioabcdemichoacan.com.mx\/lasnoticias\/wp-content\/uploads\/2024\/07\/WhatsApp-Image-2024-05-07-at-10.12.40-a.m.jpeg 400w, https:\/\/diarioabcdemichoacan.com.mx\/lasnoticias\/wp-content\/uploads\/2024\/07\/WhatsApp-Image-2024-05-07-at-10.12.40-a.m-150x150.jpeg 150w, https:\/\/diarioabcdemichoacan.com.mx\/lasnoticias\/wp-content\/uploads\/2024\/07\/WhatsApp-Image-2024-05-07-at-10.12.40-a.m-300x300.jpeg 300w\" sizes=\"(max-width: 400px) 100vw, 400px\" width=\"400\" height=\"400\"  style=\"display: inline-block;\" \/><\/div>\n<p>El secretario explic\u00f3 que este corredor se conformar\u00e1 de manera estrat\u00e9gica con 27 \u00e1rboles rescatados de la zona del paso superior de Tres Puentes. Estos ejemplares ser\u00e1n reubicados en las canchas de futbol ubicadas enfrente y a lo largo de la ribera del R\u00edo Grande.<\/p>\n<p>Asimismo, indic\u00f3 que este espacio se integrar\u00e1 con parte de los 20 mil ejemplares de compensaci\u00f3n ecol\u00f3gica proporcionados por el Gobierno estatal, los cuales tambi\u00e9n se ubicar\u00e1n en zonas cercanas al Moreb\u00fas, el Arboretum, Villas del Pedregal y tramos del segundo anillo del Perif\u00e9rico.<\/p>\n<p>El funcionario estatal enfatiz\u00f3 que en todo el tramo del proyecto del Moreb\u00fas ya se han rescatado 110 \u00e1rboles para trasplantar. Subray\u00f3 que durante este proceso, el gabinete ambiental, conformado por la Secma, el Zool\u00f3gico de Morelia y la Comisi\u00f3n Forestal del Estado, mantendr\u00e1 la vigilancia de la fauna silvestre en la zona para su resguardo, cuidado y posible reubicaci\u00f3n.<\/p>\n","protected":false},"excerpt":{"rendered":"<p>El proyecto incluir\u00e1 la integraci\u00f3n de 27 \u00e1rboles trasplantados y parte de los 20 mil ejemplares que se contemplan en la reforestaci\u00f3n urbana Morelia, Michoac\u00e1n, 25 de agosto de 2026.- Como parte de los ajustes al proyecto del Moreb\u00fas, se desarrollar\u00e1 un Corredor Ecol\u00f3gico (Bosque de Galer\u00eda) dentro de la mancha urbana, que se integrar\u00e1 [&hellip;]<\/p>\n","protected":false},"author":6,"featured_media":83896,"comment_status":"closed","ping_status":"closed","sticky":false,"template":"","format":"standard","meta":{"footnotes":""},"categories":[10,17,32],"tags":[],"class_list":["post-83895","post","type-post","status-publish","format-standard","has-post-thumbnail","category-estado","category-gobierno-de-michoacan","category-medio-ambiente"],"yoast_head":"<!-- This site is optimized with the Yoast SEO plugin v28.4 - https:\/\/yoast.com\/product\/yoast-seo-wordpress\/ -->\n<title>Zona de Tres Puentes contar\u00e1 con Corredor Ecol\u00f3gico; habr\u00e1 \u00e1rboles trasplantados y especies nativas - Diario ABC de Michoac\u00e1n<\/title>\n<meta name=\"robots\" content=\"index, follow, max-snippet:-1, max-image-preview:large, max-video-preview:-1\" \/>\n<link rel=\"canonical\" href=\"https:\/\/diarioabcdemichoacan.com.mx\/lasnoticias\/zona-de-tres-puentes-contara-con-corredor-ecologico-habra-arboles-trasplantados-y-especies-nativas\/\" \/>\n<meta property=\"og:locale\" content=\"es_ES\" \/>\n<meta property=\"og:type\" content=\"article\" \/>\n<meta property=\"og:title\" content=\"Zona de Tres Puentes contar\u00e1 con Corredor Ecol\u00f3gico; habr\u00e1 \u00e1rboles trasplantados y especies nativas - Diario ABC de Michoac\u00e1n\" \/>\n<meta property=\"og:description\" content=\"El proyecto incluir\u00e1 la integraci\u00f3n de 27 \u00e1rboles trasplantados y parte de los 20 mil ejemplares que se contemplan en la reforestaci\u00f3n urbana Morelia, Michoac\u00e1n, 25 de agosto de 2026.- Como parte de los ajustes al proyecto del Moreb\u00fas, se desarrollar\u00e1 un Corredor Ecol\u00f3gico (Bosque de Galer\u00eda) dentro de la mancha urbana, que se integrar\u00e1 [&hellip;]\" \/>\n<meta property=\"og:url\" content=\"https:\/\/diarioabcdemichoacan.com.mx\/lasnoticias\/zona-de-tres-puentes-contara-con-corredor-ecologico-habra-arboles-trasplantados-y-especies-nativas\/\" \/>\n<meta property=\"og:site_name\" content=\"Diario ABC de Michoac\u00e1n\" \/>\n<meta property=\"article:published_time\" content=\"2026-08-26T05:23:21+00:00\" \/>\n<meta property=\"article:modified_time\" content=\"2026-09-01T05:23:51+00:00\" \/>\n<meta property=\"og:image\" content=\"https:\/\/diarioabcdemichoacan.com.mx\/lasnoticias\/wp-content\/uploads\/2026\/08\/0cded55e-d5d2-43f8-9b29-6ab0e36e89a2-1.jpg\" \/>\n\t<meta property=\"og:image:width\" content=\"1600\" \/>\n\t<meta property=\"og:image:height\" content=\"1066\" \/>\n\t<meta property=\"og:image:type\" content=\"image\/jpeg\" \/>\n<meta name=\"author\" content=\"MB\" \/>\n<meta name=\"twitter:card\" content=\"summary_large_image\" \/>\n<meta name=\"twitter:label1\" content=\"Escrito por\" \/>\n\t<meta name=\"twitter:data1\" content=\"MB\" \/>\n\t<meta name=\"twitter:label2\" content=\"Tiempo de lectura\" \/>\n\t<meta name=\"twitter:data2\" content=\"2 minutos\" \/>\n<script type=\"application\/ld+json\" class=\"yoast-schema-graph\">{\"@context\":\"https:\\\/\\\/schema.org\",\"@graph\":[{\"@type\":\"Article\",\"@id\":\"https:\\\/\\\/diarioabcdemichoacan.com.mx\\\/lasnoticias\\\/zona-de-tres-puentes-contara-con-corredor-ecologico-habra-arboles-trasplantados-y-especies-nativas\\\/#article\",\"isPartOf\":{\"@id\":\"https:\\\/\\\/diarioabcdemichoacan.com.mx\\\/lasnoticias\\\/zona-de-tres-puentes-contara-con-corredor-ecologico-habra-arboles-trasplantados-y-especies-nativas\\\/\"},\"author\":{\"name\":\"MB\",\"@id\":\"https:\\\/\\\/diarioabcdemichoacan.com.mx\\\/lasnoticias\\\/#\\\/schema\\\/person\\\/0546f9c3407148f7452ca932715c5e88\"},\"headline\":\"Zona de Tres Puentes contar\u00e1 con Corredor Ecol\u00f3gico; habr\u00e1 \u00e1rboles trasplantados y especies nativas\",\"datePublished\":\"2026-08-26T05:23:21+00:00\",\"dateModified\":\"2026-09-01T05:23:51+00:00\",\"mainEntityOfPage\":{\"@id\":\"https:\\\/\\\/diarioabcdemichoacan.com.mx\\\/lasnoticias\\\/zona-de-tres-puentes-contara-con-corredor-ecologico-habra-arboles-trasplantados-y-especies-nativas\\\/\"},\"wordCount\":255,\"image\":{\"@id\":\"https:\\\/\\\/diarioabcdemichoacan.com.mx\\\/lasnoticias\\\/zona-de-tres-puentes-contara-con-corredor-ecologico-habra-arboles-trasplantados-y-especies-nativas\\\/#primaryimage\"},\"thumbnailUrl\":\"https:\\\/\\\/diarioabcdemichoacan.com.mx\\\/lasnoticias\\\/wp-content\\\/uploads\\\/2026\\\/08\\\/0cded55e-d5d2-43f8-9b29-6ab0e36e89a2-1.jpg\",\"articleSection\":[\"Estado\",\"Gobierno de Michoac\u00e1n\",\"Medio ambiente\"],\"inLanguage\":\"es\"},{\"@type\":\"WebPage\",\"@id\":\"https:\\\/\\\/diarioabcdemichoacan.com.mx\\\/lasnoticias\\\/zona-de-tres-puentes-contara-con-corredor-ecologico-habra-arboles-trasplantados-y-especies-nativas\\\/\",\"url\":\"https:\\\/\\\/diarioabcdemichoacan.com.mx\\\/lasnoticias\\\/zona-de-tres-puentes-contara-con-corredor-ecologico-habra-arboles-trasplantados-y-especies-nativas\\\/\",\"name\":\"Zona de Tres Puentes contar\u00e1 con Corredor Ecol\u00f3gico; habr\u00e1 \u00e1rboles trasplantados y especies nativas - Diario ABC de Michoac\u00e1n\",\"isPartOf\":{\"@id\":\"https:\\\/\\\/diarioabcdemichoacan.com.mx\\\/lasnoticias\\\/#website\"},\"primaryImageOfPage\":{\"@id\":\"https:\\\/\\\/diarioabcdemichoacan.com.mx\\\/lasnoticias\\\/zona-de-tres-puentes-contara-con-corredor-ecologico-habra-arboles-trasplantados-y-especies-nativas\\\/#primaryimage\"},\"image\":{\"@id\":\"https:\\\/\\\/diarioabcdemichoacan.com.mx\\\/lasnoticias\\\/zona-de-tres-puentes-contara-con-corredor-ecologico-habra-arboles-trasplantados-y-especies-nativas\\\/#primaryimage\"},\"thumbnailUrl\":\"https:\\\/\\\/diarioabcdemichoacan.com.mx\\\/lasnoticias\\\/wp-content\\\/uploads\\\/2026\\\/08\\\/0cded55e-d5d2-43f8-9b29-6ab0e36e89a2-1.jpg\",\"datePublished\":\"2026-08-26T05:23:21+00:00\",\"dateModified\":\"2026-09-01T05:23:51+00:00\",\"author\":{\"@id\":\"https:\\\/\\\/diarioabcdemichoacan.com.mx\\\/lasnoticias\\\/#\\\/schema\\\/person\\\/0546f9c3407148f7452ca932715c5e88\"},\"breadcrumb\":{\"@id\":\"https:\\\/\\\/diarioabcdemichoacan.com.mx\\\/lasnoticias\\\/zona-de-tres-puentes-contara-con-corredor-ecologico-habra-arboles-trasplantados-y-especies-nativas\\\/#breadcrumb\"},\"inLanguage\":\"es\",\"potentialAction\":[{\"@type\":\"ReadAction\",\"target\":[\"https:\\\/\\\/diarioabcdemichoacan.com.mx\\\/lasnoticias\\\/zona-de-tres-puentes-contara-con-corredor-ecologico-habra-arboles-trasplantados-y-especies-nativas\\\/\"]}]},{\"@type\":\"ImageObject\",\"inLanguage\":\"es\",\"@id\":\"https:\\\/\\\/diarioabcdemichoacan.com.mx\\\/lasnoticias\\\/zona-de-tres-puentes-contara-con-corredor-ecologico-habra-arboles-trasplantados-y-especies-nativas\\\/#primaryimage\",\"url\":\"https:\\\/\\\/diarioabcdemichoacan.com.mx\\\/lasnoticias\\\/wp-content\\\/uploads\\\/2026\\\/08\\\/0cded55e-d5d2-43f8-9b29-6ab0e36e89a2-1.jpg\",\"contentUrl\":\"https:\\\/\\\/diarioabcdemichoacan.com.mx\\\/lasnoticias\\\/wp-content\\\/uploads\\\/2026\\\/08\\\/0cded55e-d5d2-43f8-9b29-6ab0e36e89a2-1.jpg\",\"width\":1600,\"height\":1066},{\"@type\":\"BreadcrumbList\",\"@id\":\"https:\\\/\\\/diarioabcdemichoacan.com.mx\\\/lasnoticias\\\/zona-de-tres-puentes-contara-con-corredor-ecologico-habra-arboles-trasplantados-y-especies-nativas\\\/#breadcrumb\",\"itemListElement\":[{\"@type\":\"ListItem\",\"position\":1,\"name\":\"Portada\",\"item\":\"https:\\\/\\\/diarioabcdemichoacan.com.mx\\\/lasnoticias\\\/\"},{\"@type\":\"ListItem\",\"position\":2,\"name\":\"Zona de Tres Puentes contar\u00e1 con Corredor Ecol\u00f3gico; habr\u00e1 \u00e1rboles trasplantados y especies nativas\"}]},{\"@type\":\"WebSite\",\"@id\":\"https:\\\/\\\/diarioabcdemichoacan.com.mx\\\/lasnoticias\\\/#website\",\"url\":\"https:\\\/\\\/diarioabcdemichoacan.com.mx\\\/lasnoticias\\\/\",\"name\":\"Diario ABC de Michoac\u00e1n\",\"description\":\"Las noticias al momento\",\"potentialAction\":[{\"@type\":\"SearchAction\",\"target\":{\"@type\":\"EntryPoint\",\"urlTemplate\":\"https:\\\/\\\/diarioabcdemichoacan.com.mx\\\/lasnoticias\\\/?s={search_term_string}\"},\"query-input\":{\"@type\":\"PropertyValueSpecification\",\"valueRequired\":true,\"valueName\":\"search_term_string\"}}],\"inLanguage\":\"es\"},{\"@type\":\"Person\",\"@id\":\"https:\\\/\\\/diarioabcdemichoacan.com.mx\\\/lasnoticias\\\/#\\\/schema\\\/person\\\/0546f9c3407148f7452ca932715c5e88\",\"name\":\"MB\",\"image\":{\"@type\":\"ImageObject\",\"inLanguage\":\"es\",\"@id\":\"https:\\\/\\\/secure.gravatar.com\\\/avatar\\\/ac036f018f6a8431a5687a020efaf39d914da6a3fc78ce6029ab7ae29c5130e2?s=96&d=mm&r=g\",\"url\":\"https:\\\/\\\/secure.gravatar.com\\\/avatar\\\/ac036f018f6a8431a5687a020efaf39d914da6a3fc78ce6029ab7ae29c5130e2?s=96&d=mm&r=g\",\"contentUrl\":\"https:\\\/\\\/secure.gravatar.com\\\/avatar\\\/ac036f018f6a8431a5687a020efaf39d914da6a3fc78ce6029ab7ae29c5130e2?s=96&d=mm&r=g\",\"caption\":\"MB\"},\"url\":\"https:\\\/\\\/diarioabcdemichoacan.com.mx\\\/lasnoticias\\\/author\\\/bomariano03\\\/\"}]}<\/script>\n<!-- \/ Yoast SEO plugin. -->","yoast_head_json":{"title":"Zona de Tres Puentes contar\u00e1 con Corredor Ecol\u00f3gico; habr\u00e1 \u00e1rboles trasplantados y especies nativas - Diario ABC de Michoac\u00e1n","robots":{"index":"index","follow":"follow","max-snippet":"max-snippet:-1","max-image-preview":"max-image-preview:large","max-video-preview":"max-video-preview:-1"},"canonical":"https:\/\/diarioabcdemichoacan.com.mx\/lasnoticias\/zona-de-tres-puentes-contara-con-corredor-ecologico-habra-arboles-trasplantados-y-especies-nativas\/","og_locale":"es_ES","og_type":"article","og_title":"Zona de Tres Puentes contar\u00e1 con Corredor Ecol\u00f3gico; habr\u00e1 \u00e1rboles trasplantados y especies nativas - Diario ABC de Michoac\u00e1n","og_description":"El proyecto incluir\u00e1 la integraci\u00f3n de 27 \u00e1rboles trasplantados y parte de los 20 mil ejemplares que se contemplan en la reforestaci\u00f3n urbana Morelia, Michoac\u00e1n, 25 de agosto de 2026.- Como parte de los ajustes al proyecto del Moreb\u00fas, se desarrollar\u00e1 un Corredor Ecol\u00f3gico (Bosque de Galer\u00eda) dentro de la mancha urbana, que se integrar\u00e1 [&hellip;]","og_url":"https:\/\/diarioabcdemichoacan.com.mx\/lasnoticias\/zona-de-tres-puentes-contara-con-corredor-ecologico-habra-arboles-trasplantados-y-especies-nativas\/","og_site_name":"Diario ABC de Michoac\u00e1n","article_published_time":"2026-08-26T05:23:21+00:00","article_modified_time":"2026-09-01T05:23:51+00:00","og_image":[{"width":1600,"height":1066,"url":"https:\/\/diarioabcdemichoacan.com.mx\/lasnoticias\/wp-content\/uploads\/2026\/08\/0cded55e-d5d2-43f8-9b29-6ab0e36e89a2-1.jpg","type":"image\/jpeg"}],"author":"MB","twitter_card":"summary_large_image","twitter_misc":{"Escrito por":"MB","Tiempo de lectura":"2 minutos"},"schema":{"@context":"https:\/\/schema.org","@graph":[{"@type":"Article","@id":"https:\/\/diarioabcdemichoacan.com.mx\/lasnoticias\/zona-de-tres-puentes-contara-con-corredor-ecologico-habra-arboles-trasplantados-y-especies-nativas\/#article","isPartOf":{"@id":"https:\/\/diarioabcdemichoacan.com.mx\/lasnoticias\/zona-de-tres-puentes-contara-con-corredor-ecologico-habra-arboles-trasplantados-y-especies-nativas\/"},"author":{"name":"MB","@id":"https:\/\/diarioabcdemichoacan.com.mx\/lasnoticias\/#\/schema\/person\/0546f9c3407148f7452ca932715c5e88"},"headline":"Zona de Tres Puentes contar\u00e1 con Corredor Ecol\u00f3gico; habr\u00e1 \u00e1rboles trasplantados y especies nativas","datePublished":"2026-08-26T05:23:21+00:00","dateModified":"2026-09-01T05:23:51+00:00","mainEntityOfPage":{"@id":"https:\/\/diarioabcdemichoacan.com.mx\/lasnoticias\/zona-de-tres-puentes-contara-con-corredor-ecologico-habra-arboles-trasplantados-y-especies-nativas\/"},"wordCount":255,"image":{"@id":"https:\/\/diarioabcdemichoacan.com.mx\/lasnoticias\/zona-de-tres-puentes-contara-con-corredor-ecologico-habra-arboles-trasplantados-y-especies-nativas\/#primaryimage"},"thumbnailUrl":"https:\/\/diarioabcdemichoacan.com.mx\/lasnoticias\/wp-content\/uploads\/2026\/08\/0cded55e-d5d2-43f8-9b29-6ab0e36e89a2-1.jpg","articleSection":["Estado","Gobierno de Michoac\u00e1n","Medio ambiente"],"inLanguage":"es"},{"@type":"WebPage","@id":"https:\/\/diarioabcdemichoacan.com.mx\/lasnoticias\/zona-de-tres-puentes-contara-con-corredor-ecologico-habra-arboles-trasplantados-y-especies-nativas\/","url":"https:\/\/diarioabcdemichoacan.com.mx\/lasnoticias\/zona-de-tres-puentes-contara-con-corredor-ecologico-habra-arboles-trasplantados-y-especies-nativas\/","name":"Zona de Tres Puentes contar\u00e1 con Corredor Ecol\u00f3gico; habr\u00e1 \u00e1rboles trasplantados y especies nativas - Diario ABC de Michoac\u00e1n","isPartOf":{"@id":"https:\/\/diarioabcdemichoacan.com.mx\/lasnoticias\/#website"},"primaryImageOfPage":{"@id":"https:\/\/diarioabcdemichoacan.com.mx\/lasnoticias\/zona-de-tres-puentes-contara-con-corredor-ecologico-habra-arboles-trasplantados-y-especies-nativas\/#primaryimage"},"image":{"@id":"https:\/\/diarioabcdemichoacan.com.mx\/lasnoticias\/zona-de-tres-puentes-contara-con-corredor-ecologico-habra-arboles-trasplantados-y-especies-nativas\/#primaryimage"},"thumbnailUrl":"https:\/\/diarioabcdemichoacan.com.mx\/lasnoticias\/wp-content\/uploads\/2026\/08\/0cded55e-d5d2-43f8-9b29-6ab0e36e89a2-1.jpg","datePublished":"2026-08-26T05:23:21+00:00","dateModified":"2026-09-01T05:23:51+00:00","author":{"@id":"https:\/\/diarioabcdemichoacan.com.mx\/lasnoticias\/#\/schema\/person\/0546f9c3407148f7452ca932715c5e88"},"breadcrumb":{"@id":"https:\/\/diarioabcdemichoacan.com.mx\/lasnoticias\/zona-de-tres-puentes-contara-con-corredor-ecologico-habra-arboles-trasplantados-y-especies-nativas\/#breadcrumb"},"inLanguage":"es","potentialAction":[{"@type":"ReadAction","target":["https:\/\/diarioabcdemichoacan.com.mx\/lasnoticias\/zona-de-tres-puentes-contara-con-corredor-ecologico-habra-arboles-trasplantados-y-especies-nativas\/"]}]},{"@type":"ImageObject","inLanguage":"es","@id":"https:\/\/diarioabcdemichoacan.com.mx\/lasnoticias\/zona-de-tres-puentes-contara-con-corredor-ecologico-habra-arboles-trasplantados-y-especies-nativas\/#primaryimage","url":"https:\/\/diarioabcdemichoacan.com.mx\/lasnoticias\/wp-content\/uploads\/2026\/08\/0cded55e-d5d2-43f8-9b29-6ab0e36e89a2-1.jpg","contentUrl":"https:\/\/diarioabcdemichoacan.com.mx\/lasnoticias\/wp-content\/uploads\/2026\/08\/0cded55e-d5d2-43f8-9b29-6ab0e36e89a2-1.jpg","width":1600,"height":1066},{"@type":"BreadcrumbList","@id":"https:\/\/diarioabcdemichoacan.com.mx\/lasnoticias\/zona-de-tres-puentes-contara-con-corredor-ecologico-habra-arboles-trasplantados-y-especies-nativas\/#breadcrumb","itemListElement":[{"@type":"ListItem","position":1,"name":"Portada","item":"https:\/\/diarioabcdemichoacan.com.mx\/lasnoticias\/"},{"@type":"ListItem","position":2,"name":"Zona de Tres Puentes contar\u00e1 con Corredor Ecol\u00f3gico; habr\u00e1 \u00e1rboles trasplantados y especies nativas"}]},{"@type":"WebSite","@id":"https:\/\/diarioabcdemichoacan.com.mx\/lasnoticias\/#website","url":"https:\/\/diarioabcdemichoacan.com.mx\/lasnoticias\/","name":"Diario ABC de Michoac\u00e1n","description":"Las noticias al momento","potentialAction":[{"@type":"SearchAction","target":{"@type":"EntryPoint","urlTemplate":"https:\/\/diarioabcdemichoacan.com.mx\/lasnoticias\/?s={search_term_string}"},"query-input":{"@type":"PropertyValueSpecification","valueRequired":true,"valueName":"search_term_string"}}],"inLanguage":"es"},{"@type":"Person","@id":"https:\/\/diarioabcdemichoacan.com.mx\/lasnoticias\/#\/schema\/person\/0546f9c3407148f7452ca932715c5e88","name":"MB","image":{"@type":"ImageObject","inLanguage":"es","@id":"https:\/\/secure.gravatar.com\/avatar\/ac036f018f6a8431a5687a020efaf39d914da6a3fc78ce6029ab7ae29c5130e2?s=96&d=mm&r=g","url":"https:\/\/secure.gravatar.com\/avatar\/ac036f018f6a8431a5687a020efaf39d914da6a3fc78ce6029ab7ae29c5130e2?s=96&d=mm&r=g","contentUrl":"https:\/\/secure.gravatar.com\/avatar\/ac036f018f6a8431a5687a020efaf39d914da6a3fc78ce6029ab7ae29c5130e2?s=96&d=mm&r=g","caption":"MB"},"url":"https:\/\/diarioabcdemichoacan.com.mx\/lasnoticias\/author\/bomariano03\/"}]}},"_links":{"self":[{"href":"https:\/\/diarioabcdemichoacan.com.mx\/lasnoticias\/wp-json\/wp\/v2\/posts\/83895","targetHints":{"allow":["GET"]}}],"collection":[{"href":"https:\/\/diarioabcdemichoacan.com.mx\/lasnoticias\/wp-json\/wp\/v2\/posts"}],"about":[{"href":"https:\/\/diarioabcdemichoacan.com.mx\/lasnoticias\/wp-json\/wp\/v2\/types\/post"}],"author":[{"embeddable":true,"href":"https:\/\/diarioabcdemichoacan.com.mx\/lasnoticias\/wp-json\/wp\/v2\/users\/6"}],"replies":[{"embeddable":true,"href":"https:\/\/diarioabcdemichoacan.com.mx\/lasnoticias\/wp-json\/wp\/v2\/comments?post=83895"}],"version-history":[{"count":1,"href":"https:\/\/diarioabcdemichoacan.com.mx\/lasnoticias\/wp-json\/wp\/v2\/posts\/83895\/revisions"}],"predecessor-version":[{"id":83897,"href":"https:\/\/diarioabcdemichoacan.com.mx\/lasnoticias\/wp-json\/wp\/v2\/posts\/83895\/revisions\/83897"}],"wp:featuredmedia":[{"embeddable":true,"href":"https:\/\/diarioabcdemichoacan.com.mx\/lasnoticias\/wp-json\/wp\/v2\/media\/83896"}],"wp:attachment":[{"href":"https:\/\/diarioabcdemichoacan.com.mx\/lasnoticias\/wp-json\/wp\/v2\/media?parent=83895"}],"wp:term":[{"taxonomy":"category","embeddable":true,"href":"https:\/\/diarioabcdemichoacan.com.mx\/lasnoticias\/wp-json\/wp\/v2\/categories?post=83895"},{"taxonomy":"post_tag","embeddable":true,"href":"https:\/\/diarioabcdemichoacan.com.mx\/lasnoticias\/wp-json\/wp\/v2\/tags?post=83895"}],"curies":[{"name":"wp","href":"https:\/\/api.w.org\/{rel}","templated":true}]}}