{"id":83898,"date":"2026-08-24T23:24:00","date_gmt":"2026-08-25T05:24:00","guid":{"rendered":"https:\/\/diarioabcdemichoacan.com.mx\/lasnoticias\/?p=83898"},"modified":"2026-08-31T23:24:28","modified_gmt":"2026-09-01T05:24:28","slug":"bedolla-y-autoridades-de-cheran-acuerdan-ruta-de-trabajo-para-2027","status":"publish","type":"post","link":"https:\/\/diarioabcdemichoacan.com.mx\/lasnoticias\/bedolla-y-autoridades-de-cheran-acuerdan-ruta-de-trabajo-para-2027\/","title":{"rendered":"Bedolla y autoridades de Cher\u00e1n acuerdan ruta de trabajo para 2027"},"content":{"rendered":"<p>Morelia, Michoac\u00e1n, 24 de agosto de 2026.- El gobernador Alfredo Ram\u00edrez Bedolla y autoridades comunales de Cher\u00e1n, establecieron ruta de trabajo para revisar y ejecutar propuestas de infraestructura y acciones para el desarrollo de este municipio ind\u00edgena regido por autogobierno.<\/p>\n<p>En el encuentro, el mandatario inform\u00f3 que las comunidades ind\u00edgenas en autogobierno tienen garantizados recursos del Fondo Estatal para la Infraestructura de los Servicios P\u00fablicos Municipales (Faeispum) y del Fondo para el Fortalecimiento para la Paz (Fortapaz) para su ejecuci\u00f3n en 2027.<\/p><div id=\"diari-439740949\" class=\"diari-contenido diari-entity-placement\"><img loading=\"lazy\" decoding=\"async\" src=\"https:\/\/diarioabcdemichoacan.com.mx\/lasnoticias\/wp-content\/uploads\/2024\/07\/WhatsApp-Image-2024-05-07-at-10.12.40-a.m.jpeg\" alt=\"\"  srcset=\"https:\/\/diarioabcdemichoacan.com.mx\/lasnoticias\/wp-content\/uploads\/2024\/07\/WhatsApp-Image-2024-05-07-at-10.12.40-a.m.jpeg 400w, https:\/\/diarioabcdemichoacan.com.mx\/lasnoticias\/wp-content\/uploads\/2024\/07\/WhatsApp-Image-2024-05-07-at-10.12.40-a.m-150x150.jpeg 150w, https:\/\/diarioabcdemichoacan.com.mx\/lasnoticias\/wp-content\/uploads\/2024\/07\/WhatsApp-Image-2024-05-07-at-10.12.40-a.m-300x300.jpeg 300w\" sizes=\"(max-width: 400px) 100vw, 400px\" width=\"400\" height=\"400\"  style=\"display: inline-block;\" \/><\/div>\n<p>Explic\u00f3 que para disponer de esos fondos es necesario que presenten propuestas de obras prioritarias, por ejemplo, el libramiento de Cher\u00e1n que es necesario rehabilitarlo para mejorar la conectividad y productividad del municipio.<\/p>\n<p>Las autoridades comunales de Cher\u00e1n coincidieron en revisar sus proyectos en materia de infraestructura, salud, educaci\u00f3n y otros con las dependencias de gobierno correspondientes, a fin de integrar adecuadamente los expedientes.<\/p>\n","protected":false},"excerpt":{"rendered":"<p>Morelia, Michoac\u00e1n, 24 de agosto de 2026.- El gobernador Alfredo Ram\u00edrez Bedolla y autoridades comunales de Cher\u00e1n, establecieron ruta de trabajo para revisar y ejecutar propuestas de infraestructura y acciones para el desarrollo de este municipio ind\u00edgena regido por autogobierno. En el encuentro, el mandatario inform\u00f3 que las comunidades ind\u00edgenas en autogobierno tienen garantizados recursos [&hellip;]<\/p>\n","protected":false},"author":6,"featured_media":83899,"comment_status":"closed","ping_status":"closed","sticky":false,"template":"","format":"standard","meta":{"footnotes":""},"categories":[10,17],"tags":[],"class_list":["post-83898","post","type-post","status-publish","format-standard","has-post-thumbnail","category-estado","category-gobierno-de-michoacan"],"yoast_head":"<!-- This site is optimized with the Yoast SEO plugin v28.4 - https:\/\/yoast.com\/product\/yoast-seo-wordpress\/ -->\n<title>Bedolla y autoridades de Cher\u00e1n acuerdan ruta de trabajo para 2027 - Diario ABC de Michoac\u00e1n<\/title>\n<meta name=\"robots\" content=\"index, follow, max-snippet:-1, max-image-preview:large, max-video-preview:-1\" \/>\n<link rel=\"canonical\" href=\"https:\/\/diarioabcdemichoacan.com.mx\/lasnoticias\/bedolla-y-autoridades-de-cheran-acuerdan-ruta-de-trabajo-para-2027\/\" \/>\n<meta property=\"og:locale\" content=\"es_ES\" \/>\n<meta property=\"og:type\" content=\"article\" \/>\n<meta property=\"og:title\" content=\"Bedolla y autoridades de Cher\u00e1n acuerdan ruta de trabajo para 2027 - Diario ABC de Michoac\u00e1n\" \/>\n<meta property=\"og:description\" content=\"Morelia, Michoac\u00e1n, 24 de agosto de 2026.- El gobernador Alfredo Ram\u00edrez Bedolla y autoridades comunales de Cher\u00e1n, establecieron ruta de trabajo para revisar y ejecutar propuestas de infraestructura y acciones para el desarrollo de este municipio ind\u00edgena regido por autogobierno. En el encuentro, el mandatario inform\u00f3 que las comunidades ind\u00edgenas en autogobierno tienen garantizados recursos [&hellip;]\" \/>\n<meta property=\"og:url\" content=\"https:\/\/diarioabcdemichoacan.com.mx\/lasnoticias\/bedolla-y-autoridades-de-cheran-acuerdan-ruta-de-trabajo-para-2027\/\" \/>\n<meta property=\"og:site_name\" content=\"Diario ABC de Michoac\u00e1n\" \/>\n<meta property=\"article:published_time\" content=\"2026-08-25T05:24:00+00:00\" \/>\n<meta property=\"article:modified_time\" content=\"2026-09-01T05:24:28+00:00\" \/>\n<meta property=\"og:image\" content=\"https:\/\/diarioabcdemichoacan.com.mx\/lasnoticias\/wp-content\/uploads\/2026\/08\/7b0b51b8-c7a3-4ff6-8b84-90a87a41c884.jpg\" \/>\n\t<meta property=\"og:image:width\" content=\"1600\" \/>\n\t<meta property=\"og:image:height\" content=\"1066\" \/>\n\t<meta property=\"og:image:type\" content=\"image\/jpeg\" \/>\n<meta name=\"author\" content=\"MB\" \/>\n<meta name=\"twitter:card\" content=\"summary_large_image\" \/>\n<meta name=\"twitter:label1\" content=\"Escrito por\" \/>\n\t<meta name=\"twitter:data1\" content=\"MB\" \/>\n\t<meta name=\"twitter:label2\" content=\"Tiempo de lectura\" \/>\n\t<meta name=\"twitter:data2\" content=\"1 minuto\" \/>\n<script type=\"application\/ld+json\" class=\"yoast-schema-graph\">{\"@context\":\"https:\\\/\\\/schema.org\",\"@graph\":[{\"@type\":\"Article\",\"@id\":\"https:\\\/\\\/diarioabcdemichoacan.com.mx\\\/lasnoticias\\\/bedolla-y-autoridades-de-cheran-acuerdan-ruta-de-trabajo-para-2027\\\/#article\",\"isPartOf\":{\"@id\":\"https:\\\/\\\/diarioabcdemichoacan.com.mx\\\/lasnoticias\\\/bedolla-y-autoridades-de-cheran-acuerdan-ruta-de-trabajo-para-2027\\\/\"},\"author\":{\"name\":\"MB\",\"@id\":\"https:\\\/\\\/diarioabcdemichoacan.com.mx\\\/lasnoticias\\\/#\\\/schema\\\/person\\\/0546f9c3407148f7452ca932715c5e88\"},\"headline\":\"Bedolla y autoridades de Cher\u00e1n acuerdan ruta de trabajo para 2027\",\"datePublished\":\"2026-08-25T05:24:00+00:00\",\"dateModified\":\"2026-09-01T05:24:28+00:00\",\"mainEntityOfPage\":{\"@id\":\"https:\\\/\\\/diarioabcdemichoacan.com.mx\\\/lasnoticias\\\/bedolla-y-autoridades-de-cheran-acuerdan-ruta-de-trabajo-para-2027\\\/\"},\"wordCount\":165,\"image\":{\"@id\":\"https:\\\/\\\/diarioabcdemichoacan.com.mx\\\/lasnoticias\\\/bedolla-y-autoridades-de-cheran-acuerdan-ruta-de-trabajo-para-2027\\\/#primaryimage\"},\"thumbnailUrl\":\"https:\\\/\\\/diarioabcdemichoacan.com.mx\\\/lasnoticias\\\/wp-content\\\/uploads\\\/2026\\\/08\\\/7b0b51b8-c7a3-4ff6-8b84-90a87a41c884.jpg\",\"articleSection\":[\"Estado\",\"Gobierno de Michoac\u00e1n\"],\"inLanguage\":\"es\"},{\"@type\":\"WebPage\",\"@id\":\"https:\\\/\\\/diarioabcdemichoacan.com.mx\\\/lasnoticias\\\/bedolla-y-autoridades-de-cheran-acuerdan-ruta-de-trabajo-para-2027\\\/\",\"url\":\"https:\\\/\\\/diarioabcdemichoacan.com.mx\\\/lasnoticias\\\/bedolla-y-autoridades-de-cheran-acuerdan-ruta-de-trabajo-para-2027\\\/\",\"name\":\"Bedolla y autoridades de Cher\u00e1n acuerdan ruta de trabajo para 2027 - Diario ABC de Michoac\u00e1n\",\"isPartOf\":{\"@id\":\"https:\\\/\\\/diarioabcdemichoacan.com.mx\\\/lasnoticias\\\/#website\"},\"primaryImageOfPage\":{\"@id\":\"https:\\\/\\\/diarioabcdemichoacan.com.mx\\\/lasnoticias\\\/bedolla-y-autoridades-de-cheran-acuerdan-ruta-de-trabajo-para-2027\\\/#primaryimage\"},\"image\":{\"@id\":\"https:\\\/\\\/diarioabcdemichoacan.com.mx\\\/lasnoticias\\\/bedolla-y-autoridades-de-cheran-acuerdan-ruta-de-trabajo-para-2027\\\/#primaryimage\"},\"thumbnailUrl\":\"https:\\\/\\\/diarioabcdemichoacan.com.mx\\\/lasnoticias\\\/wp-content\\\/uploads\\\/2026\\\/08\\\/7b0b51b8-c7a3-4ff6-8b84-90a87a41c884.jpg\",\"datePublished\":\"2026-08-25T05:24:00+00:00\",\"dateModified\":\"2026-09-01T05:24:28+00:00\",\"author\":{\"@id\":\"https:\\\/\\\/diarioabcdemichoacan.com.mx\\\/lasnoticias\\\/#\\\/schema\\\/person\\\/0546f9c3407148f7452ca932715c5e88\"},\"breadcrumb\":{\"@id\":\"https:\\\/\\\/diarioabcdemichoacan.com.mx\\\/lasnoticias\\\/bedolla-y-autoridades-de-cheran-acuerdan-ruta-de-trabajo-para-2027\\\/#breadcrumb\"},\"inLanguage\":\"es\",\"potentialAction\":[{\"@type\":\"ReadAction\",\"target\":[\"https:\\\/\\\/diarioabcdemichoacan.com.mx\\\/lasnoticias\\\/bedolla-y-autoridades-de-cheran-acuerdan-ruta-de-trabajo-para-2027\\\/\"]}]},{\"@type\":\"ImageObject\",\"inLanguage\":\"es\",\"@id\":\"https:\\\/\\\/diarioabcdemichoacan.com.mx\\\/lasnoticias\\\/bedolla-y-autoridades-de-cheran-acuerdan-ruta-de-trabajo-para-2027\\\/#primaryimage\",\"url\":\"https:\\\/\\\/diarioabcdemichoacan.com.mx\\\/lasnoticias\\\/wp-content\\\/uploads\\\/2026\\\/08\\\/7b0b51b8-c7a3-4ff6-8b84-90a87a41c884.jpg\",\"contentUrl\":\"https:\\\/\\\/diarioabcdemichoacan.com.mx\\\/lasnoticias\\\/wp-content\\\/uploads\\\/2026\\\/08\\\/7b0b51b8-c7a3-4ff6-8b84-90a87a41c884.jpg\",\"width\":1600,\"height\":1066},{\"@type\":\"BreadcrumbList\",\"@id\":\"https:\\\/\\\/diarioabcdemichoacan.com.mx\\\/lasnoticias\\\/bedolla-y-autoridades-de-cheran-acuerdan-ruta-de-trabajo-para-2027\\\/#breadcrumb\",\"itemListElement\":[{\"@type\":\"ListItem\",\"position\":1,\"name\":\"Portada\",\"item\":\"https:\\\/\\\/diarioabcdemichoacan.com.mx\\\/lasnoticias\\\/\"},{\"@type\":\"ListItem\",\"position\":2,\"name\":\"Bedolla y autoridades de Cher\u00e1n acuerdan ruta de trabajo para 2027\"}]},{\"@type\":\"WebSite\",\"@id\":\"https:\\\/\\\/diarioabcdemichoacan.com.mx\\\/lasnoticias\\\/#website\",\"url\":\"https:\\\/\\\/diarioabcdemichoacan.com.mx\\\/lasnoticias\\\/\",\"name\":\"Diario ABC de Michoac\u00e1n\",\"description\":\"Las noticias al momento\",\"potentialAction\":[{\"@type\":\"SearchAction\",\"target\":{\"@type\":\"EntryPoint\",\"urlTemplate\":\"https:\\\/\\\/diarioabcdemichoacan.com.mx\\\/lasnoticias\\\/?s={search_term_string}\"},\"query-input\":{\"@type\":\"PropertyValueSpecification\",\"valueRequired\":true,\"valueName\":\"search_term_string\"}}],\"inLanguage\":\"es\"},{\"@type\":\"Person\",\"@id\":\"https:\\\/\\\/diarioabcdemichoacan.com.mx\\\/lasnoticias\\\/#\\\/schema\\\/person\\\/0546f9c3407148f7452ca932715c5e88\",\"name\":\"MB\",\"image\":{\"@type\":\"ImageObject\",\"inLanguage\":\"es\",\"@id\":\"https:\\\/\\\/secure.gravatar.com\\\/avatar\\\/ac036f018f6a8431a5687a020efaf39d914da6a3fc78ce6029ab7ae29c5130e2?s=96&d=mm&r=g\",\"url\":\"https:\\\/\\\/secure.gravatar.com\\\/avatar\\\/ac036f018f6a8431a5687a020efaf39d914da6a3fc78ce6029ab7ae29c5130e2?s=96&d=mm&r=g\",\"contentUrl\":\"https:\\\/\\\/secure.gravatar.com\\\/avatar\\\/ac036f018f6a8431a5687a020efaf39d914da6a3fc78ce6029ab7ae29c5130e2?s=96&d=mm&r=g\",\"caption\":\"MB\"},\"url\":\"https:\\\/\\\/diarioabcdemichoacan.com.mx\\\/lasnoticias\\\/author\\\/bomariano03\\\/\"}]}<\/script>\n<!-- \/ Yoast SEO plugin. -->","yoast_head_json":{"title":"Bedolla y autoridades de Cher\u00e1n acuerdan ruta de trabajo para 2027 - Diario ABC de Michoac\u00e1n","robots":{"index":"index","follow":"follow","max-snippet":"max-snippet:-1","max-image-preview":"max-image-preview:large","max-video-preview":"max-video-preview:-1"},"canonical":"https:\/\/diarioabcdemichoacan.com.mx\/lasnoticias\/bedolla-y-autoridades-de-cheran-acuerdan-ruta-de-trabajo-para-2027\/","og_locale":"es_ES","og_type":"article","og_title":"Bedolla y autoridades de Cher\u00e1n acuerdan ruta de trabajo para 2027 - Diario ABC de Michoac\u00e1n","og_description":"Morelia, Michoac\u00e1n, 24 de agosto de 2026.- El gobernador Alfredo Ram\u00edrez Bedolla y autoridades comunales de Cher\u00e1n, establecieron ruta de trabajo para revisar y ejecutar propuestas de infraestructura y acciones para el desarrollo de este municipio ind\u00edgena regido por autogobierno. En el encuentro, el mandatario inform\u00f3 que las comunidades ind\u00edgenas en autogobierno tienen garantizados recursos [&hellip;]","og_url":"https:\/\/diarioabcdemichoacan.com.mx\/lasnoticias\/bedolla-y-autoridades-de-cheran-acuerdan-ruta-de-trabajo-para-2027\/","og_site_name":"Diario ABC de Michoac\u00e1n","article_published_time":"2026-08-25T05:24:00+00:00","article_modified_time":"2026-09-01T05:24:28+00:00","og_image":[{"width":1600,"height":1066,"url":"https:\/\/diarioabcdemichoacan.com.mx\/lasnoticias\/wp-content\/uploads\/2026\/08\/7b0b51b8-c7a3-4ff6-8b84-90a87a41c884.jpg","type":"image\/jpeg"}],"author":"MB","twitter_card":"summary_large_image","twitter_misc":{"Escrito por":"MB","Tiempo de lectura":"1 minuto"},"schema":{"@context":"https:\/\/schema.org","@graph":[{"@type":"Article","@id":"https:\/\/diarioabcdemichoacan.com.mx\/lasnoticias\/bedolla-y-autoridades-de-cheran-acuerdan-ruta-de-trabajo-para-2027\/#article","isPartOf":{"@id":"https:\/\/diarioabcdemichoacan.com.mx\/lasnoticias\/bedolla-y-autoridades-de-cheran-acuerdan-ruta-de-trabajo-para-2027\/"},"author":{"name":"MB","@id":"https:\/\/diarioabcdemichoacan.com.mx\/lasnoticias\/#\/schema\/person\/0546f9c3407148f7452ca932715c5e88"},"headline":"Bedolla y autoridades de Cher\u00e1n acuerdan ruta de trabajo para 2027","datePublished":"2026-08-25T05:24:00+00:00","dateModified":"2026-09-01T05:24:28+00:00","mainEntityOfPage":{"@id":"https:\/\/diarioabcdemichoacan.com.mx\/lasnoticias\/bedolla-y-autoridades-de-cheran-acuerdan-ruta-de-trabajo-para-2027\/"},"wordCount":165,"image":{"@id":"https:\/\/diarioabcdemichoacan.com.mx\/lasnoticias\/bedolla-y-autoridades-de-cheran-acuerdan-ruta-de-trabajo-para-2027\/#primaryimage"},"thumbnailUrl":"https:\/\/diarioabcdemichoacan.com.mx\/lasnoticias\/wp-content\/uploads\/2026\/08\/7b0b51b8-c7a3-4ff6-8b84-90a87a41c884.jpg","articleSection":["Estado","Gobierno de Michoac\u00e1n"],"inLanguage":"es"},{"@type":"WebPage","@id":"https:\/\/diarioabcdemichoacan.com.mx\/lasnoticias\/bedolla-y-autoridades-de-cheran-acuerdan-ruta-de-trabajo-para-2027\/","url":"https:\/\/diarioabcdemichoacan.com.mx\/lasnoticias\/bedolla-y-autoridades-de-cheran-acuerdan-ruta-de-trabajo-para-2027\/","name":"Bedolla y autoridades de Cher\u00e1n acuerdan ruta de trabajo para 2027 - Diario ABC de Michoac\u00e1n","isPartOf":{"@id":"https:\/\/diarioabcdemichoacan.com.mx\/lasnoticias\/#website"},"primaryImageOfPage":{"@id":"https:\/\/diarioabcdemichoacan.com.mx\/lasnoticias\/bedolla-y-autoridades-de-cheran-acuerdan-ruta-de-trabajo-para-2027\/#primaryimage"},"image":{"@id":"https:\/\/diarioabcdemichoacan.com.mx\/lasnoticias\/bedolla-y-autoridades-de-cheran-acuerdan-ruta-de-trabajo-para-2027\/#primaryimage"},"thumbnailUrl":"https:\/\/diarioabcdemichoacan.com.mx\/lasnoticias\/wp-content\/uploads\/2026\/08\/7b0b51b8-c7a3-4ff6-8b84-90a87a41c884.jpg","datePublished":"2026-08-25T05:24:00+00:00","dateModified":"2026-09-01T05:24:28+00:00","author":{"@id":"https:\/\/diarioabcdemichoacan.com.mx\/lasnoticias\/#\/schema\/person\/0546f9c3407148f7452ca932715c5e88"},"breadcrumb":{"@id":"https:\/\/diarioabcdemichoacan.com.mx\/lasnoticias\/bedolla-y-autoridades-de-cheran-acuerdan-ruta-de-trabajo-para-2027\/#breadcrumb"},"inLanguage":"es","potentialAction":[{"@type":"ReadAction","target":["https:\/\/diarioabcdemichoacan.com.mx\/lasnoticias\/bedolla-y-autoridades-de-cheran-acuerdan-ruta-de-trabajo-para-2027\/"]}]},{"@type":"ImageObject","inLanguage":"es","@id":"https:\/\/diarioabcdemichoacan.com.mx\/lasnoticias\/bedolla-y-autoridades-de-cheran-acuerdan-ruta-de-trabajo-para-2027\/#primaryimage","url":"https:\/\/diarioabcdemichoacan.com.mx\/lasnoticias\/wp-content\/uploads\/2026\/08\/7b0b51b8-c7a3-4ff6-8b84-90a87a41c884.jpg","contentUrl":"https:\/\/diarioabcdemichoacan.com.mx\/lasnoticias\/wp-content\/uploads\/2026\/08\/7b0b51b8-c7a3-4ff6-8b84-90a87a41c884.jpg","width":1600,"height":1066},{"@type":"BreadcrumbList","@id":"https:\/\/diarioabcdemichoacan.com.mx\/lasnoticias\/bedolla-y-autoridades-de-cheran-acuerdan-ruta-de-trabajo-para-2027\/#breadcrumb","itemListElement":[{"@type":"ListItem","position":1,"name":"Portada","item":"https:\/\/diarioabcdemichoacan.com.mx\/lasnoticias\/"},{"@type":"ListItem","position":2,"name":"Bedolla y autoridades de Cher\u00e1n acuerdan ruta de trabajo para 2027"}]},{"@type":"WebSite","@id":"https:\/\/diarioabcdemichoacan.com.mx\/lasnoticias\/#website","url":"https:\/\/diarioabcdemichoacan.com.mx\/lasnoticias\/","name":"Diario ABC de Michoac\u00e1n","description":"Las noticias al momento","potentialAction":[{"@type":"SearchAction","target":{"@type":"EntryPoint","urlTemplate":"https:\/\/diarioabcdemichoacan.com.mx\/lasnoticias\/?s={search_term_string}"},"query-input":{"@type":"PropertyValueSpecification","valueRequired":true,"valueName":"search_term_string"}}],"inLanguage":"es"},{"@type":"Person","@id":"https:\/\/diarioabcdemichoacan.com.mx\/lasnoticias\/#\/schema\/person\/0546f9c3407148f7452ca932715c5e88","name":"MB","image":{"@type":"ImageObject","inLanguage":"es","@id":"https:\/\/secure.gravatar.com\/avatar\/ac036f018f6a8431a5687a020efaf39d914da6a3fc78ce6029ab7ae29c5130e2?s=96&d=mm&r=g","url":"https:\/\/secure.gravatar.com\/avatar\/ac036f018f6a8431a5687a020efaf39d914da6a3fc78ce6029ab7ae29c5130e2?s=96&d=mm&r=g","contentUrl":"https:\/\/secure.gravatar.com\/avatar\/ac036f018f6a8431a5687a020efaf39d914da6a3fc78ce6029ab7ae29c5130e2?s=96&d=mm&r=g","caption":"MB"},"url":"https:\/\/diarioabcdemichoacan.com.mx\/lasnoticias\/author\/bomariano03\/"}]}},"_links":{"self":[{"href":"https:\/\/diarioabcdemichoacan.com.mx\/lasnoticias\/wp-json\/wp\/v2\/posts\/83898","targetHints":{"allow":["GET"]}}],"collection":[{"href":"https:\/\/diarioabcdemichoacan.com.mx\/lasnoticias\/wp-json\/wp\/v2\/posts"}],"about":[{"href":"https:\/\/diarioabcdemichoacan.com.mx\/lasnoticias\/wp-json\/wp\/v2\/types\/post"}],"author":[{"embeddable":true,"href":"https:\/\/diarioabcdemichoacan.com.mx\/lasnoticias\/wp-json\/wp\/v2\/users\/6"}],"replies":[{"embeddable":true,"href":"https:\/\/diarioabcdemichoacan.com.mx\/lasnoticias\/wp-json\/wp\/v2\/comments?post=83898"}],"version-history":[{"count":1,"href":"https:\/\/diarioabcdemichoacan.com.mx\/lasnoticias\/wp-json\/wp\/v2\/posts\/83898\/revisions"}],"predecessor-version":[{"id":83900,"href":"https:\/\/diarioabcdemichoacan.com.mx\/lasnoticias\/wp-json\/wp\/v2\/posts\/83898\/revisions\/83900"}],"wp:featuredmedia":[{"embeddable":true,"href":"https:\/\/diarioabcdemichoacan.com.mx\/lasnoticias\/wp-json\/wp\/v2\/media\/83899"}],"wp:attachment":[{"href":"https:\/\/diarioabcdemichoacan.com.mx\/lasnoticias\/wp-json\/wp\/v2\/media?parent=83898"}],"wp:term":[{"taxonomy":"category","embeddable":true,"href":"https:\/\/diarioabcdemichoacan.com.mx\/lasnoticias\/wp-json\/wp\/v2\/categories?post=83898"},{"taxonomy":"post_tag","embeddable":true,"href":"https:\/\/diarioabcdemichoacan.com.mx\/lasnoticias\/wp-json\/wp\/v2\/tags?post=83898"}],"curies":[{"name":"wp","href":"https:\/\/api.w.org\/{rel}","templated":true}]}}