{"id":83910,"date":"2026-08-12T23:26:44","date_gmt":"2026-08-13T05:26:44","guid":{"rendered":"https:\/\/diarioabcdemichoacan.com.mx\/lasnoticias\/?p=83910"},"modified":"2026-08-31T23:27:23","modified_gmt":"2026-09-01T05:27:23","slug":"ultimos-dias-para-ser-parte-de-la-primera-generacion-de-la-universidad-de-aquila","status":"publish","type":"post","link":"https:\/\/diarioabcdemichoacan.com.mx\/lasnoticias\/ultimos-dias-para-ser-parte-de-la-primera-generacion-de-la-universidad-de-aquila\/","title":{"rendered":"\u00daltimos d\u00edas para ser parte de la primera generaci\u00f3n de la Universidad de Aquila"},"content":{"rendered":"<p>El registro en l\u00ednea se puede realizar en el enlace www.uitpa.edu.mx; concluye el 14 de agosto<\/p>\n<hr \/>\n<p>Morelia, Michoac\u00e1n, 12 de agosto de 2026.- A unos d\u00edas de que concluya el plazo, el Instituto de Educaci\u00f3n Media Superior y Superior del Estado (Iemsysem) hace un llamado a las y los j\u00f3venes interesados en integrar la primera generaci\u00f3n de la Universidad Intercultural Tecnol\u00f3gica y Polit\u00e9cnica de Aquila (UITPA) a realizar su registro en l\u00ednea antes del pr\u00f3ximo 14 de agosto, para acceder a una educaci\u00f3n superior p\u00fablica, gratuita y de calidad en la regi\u00f3n Costa de Michoac\u00e1n.<\/p><div id=\"diari-1366754654\" class=\"diari-contenido diari-entity-placement\"><img loading=\"lazy\" decoding=\"async\" src=\"https:\/\/diarioabcdemichoacan.com.mx\/lasnoticias\/wp-content\/uploads\/2024\/07\/WhatsApp-Image-2024-05-07-at-10.12.40-a.m.jpeg\" alt=\"\"  srcset=\"https:\/\/diarioabcdemichoacan.com.mx\/lasnoticias\/wp-content\/uploads\/2024\/07\/WhatsApp-Image-2024-05-07-at-10.12.40-a.m.jpeg 400w, https:\/\/diarioabcdemichoacan.com.mx\/lasnoticias\/wp-content\/uploads\/2024\/07\/WhatsApp-Image-2024-05-07-at-10.12.40-a.m-150x150.jpeg 150w, https:\/\/diarioabcdemichoacan.com.mx\/lasnoticias\/wp-content\/uploads\/2024\/07\/WhatsApp-Image-2024-05-07-at-10.12.40-a.m-300x300.jpeg 300w\" sizes=\"(max-width: 400px) 100vw, 400px\" width=\"400\" height=\"400\"  style=\"display: inline-block;\" \/><\/div>\n<p>La creaci\u00f3n de la UITPA responde al objetivo de ampliar las oportunidades de educaci\u00f3n superior en la entidad con una oferta acad\u00e9mica pertinente para el desarrollo regional, se\u00f1al\u00f3 la titular del Iemsysem, Mariana Sosa Olmeda. La funcionaria record\u00f3 que la instituci\u00f3n imparte programas estrat\u00e9gicos como Ingenier\u00eda en Miner\u00eda, Ingenier\u00eda en Agricultura Sustentable y Protegida y la Licenciatura en Gastronom\u00eda, y resalt\u00f3 adem\u00e1s que el proceso de inscripci\u00f3n es completamente gratuito.<\/p>\n<p>Una vez realizado el registro en l\u00ednea, las y los aspirantes deber\u00e1n acudir a la universidad para entregar la documentaci\u00f3n requerida del 24 de agosto al 4 de septiembre. Entre los documentos solicitados se encuentran acta de nacimiento y CURP actualizadas, identificaci\u00f3n oficial, comprobante de domicilio, certificado m\u00e9dico vigente y certificado de bachillerato, en original y copia.<\/p>\n<p>A fin de facilitar la integraci\u00f3n de los expedientes, la documentaci\u00f3n deber\u00e1 entregarse en un folder del color correspondiente a la carrera elegida: verde para Ingenier\u00eda en Agricultura Sustentable y Protegida, azul para Ingenier\u00eda en Miner\u00eda y amarillo para la Licenciatura en Gastronom\u00eda, colocando el nombre completo de la o el aspirante en la pesta\u00f1a del folder.<\/p>\n<p>Para realizar su registro en l\u00ednea y formar parte de la primera generaci\u00f3n de esta nueva instituci\u00f3n, las personas interesadas deben ingresar a www.uitpa.edu.mx. Para mayor informaci\u00f3n pueden comunicarse al tel\u00e9fono (312) 299 6024, al correo contacto@uitpa.edu.mx o mediante las redes sociales oficiales de la Universidad Intercultural Tecnol\u00f3gica y Polit\u00e9cnica de Aquila.<\/p>\n","protected":false},"excerpt":{"rendered":"<p>El registro en l\u00ednea se puede realizar en el enlace www.uitpa.edu.mx; concluye el 14 de agosto Morelia, Michoac\u00e1n, 12 de agosto de 2026.- A unos d\u00edas de que concluya el plazo, el Instituto de Educaci\u00f3n Media Superior y Superior del Estado (Iemsysem) hace un llamado a las y los j\u00f3venes interesados en integrar la primera [&hellip;]<\/p>\n","protected":false},"author":6,"featured_media":83911,"comment_status":"closed","ping_status":"closed","sticky":false,"template":"","format":"standard","meta":{"footnotes":""},"categories":[15,10,17],"tags":[],"class_list":["post-83910","post","type-post","status-publish","format-standard","has-post-thumbnail","category-educacion","category-estado","category-gobierno-de-michoacan"],"yoast_head":"<!-- This site is optimized with the Yoast SEO plugin v24.0 - https:\/\/yoast.com\/wordpress\/plugins\/seo\/ -->\n<title>\u00daltimos d\u00edas para ser parte de la primera generaci\u00f3n de la Universidad de Aquila - Diario ABC de Michoac\u00e1n<\/title>\n<meta name=\"robots\" content=\"index, follow, max-snippet:-1, max-image-preview:large, max-video-preview:-1\" \/>\n<link rel=\"canonical\" href=\"https:\/\/diarioabcdemichoacan.com.mx\/lasnoticias\/ultimos-dias-para-ser-parte-de-la-primera-generacion-de-la-universidad-de-aquila\/\" \/>\n<meta property=\"og:locale\" content=\"es_ES\" \/>\n<meta property=\"og:type\" content=\"article\" \/>\n<meta property=\"og:title\" content=\"\u00daltimos d\u00edas para ser parte de la primera generaci\u00f3n de la Universidad de Aquila - Diario ABC de Michoac\u00e1n\" \/>\n<meta property=\"og:description\" content=\"El registro en l\u00ednea se puede realizar en el enlace www.uitpa.edu.mx; concluye el 14 de agosto Morelia, Michoac\u00e1n, 12 de agosto de 2026.- A unos d\u00edas de que concluya el plazo, el Instituto de Educaci\u00f3n Media Superior y Superior del Estado (Iemsysem) hace un llamado a las y los j\u00f3venes interesados en integrar la primera [&hellip;]\" \/>\n<meta property=\"og:url\" content=\"https:\/\/diarioabcdemichoacan.com.mx\/lasnoticias\/ultimos-dias-para-ser-parte-de-la-primera-generacion-de-la-universidad-de-aquila\/\" \/>\n<meta property=\"og:site_name\" content=\"Diario ABC de Michoac\u00e1n\" \/>\n<meta property=\"article:published_time\" content=\"2026-08-13T05:26:44+00:00\" \/>\n<meta property=\"article:modified_time\" content=\"2026-09-01T05:27:23+00:00\" \/>\n<meta property=\"og:image\" content=\"https:\/\/diarioabcdemichoacan.com.mx\/lasnoticias\/wp-content\/uploads\/2026\/08\/9ae322b5-6030-415f-b05d-1a096946ad3d.jpg\" \/>\n\t<meta property=\"og:image:width\" content=\"1600\" \/>\n\t<meta property=\"og:image:height\" content=\"900\" \/>\n\t<meta property=\"og:image:type\" content=\"image\/jpeg\" \/>\n<meta name=\"author\" content=\"MB\" \/>\n<meta name=\"twitter:card\" content=\"summary_large_image\" \/>\n<meta name=\"twitter:label1\" content=\"Escrito por\" \/>\n\t<meta name=\"twitter:data1\" content=\"MB\" \/>\n\t<meta name=\"twitter:label2\" content=\"Tiempo de lectura\" \/>\n\t<meta name=\"twitter:data2\" content=\"2 minutos\" \/>\n<script type=\"application\/ld+json\" class=\"yoast-schema-graph\">{\"@context\":\"https:\/\/schema.org\",\"@graph\":[{\"@type\":\"WebPage\",\"@id\":\"https:\/\/diarioabcdemichoacan.com.mx\/lasnoticias\/ultimos-dias-para-ser-parte-de-la-primera-generacion-de-la-universidad-de-aquila\/\",\"url\":\"https:\/\/diarioabcdemichoacan.com.mx\/lasnoticias\/ultimos-dias-para-ser-parte-de-la-primera-generacion-de-la-universidad-de-aquila\/\",\"name\":\"\u00daltimos d\u00edas para ser parte de la primera generaci\u00f3n de la Universidad de Aquila - Diario ABC de Michoac\u00e1n\",\"isPartOf\":{\"@id\":\"https:\/\/diarioabcdemichoacan.com.mx\/lasnoticias\/#website\"},\"primaryImageOfPage\":{\"@id\":\"https:\/\/diarioabcdemichoacan.com.mx\/lasnoticias\/ultimos-dias-para-ser-parte-de-la-primera-generacion-de-la-universidad-de-aquila\/#primaryimage\"},\"image\":{\"@id\":\"https:\/\/diarioabcdemichoacan.com.mx\/lasnoticias\/ultimos-dias-para-ser-parte-de-la-primera-generacion-de-la-universidad-de-aquila\/#primaryimage\"},\"thumbnailUrl\":\"https:\/\/diarioabcdemichoacan.com.mx\/lasnoticias\/wp-content\/uploads\/2026\/08\/9ae322b5-6030-415f-b05d-1a096946ad3d.jpg\",\"datePublished\":\"2026-08-13T05:26:44+00:00\",\"dateModified\":\"2026-09-01T05:27:23+00:00\",\"author\":{\"@id\":\"https:\/\/diarioabcdemichoacan.com.mx\/lasnoticias\/#\/schema\/person\/0546f9c3407148f7452ca932715c5e88\"},\"breadcrumb\":{\"@id\":\"https:\/\/diarioabcdemichoacan.com.mx\/lasnoticias\/ultimos-dias-para-ser-parte-de-la-primera-generacion-de-la-universidad-de-aquila\/#breadcrumb\"},\"inLanguage\":\"es\",\"potentialAction\":[{\"@type\":\"ReadAction\",\"target\":[\"https:\/\/diarioabcdemichoacan.com.mx\/lasnoticias\/ultimos-dias-para-ser-parte-de-la-primera-generacion-de-la-universidad-de-aquila\/\"]}]},{\"@type\":\"ImageObject\",\"inLanguage\":\"es\",\"@id\":\"https:\/\/diarioabcdemichoacan.com.mx\/lasnoticias\/ultimos-dias-para-ser-parte-de-la-primera-generacion-de-la-universidad-de-aquila\/#primaryimage\",\"url\":\"https:\/\/diarioabcdemichoacan.com.mx\/lasnoticias\/wp-content\/uploads\/2026\/08\/9ae322b5-6030-415f-b05d-1a096946ad3d.jpg\",\"contentUrl\":\"https:\/\/diarioabcdemichoacan.com.mx\/lasnoticias\/wp-content\/uploads\/2026\/08\/9ae322b5-6030-415f-b05d-1a096946ad3d.jpg\",\"width\":1600,\"height\":900},{\"@type\":\"BreadcrumbList\",\"@id\":\"https:\/\/diarioabcdemichoacan.com.mx\/lasnoticias\/ultimos-dias-para-ser-parte-de-la-primera-generacion-de-la-universidad-de-aquila\/#breadcrumb\",\"itemListElement\":[{\"@type\":\"ListItem\",\"position\":1,\"name\":\"Portada\",\"item\":\"https:\/\/diarioabcdemichoacan.com.mx\/lasnoticias\/\"},{\"@type\":\"ListItem\",\"position\":2,\"name\":\"\u00daltimos d\u00edas para ser parte de la primera generaci\u00f3n de la Universidad de Aquila\"}]},{\"@type\":\"WebSite\",\"@id\":\"https:\/\/diarioabcdemichoacan.com.mx\/lasnoticias\/#website\",\"url\":\"https:\/\/diarioabcdemichoacan.com.mx\/lasnoticias\/\",\"name\":\"Diario ABC de Michoac\u00e1n\",\"description\":\"Las noticias al momento\",\"potentialAction\":[{\"@type\":\"SearchAction\",\"target\":{\"@type\":\"EntryPoint\",\"urlTemplate\":\"https:\/\/diarioabcdemichoacan.com.mx\/lasnoticias\/?s={search_term_string}\"},\"query-input\":{\"@type\":\"PropertyValueSpecification\",\"valueRequired\":true,\"valueName\":\"search_term_string\"}}],\"inLanguage\":\"es\"},{\"@type\":\"Person\",\"@id\":\"https:\/\/diarioabcdemichoacan.com.mx\/lasnoticias\/#\/schema\/person\/0546f9c3407148f7452ca932715c5e88\",\"name\":\"MB\",\"image\":{\"@type\":\"ImageObject\",\"inLanguage\":\"es\",\"@id\":\"https:\/\/diarioabcdemichoacan.com.mx\/lasnoticias\/#\/schema\/person\/image\/\",\"url\":\"https:\/\/secure.gravatar.com\/avatar\/ac036f018f6a8431a5687a020efaf39d914da6a3fc78ce6029ab7ae29c5130e2?s=96&d=mm&r=g\",\"contentUrl\":\"https:\/\/secure.gravatar.com\/avatar\/ac036f018f6a8431a5687a020efaf39d914da6a3fc78ce6029ab7ae29c5130e2?s=96&d=mm&r=g\",\"caption\":\"MB\"},\"url\":\"https:\/\/diarioabcdemichoacan.com.mx\/lasnoticias\/author\/bomariano03\/\"}]}<\/script>\n<!-- \/ Yoast SEO plugin. -->","yoast_head_json":{"title":"\u00daltimos d\u00edas para ser parte de la primera generaci\u00f3n de la Universidad de Aquila - Diario ABC de Michoac\u00e1n","robots":{"index":"index","follow":"follow","max-snippet":"max-snippet:-1","max-image-preview":"max-image-preview:large","max-video-preview":"max-video-preview:-1"},"canonical":"https:\/\/diarioabcdemichoacan.com.mx\/lasnoticias\/ultimos-dias-para-ser-parte-de-la-primera-generacion-de-la-universidad-de-aquila\/","og_locale":"es_ES","og_type":"article","og_title":"\u00daltimos d\u00edas para ser parte de la primera generaci\u00f3n de la Universidad de Aquila - Diario ABC de Michoac\u00e1n","og_description":"El registro en l\u00ednea se puede realizar en el enlace www.uitpa.edu.mx; concluye el 14 de agosto Morelia, Michoac\u00e1n, 12 de agosto de 2026.- A unos d\u00edas de que concluya el plazo, el Instituto de Educaci\u00f3n Media Superior y Superior del Estado (Iemsysem) hace un llamado a las y los j\u00f3venes interesados en integrar la primera [&hellip;]","og_url":"https:\/\/diarioabcdemichoacan.com.mx\/lasnoticias\/ultimos-dias-para-ser-parte-de-la-primera-generacion-de-la-universidad-de-aquila\/","og_site_name":"Diario ABC de Michoac\u00e1n","article_published_time":"2026-08-13T05:26:44+00:00","article_modified_time":"2026-09-01T05:27:23+00:00","og_image":[{"width":1600,"height":900,"url":"https:\/\/diarioabcdemichoacan.com.mx\/lasnoticias\/wp-content\/uploads\/2026\/08\/9ae322b5-6030-415f-b05d-1a096946ad3d.jpg","type":"image\/jpeg"}],"author":"MB","twitter_card":"summary_large_image","twitter_misc":{"Escrito por":"MB","Tiempo de lectura":"2 minutos"},"schema":{"@context":"https:\/\/schema.org","@graph":[{"@type":"WebPage","@id":"https:\/\/diarioabcdemichoacan.com.mx\/lasnoticias\/ultimos-dias-para-ser-parte-de-la-primera-generacion-de-la-universidad-de-aquila\/","url":"https:\/\/diarioabcdemichoacan.com.mx\/lasnoticias\/ultimos-dias-para-ser-parte-de-la-primera-generacion-de-la-universidad-de-aquila\/","name":"\u00daltimos d\u00edas para ser parte de la primera generaci\u00f3n de la Universidad de Aquila - Diario ABC de Michoac\u00e1n","isPartOf":{"@id":"https:\/\/diarioabcdemichoacan.com.mx\/lasnoticias\/#website"},"primaryImageOfPage":{"@id":"https:\/\/diarioabcdemichoacan.com.mx\/lasnoticias\/ultimos-dias-para-ser-parte-de-la-primera-generacion-de-la-universidad-de-aquila\/#primaryimage"},"image":{"@id":"https:\/\/diarioabcdemichoacan.com.mx\/lasnoticias\/ultimos-dias-para-ser-parte-de-la-primera-generacion-de-la-universidad-de-aquila\/#primaryimage"},"thumbnailUrl":"https:\/\/diarioabcdemichoacan.com.mx\/lasnoticias\/wp-content\/uploads\/2026\/08\/9ae322b5-6030-415f-b05d-1a096946ad3d.jpg","datePublished":"2026-08-13T05:26:44+00:00","dateModified":"2026-09-01T05:27:23+00:00","author":{"@id":"https:\/\/diarioabcdemichoacan.com.mx\/lasnoticias\/#\/schema\/person\/0546f9c3407148f7452ca932715c5e88"},"breadcrumb":{"@id":"https:\/\/diarioabcdemichoacan.com.mx\/lasnoticias\/ultimos-dias-para-ser-parte-de-la-primera-generacion-de-la-universidad-de-aquila\/#breadcrumb"},"inLanguage":"es","potentialAction":[{"@type":"ReadAction","target":["https:\/\/diarioabcdemichoacan.com.mx\/lasnoticias\/ultimos-dias-para-ser-parte-de-la-primera-generacion-de-la-universidad-de-aquila\/"]}]},{"@type":"ImageObject","inLanguage":"es","@id":"https:\/\/diarioabcdemichoacan.com.mx\/lasnoticias\/ultimos-dias-para-ser-parte-de-la-primera-generacion-de-la-universidad-de-aquila\/#primaryimage","url":"https:\/\/diarioabcdemichoacan.com.mx\/lasnoticias\/wp-content\/uploads\/2026\/08\/9ae322b5-6030-415f-b05d-1a096946ad3d.jpg","contentUrl":"https:\/\/diarioabcdemichoacan.com.mx\/lasnoticias\/wp-content\/uploads\/2026\/08\/9ae322b5-6030-415f-b05d-1a096946ad3d.jpg","width":1600,"height":900},{"@type":"BreadcrumbList","@id":"https:\/\/diarioabcdemichoacan.com.mx\/lasnoticias\/ultimos-dias-para-ser-parte-de-la-primera-generacion-de-la-universidad-de-aquila\/#breadcrumb","itemListElement":[{"@type":"ListItem","position":1,"name":"Portada","item":"https:\/\/diarioabcdemichoacan.com.mx\/lasnoticias\/"},{"@type":"ListItem","position":2,"name":"\u00daltimos d\u00edas para ser parte de la primera generaci\u00f3n de la Universidad de Aquila"}]},{"@type":"WebSite","@id":"https:\/\/diarioabcdemichoacan.com.mx\/lasnoticias\/#website","url":"https:\/\/diarioabcdemichoacan.com.mx\/lasnoticias\/","name":"Diario ABC de Michoac\u00e1n","description":"Las noticias al momento","potentialAction":[{"@type":"SearchAction","target":{"@type":"EntryPoint","urlTemplate":"https:\/\/diarioabcdemichoacan.com.mx\/lasnoticias\/?s={search_term_string}"},"query-input":{"@type":"PropertyValueSpecification","valueRequired":true,"valueName":"search_term_string"}}],"inLanguage":"es"},{"@type":"Person","@id":"https:\/\/diarioabcdemichoacan.com.mx\/lasnoticias\/#\/schema\/person\/0546f9c3407148f7452ca932715c5e88","name":"MB","image":{"@type":"ImageObject","inLanguage":"es","@id":"https:\/\/diarioabcdemichoacan.com.mx\/lasnoticias\/#\/schema\/person\/image\/","url":"https:\/\/secure.gravatar.com\/avatar\/ac036f018f6a8431a5687a020efaf39d914da6a3fc78ce6029ab7ae29c5130e2?s=96&d=mm&r=g","contentUrl":"https:\/\/secure.gravatar.com\/avatar\/ac036f018f6a8431a5687a020efaf39d914da6a3fc78ce6029ab7ae29c5130e2?s=96&d=mm&r=g","caption":"MB"},"url":"https:\/\/diarioabcdemichoacan.com.mx\/lasnoticias\/author\/bomariano03\/"}]}},"_links":{"self":[{"href":"https:\/\/diarioabcdemichoacan.com.mx\/lasnoticias\/wp-json\/wp\/v2\/posts\/83910","targetHints":{"allow":["GET"]}}],"collection":[{"href":"https:\/\/diarioabcdemichoacan.com.mx\/lasnoticias\/wp-json\/wp\/v2\/posts"}],"about":[{"href":"https:\/\/diarioabcdemichoacan.com.mx\/lasnoticias\/wp-json\/wp\/v2\/types\/post"}],"author":[{"embeddable":true,"href":"https:\/\/diarioabcdemichoacan.com.mx\/lasnoticias\/wp-json\/wp\/v2\/users\/6"}],"replies":[{"embeddable":true,"href":"https:\/\/diarioabcdemichoacan.com.mx\/lasnoticias\/wp-json\/wp\/v2\/comments?post=83910"}],"version-history":[{"count":1,"href":"https:\/\/diarioabcdemichoacan.com.mx\/lasnoticias\/wp-json\/wp\/v2\/posts\/83910\/revisions"}],"predecessor-version":[{"id":83912,"href":"https:\/\/diarioabcdemichoacan.com.mx\/lasnoticias\/wp-json\/wp\/v2\/posts\/83910\/revisions\/83912"}],"wp:featuredmedia":[{"embeddable":true,"href":"https:\/\/diarioabcdemichoacan.com.mx\/lasnoticias\/wp-json\/wp\/v2\/media\/83911"}],"wp:attachment":[{"href":"https:\/\/diarioabcdemichoacan.com.mx\/lasnoticias\/wp-json\/wp\/v2\/media?parent=83910"}],"wp:term":[{"taxonomy":"category","embeddable":true,"href":"https:\/\/diarioabcdemichoacan.com.mx\/lasnoticias\/wp-json\/wp\/v2\/categories?post=83910"},{"taxonomy":"post_tag","embeddable":true,"href":"https:\/\/diarioabcdemichoacan.com.mx\/lasnoticias\/wp-json\/wp\/v2\/tags?post=83910"}],"curies":[{"name":"wp","href":"https:\/\/api.w.org\/{rel}","templated":true}]}}