{"id":83928,"date":"2026-08-11T23:31:55","date_gmt":"2026-08-12T05:31:55","guid":{"rendered":"https:\/\/diarioabcdemichoacan.com.mx\/lasnoticias\/?p=83928"},"modified":"2026-08-31T23:32:24","modified_gmt":"2026-09-01T05:32:24","slug":"teleferico-de-morelia-concluye-empalme-del-cable-portador-avanza-hacia-pruebas-electromecanicas","status":"publish","type":"post","link":"https:\/\/diarioabcdemichoacan.com.mx\/lasnoticias\/teleferico-de-morelia-concluye-empalme-del-cable-portador-avanza-hacia-pruebas-electromecanicas\/","title":{"rendered":"Telef\u00e9rico de Morelia concluye empalme del cable portador; avanza hacia pruebas electromec\u00e1nicas"},"content":{"rendered":"<p>Un paso clave para completar su montaje y tensado en el sistema electromec\u00e1nico de la Estaci\u00f3n 1<\/p>\n<hr \/>\n<p>Morelia, Michoac\u00e1n, 11 de agosto de 2026.- El telef\u00e9rico de Morelia concluy\u00f3 el proceso de colocaci\u00f3n y empalme del cable portador, inform\u00f3 la titular de la Secretar\u00eda de Desarrollo Urbano y Movilidad (Sedum), Mar\u00eda Elena Huerta. Este procedimiento permitir\u00e1 continuar con su montaje sobre el sistema electromec\u00e1nico de la Estaci\u00f3n 1, ubicada en el Estadio Morelos.<\/p><div id=\"diari-3808598928\" class=\"diari-contenido diari-entity-placement\"><img loading=\"lazy\" decoding=\"async\" src=\"https:\/\/diarioabcdemichoacan.com.mx\/lasnoticias\/wp-content\/uploads\/2024\/07\/WhatsApp-Image-2024-05-07-at-10.12.40-a.m.jpeg\" alt=\"\"  srcset=\"https:\/\/diarioabcdemichoacan.com.mx\/lasnoticias\/wp-content\/uploads\/2024\/07\/WhatsApp-Image-2024-05-07-at-10.12.40-a.m.jpeg 400w, https:\/\/diarioabcdemichoacan.com.mx\/lasnoticias\/wp-content\/uploads\/2024\/07\/WhatsApp-Image-2024-05-07-at-10.12.40-a.m-150x150.jpeg 150w, https:\/\/diarioabcdemichoacan.com.mx\/lasnoticias\/wp-content\/uploads\/2024\/07\/WhatsApp-Image-2024-05-07-at-10.12.40-a.m-300x300.jpeg 300w\" sizes=\"(max-width: 400px) 100vw, 400px\" width=\"400\" height=\"400\"  style=\"display: inline-block;\" \/><\/div>\n<p>Para realizar la instalaci\u00f3n, previamente se tendi\u00f3 el cable gu\u00eda que permite conducir y posicionar el cable portador. Posteriormente, mediante equipo especializado, este \u00faltimo se jal\u00f3 de manera controlada por encima de las 20 torres que conforman el bucle norte, cruzando las estaciones Estadio, Eduardo Ru\u00edz, Primo Tapia y Obelisco.<\/p>\n<p>Una vez realizado el empalme de sus extremos, el cable conforma un circuito continuo de aproximadamente siete kil\u00f3metros, que deber\u00e1 ser colocado y ajustado sobre los componentes electromec\u00e1nicos de la Estaci\u00f3n 1. Posteriormente se realizar\u00e1 el tensado, proceso necesario para establecer las condiciones adecuadas de operaci\u00f3n y desplazamiento de las cabinas a lo largo de la l\u00ednea.<\/p>\n<p>Con estos trabajos concluidos, el proyecto avanza hacia la etapa de ajustes y pruebas electromec\u00e1nicas, en la que se revisar\u00e1 el funcionamiento de los sistemas mec\u00e1nicos, el\u00e9ctricos, de control y seguridad. Estas verificaciones son fundamentales para garantizar que cada componente opere conforme a los par\u00e1metros t\u00e9cnicos establecidos antes de avanzar hacia las certificaciones correspondientes.<\/p>\n<p>La titular de la Sedum, Mar\u00eda Elena Huerta, destac\u00f3 que, de manera paralela, contin\u00faan los trabajos en los distintos frentes de la obra, con el objetivo de completar la infraestructura y los sistemas que integrar\u00e1n este medio de transporte. Se\u00f1al\u00f3 que cada etapa debe cumplir con los procesos t\u00e9cnicos y de seguridad necesarios para ofrecer un servicio confiable a las y los morelianos.<\/p>\n<p>Con la colocaci\u00f3n del cable portador y el avance hacia las pruebas electromec\u00e1nicas, el telef\u00e9rico de Morelia se acerca a su puesta en operaci\u00f3n, consolidando una alternativa de movilidad que permitir\u00e1 conectar distintos puntos de la ciudad y facilitar los traslados de miles de personas.<\/p>\n","protected":false},"excerpt":{"rendered":"<p>Un paso clave para completar su montaje y tensado en el sistema electromec\u00e1nico de la Estaci\u00f3n 1 Morelia, Michoac\u00e1n, 11 de agosto de 2026.- El telef\u00e9rico de Morelia concluy\u00f3 el proceso de colocaci\u00f3n y empalme del cable portador, inform\u00f3 la titular de la Secretar\u00eda de Desarrollo Urbano y Movilidad (Sedum), Mar\u00eda Elena Huerta. Este procedimiento [&hellip;]<\/p>\n","protected":false},"author":6,"featured_media":83929,"comment_status":"closed","ping_status":"closed","sticky":false,"template":"","format":"standard","meta":{"footnotes":""},"categories":[10,17],"tags":[],"class_list":["post-83928","post","type-post","status-publish","format-standard","has-post-thumbnail","category-estado","category-gobierno-de-michoacan"],"yoast_head":"<!-- This site is optimized with the Yoast SEO plugin v24.0 - https:\/\/yoast.com\/wordpress\/plugins\/seo\/ -->\n<title>Telef\u00e9rico de Morelia concluye empalme del cable portador; avanza hacia pruebas electromec\u00e1nicas - Diario ABC de Michoac\u00e1n<\/title>\n<meta name=\"robots\" content=\"index, follow, max-snippet:-1, max-image-preview:large, max-video-preview:-1\" \/>\n<link rel=\"canonical\" href=\"https:\/\/diarioabcdemichoacan.com.mx\/lasnoticias\/teleferico-de-morelia-concluye-empalme-del-cable-portador-avanza-hacia-pruebas-electromecanicas\/\" \/>\n<meta property=\"og:locale\" content=\"es_ES\" \/>\n<meta property=\"og:type\" content=\"article\" \/>\n<meta property=\"og:title\" content=\"Telef\u00e9rico de Morelia concluye empalme del cable portador; avanza hacia pruebas electromec\u00e1nicas - Diario ABC de Michoac\u00e1n\" \/>\n<meta property=\"og:description\" content=\"Un paso clave para completar su montaje y tensado en el sistema electromec\u00e1nico de la Estaci\u00f3n 1 Morelia, Michoac\u00e1n, 11 de agosto de 2026.- El telef\u00e9rico de Morelia concluy\u00f3 el proceso de colocaci\u00f3n y empalme del cable portador, inform\u00f3 la titular de la Secretar\u00eda de Desarrollo Urbano y Movilidad (Sedum), Mar\u00eda Elena Huerta. Este procedimiento [&hellip;]\" \/>\n<meta property=\"og:url\" content=\"https:\/\/diarioabcdemichoacan.com.mx\/lasnoticias\/teleferico-de-morelia-concluye-empalme-del-cable-portador-avanza-hacia-pruebas-electromecanicas\/\" \/>\n<meta property=\"og:site_name\" content=\"Diario ABC de Michoac\u00e1n\" \/>\n<meta property=\"article:published_time\" content=\"2026-08-12T05:31:55+00:00\" \/>\n<meta property=\"article:modified_time\" content=\"2026-09-01T05:32:24+00:00\" \/>\n<meta property=\"og:image\" content=\"https:\/\/diarioabcdemichoacan.com.mx\/lasnoticias\/wp-content\/uploads\/2026\/08\/4153ae8b-1dc6-4074-9b16-3a83e5bba7ab.jpg\" \/>\n\t<meta property=\"og:image:width\" content=\"1600\" \/>\n\t<meta property=\"og:image:height\" content=\"1066\" \/>\n\t<meta property=\"og:image:type\" content=\"image\/jpeg\" \/>\n<meta name=\"author\" content=\"MB\" \/>\n<meta name=\"twitter:card\" content=\"summary_large_image\" \/>\n<meta name=\"twitter:label1\" content=\"Escrito por\" \/>\n\t<meta name=\"twitter:data1\" content=\"MB\" \/>\n\t<meta name=\"twitter:label2\" content=\"Tiempo de lectura\" \/>\n\t<meta name=\"twitter:data2\" content=\"2 minutos\" \/>\n<script type=\"application\/ld+json\" class=\"yoast-schema-graph\">{\"@context\":\"https:\/\/schema.org\",\"@graph\":[{\"@type\":\"WebPage\",\"@id\":\"https:\/\/diarioabcdemichoacan.com.mx\/lasnoticias\/teleferico-de-morelia-concluye-empalme-del-cable-portador-avanza-hacia-pruebas-electromecanicas\/\",\"url\":\"https:\/\/diarioabcdemichoacan.com.mx\/lasnoticias\/teleferico-de-morelia-concluye-empalme-del-cable-portador-avanza-hacia-pruebas-electromecanicas\/\",\"name\":\"Telef\u00e9rico de Morelia concluye empalme del cable portador; avanza hacia pruebas electromec\u00e1nicas - Diario ABC de Michoac\u00e1n\",\"isPartOf\":{\"@id\":\"https:\/\/diarioabcdemichoacan.com.mx\/lasnoticias\/#website\"},\"primaryImageOfPage\":{\"@id\":\"https:\/\/diarioabcdemichoacan.com.mx\/lasnoticias\/teleferico-de-morelia-concluye-empalme-del-cable-portador-avanza-hacia-pruebas-electromecanicas\/#primaryimage\"},\"image\":{\"@id\":\"https:\/\/diarioabcdemichoacan.com.mx\/lasnoticias\/teleferico-de-morelia-concluye-empalme-del-cable-portador-avanza-hacia-pruebas-electromecanicas\/#primaryimage\"},\"thumbnailUrl\":\"https:\/\/diarioabcdemichoacan.com.mx\/lasnoticias\/wp-content\/uploads\/2026\/08\/4153ae8b-1dc6-4074-9b16-3a83e5bba7ab.jpg\",\"datePublished\":\"2026-08-12T05:31:55+00:00\",\"dateModified\":\"2026-09-01T05:32:24+00:00\",\"author\":{\"@id\":\"https:\/\/diarioabcdemichoacan.com.mx\/lasnoticias\/#\/schema\/person\/0546f9c3407148f7452ca932715c5e88\"},\"breadcrumb\":{\"@id\":\"https:\/\/diarioabcdemichoacan.com.mx\/lasnoticias\/teleferico-de-morelia-concluye-empalme-del-cable-portador-avanza-hacia-pruebas-electromecanicas\/#breadcrumb\"},\"inLanguage\":\"es\",\"potentialAction\":[{\"@type\":\"ReadAction\",\"target\":[\"https:\/\/diarioabcdemichoacan.com.mx\/lasnoticias\/teleferico-de-morelia-concluye-empalme-del-cable-portador-avanza-hacia-pruebas-electromecanicas\/\"]}]},{\"@type\":\"ImageObject\",\"inLanguage\":\"es\",\"@id\":\"https:\/\/diarioabcdemichoacan.com.mx\/lasnoticias\/teleferico-de-morelia-concluye-empalme-del-cable-portador-avanza-hacia-pruebas-electromecanicas\/#primaryimage\",\"url\":\"https:\/\/diarioabcdemichoacan.com.mx\/lasnoticias\/wp-content\/uploads\/2026\/08\/4153ae8b-1dc6-4074-9b16-3a83e5bba7ab.jpg\",\"contentUrl\":\"https:\/\/diarioabcdemichoacan.com.mx\/lasnoticias\/wp-content\/uploads\/2026\/08\/4153ae8b-1dc6-4074-9b16-3a83e5bba7ab.jpg\",\"width\":1600,\"height\":1066},{\"@type\":\"BreadcrumbList\",\"@id\":\"https:\/\/diarioabcdemichoacan.com.mx\/lasnoticias\/teleferico-de-morelia-concluye-empalme-del-cable-portador-avanza-hacia-pruebas-electromecanicas\/#breadcrumb\",\"itemListElement\":[{\"@type\":\"ListItem\",\"position\":1,\"name\":\"Portada\",\"item\":\"https:\/\/diarioabcdemichoacan.com.mx\/lasnoticias\/\"},{\"@type\":\"ListItem\",\"position\":2,\"name\":\"Telef\u00e9rico de Morelia concluye empalme del cable portador; avanza hacia pruebas electromec\u00e1nicas\"}]},{\"@type\":\"WebSite\",\"@id\":\"https:\/\/diarioabcdemichoacan.com.mx\/lasnoticias\/#website\",\"url\":\"https:\/\/diarioabcdemichoacan.com.mx\/lasnoticias\/\",\"name\":\"Diario ABC de Michoac\u00e1n\",\"description\":\"Las noticias al momento\",\"potentialAction\":[{\"@type\":\"SearchAction\",\"target\":{\"@type\":\"EntryPoint\",\"urlTemplate\":\"https:\/\/diarioabcdemichoacan.com.mx\/lasnoticias\/?s={search_term_string}\"},\"query-input\":{\"@type\":\"PropertyValueSpecification\",\"valueRequired\":true,\"valueName\":\"search_term_string\"}}],\"inLanguage\":\"es\"},{\"@type\":\"Person\",\"@id\":\"https:\/\/diarioabcdemichoacan.com.mx\/lasnoticias\/#\/schema\/person\/0546f9c3407148f7452ca932715c5e88\",\"name\":\"MB\",\"image\":{\"@type\":\"ImageObject\",\"inLanguage\":\"es\",\"@id\":\"https:\/\/diarioabcdemichoacan.com.mx\/lasnoticias\/#\/schema\/person\/image\/\",\"url\":\"https:\/\/secure.gravatar.com\/avatar\/ac036f018f6a8431a5687a020efaf39d914da6a3fc78ce6029ab7ae29c5130e2?s=96&d=mm&r=g\",\"contentUrl\":\"https:\/\/secure.gravatar.com\/avatar\/ac036f018f6a8431a5687a020efaf39d914da6a3fc78ce6029ab7ae29c5130e2?s=96&d=mm&r=g\",\"caption\":\"MB\"},\"url\":\"https:\/\/diarioabcdemichoacan.com.mx\/lasnoticias\/author\/bomariano03\/\"}]}<\/script>\n<!-- \/ Yoast SEO plugin. -->","yoast_head_json":{"title":"Telef\u00e9rico de Morelia concluye empalme del cable portador; avanza hacia pruebas electromec\u00e1nicas - Diario ABC de Michoac\u00e1n","robots":{"index":"index","follow":"follow","max-snippet":"max-snippet:-1","max-image-preview":"max-image-preview:large","max-video-preview":"max-video-preview:-1"},"canonical":"https:\/\/diarioabcdemichoacan.com.mx\/lasnoticias\/teleferico-de-morelia-concluye-empalme-del-cable-portador-avanza-hacia-pruebas-electromecanicas\/","og_locale":"es_ES","og_type":"article","og_title":"Telef\u00e9rico de Morelia concluye empalme del cable portador; avanza hacia pruebas electromec\u00e1nicas - Diario ABC de Michoac\u00e1n","og_description":"Un paso clave para completar su montaje y tensado en el sistema electromec\u00e1nico de la Estaci\u00f3n 1 Morelia, Michoac\u00e1n, 11 de agosto de 2026.- El telef\u00e9rico de Morelia concluy\u00f3 el proceso de colocaci\u00f3n y empalme del cable portador, inform\u00f3 la titular de la Secretar\u00eda de Desarrollo Urbano y Movilidad (Sedum), Mar\u00eda Elena Huerta. Este procedimiento [&hellip;]","og_url":"https:\/\/diarioabcdemichoacan.com.mx\/lasnoticias\/teleferico-de-morelia-concluye-empalme-del-cable-portador-avanza-hacia-pruebas-electromecanicas\/","og_site_name":"Diario ABC de Michoac\u00e1n","article_published_time":"2026-08-12T05:31:55+00:00","article_modified_time":"2026-09-01T05:32:24+00:00","og_image":[{"width":1600,"height":1066,"url":"https:\/\/diarioabcdemichoacan.com.mx\/lasnoticias\/wp-content\/uploads\/2026\/08\/4153ae8b-1dc6-4074-9b16-3a83e5bba7ab.jpg","type":"image\/jpeg"}],"author":"MB","twitter_card":"summary_large_image","twitter_misc":{"Escrito por":"MB","Tiempo de lectura":"2 minutos"},"schema":{"@context":"https:\/\/schema.org","@graph":[{"@type":"WebPage","@id":"https:\/\/diarioabcdemichoacan.com.mx\/lasnoticias\/teleferico-de-morelia-concluye-empalme-del-cable-portador-avanza-hacia-pruebas-electromecanicas\/","url":"https:\/\/diarioabcdemichoacan.com.mx\/lasnoticias\/teleferico-de-morelia-concluye-empalme-del-cable-portador-avanza-hacia-pruebas-electromecanicas\/","name":"Telef\u00e9rico de Morelia concluye empalme del cable portador; avanza hacia pruebas electromec\u00e1nicas - Diario ABC de Michoac\u00e1n","isPartOf":{"@id":"https:\/\/diarioabcdemichoacan.com.mx\/lasnoticias\/#website"},"primaryImageOfPage":{"@id":"https:\/\/diarioabcdemichoacan.com.mx\/lasnoticias\/teleferico-de-morelia-concluye-empalme-del-cable-portador-avanza-hacia-pruebas-electromecanicas\/#primaryimage"},"image":{"@id":"https:\/\/diarioabcdemichoacan.com.mx\/lasnoticias\/teleferico-de-morelia-concluye-empalme-del-cable-portador-avanza-hacia-pruebas-electromecanicas\/#primaryimage"},"thumbnailUrl":"https:\/\/diarioabcdemichoacan.com.mx\/lasnoticias\/wp-content\/uploads\/2026\/08\/4153ae8b-1dc6-4074-9b16-3a83e5bba7ab.jpg","datePublished":"2026-08-12T05:31:55+00:00","dateModified":"2026-09-01T05:32:24+00:00","author":{"@id":"https:\/\/diarioabcdemichoacan.com.mx\/lasnoticias\/#\/schema\/person\/0546f9c3407148f7452ca932715c5e88"},"breadcrumb":{"@id":"https:\/\/diarioabcdemichoacan.com.mx\/lasnoticias\/teleferico-de-morelia-concluye-empalme-del-cable-portador-avanza-hacia-pruebas-electromecanicas\/#breadcrumb"},"inLanguage":"es","potentialAction":[{"@type":"ReadAction","target":["https:\/\/diarioabcdemichoacan.com.mx\/lasnoticias\/teleferico-de-morelia-concluye-empalme-del-cable-portador-avanza-hacia-pruebas-electromecanicas\/"]}]},{"@type":"ImageObject","inLanguage":"es","@id":"https:\/\/diarioabcdemichoacan.com.mx\/lasnoticias\/teleferico-de-morelia-concluye-empalme-del-cable-portador-avanza-hacia-pruebas-electromecanicas\/#primaryimage","url":"https:\/\/diarioabcdemichoacan.com.mx\/lasnoticias\/wp-content\/uploads\/2026\/08\/4153ae8b-1dc6-4074-9b16-3a83e5bba7ab.jpg","contentUrl":"https:\/\/diarioabcdemichoacan.com.mx\/lasnoticias\/wp-content\/uploads\/2026\/08\/4153ae8b-1dc6-4074-9b16-3a83e5bba7ab.jpg","width":1600,"height":1066},{"@type":"BreadcrumbList","@id":"https:\/\/diarioabcdemichoacan.com.mx\/lasnoticias\/teleferico-de-morelia-concluye-empalme-del-cable-portador-avanza-hacia-pruebas-electromecanicas\/#breadcrumb","itemListElement":[{"@type":"ListItem","position":1,"name":"Portada","item":"https:\/\/diarioabcdemichoacan.com.mx\/lasnoticias\/"},{"@type":"ListItem","position":2,"name":"Telef\u00e9rico de Morelia concluye empalme del cable portador; avanza hacia pruebas electromec\u00e1nicas"}]},{"@type":"WebSite","@id":"https:\/\/diarioabcdemichoacan.com.mx\/lasnoticias\/#website","url":"https:\/\/diarioabcdemichoacan.com.mx\/lasnoticias\/","name":"Diario ABC de Michoac\u00e1n","description":"Las noticias al momento","potentialAction":[{"@type":"SearchAction","target":{"@type":"EntryPoint","urlTemplate":"https:\/\/diarioabcdemichoacan.com.mx\/lasnoticias\/?s={search_term_string}"},"query-input":{"@type":"PropertyValueSpecification","valueRequired":true,"valueName":"search_term_string"}}],"inLanguage":"es"},{"@type":"Person","@id":"https:\/\/diarioabcdemichoacan.com.mx\/lasnoticias\/#\/schema\/person\/0546f9c3407148f7452ca932715c5e88","name":"MB","image":{"@type":"ImageObject","inLanguage":"es","@id":"https:\/\/diarioabcdemichoacan.com.mx\/lasnoticias\/#\/schema\/person\/image\/","url":"https:\/\/secure.gravatar.com\/avatar\/ac036f018f6a8431a5687a020efaf39d914da6a3fc78ce6029ab7ae29c5130e2?s=96&d=mm&r=g","contentUrl":"https:\/\/secure.gravatar.com\/avatar\/ac036f018f6a8431a5687a020efaf39d914da6a3fc78ce6029ab7ae29c5130e2?s=96&d=mm&r=g","caption":"MB"},"url":"https:\/\/diarioabcdemichoacan.com.mx\/lasnoticias\/author\/bomariano03\/"}]}},"_links":{"self":[{"href":"https:\/\/diarioabcdemichoacan.com.mx\/lasnoticias\/wp-json\/wp\/v2\/posts\/83928","targetHints":{"allow":["GET"]}}],"collection":[{"href":"https:\/\/diarioabcdemichoacan.com.mx\/lasnoticias\/wp-json\/wp\/v2\/posts"}],"about":[{"href":"https:\/\/diarioabcdemichoacan.com.mx\/lasnoticias\/wp-json\/wp\/v2\/types\/post"}],"author":[{"embeddable":true,"href":"https:\/\/diarioabcdemichoacan.com.mx\/lasnoticias\/wp-json\/wp\/v2\/users\/6"}],"replies":[{"embeddable":true,"href":"https:\/\/diarioabcdemichoacan.com.mx\/lasnoticias\/wp-json\/wp\/v2\/comments?post=83928"}],"version-history":[{"count":1,"href":"https:\/\/diarioabcdemichoacan.com.mx\/lasnoticias\/wp-json\/wp\/v2\/posts\/83928\/revisions"}],"predecessor-version":[{"id":83930,"href":"https:\/\/diarioabcdemichoacan.com.mx\/lasnoticias\/wp-json\/wp\/v2\/posts\/83928\/revisions\/83930"}],"wp:featuredmedia":[{"embeddable":true,"href":"https:\/\/diarioabcdemichoacan.com.mx\/lasnoticias\/wp-json\/wp\/v2\/media\/83929"}],"wp:attachment":[{"href":"https:\/\/diarioabcdemichoacan.com.mx\/lasnoticias\/wp-json\/wp\/v2\/media?parent=83928"}],"wp:term":[{"taxonomy":"category","embeddable":true,"href":"https:\/\/diarioabcdemichoacan.com.mx\/lasnoticias\/wp-json\/wp\/v2\/categories?post=83928"},{"taxonomy":"post_tag","embeddable":true,"href":"https:\/\/diarioabcdemichoacan.com.mx\/lasnoticias\/wp-json\/wp\/v2\/tags?post=83928"}],"curies":[{"name":"wp","href":"https:\/\/api.w.org\/{rel}","templated":true}]}}