{"id":83992,"date":"2026-08-07T23:50:10","date_gmt":"2026-08-08T05:50:10","guid":{"rendered":"https:\/\/diarioabcdemichoacan.com.mx\/lasnoticias\/?p=83992"},"modified":"2026-08-31T23:50:44","modified_gmt":"2026-09-01T05:50:44","slug":"ee-uu-reanudara-exportacion-de-aguacate-a-partir-de-manana-8-de-agosto-bedolla","status":"publish","type":"post","link":"https:\/\/diarioabcdemichoacan.com.mx\/lasnoticias\/ee-uu-reanudara-exportacion-de-aguacate-a-partir-de-manana-8-de-agosto-bedolla\/","title":{"rendered":"EE. UU. reanudar\u00e1 exportaci\u00f3n de aguacate a partir de ma\u00f1ana 8 de agosto: Bedolla"},"content":{"rendered":"<p>Morelia, Michoac\u00e1n, 7 de agosto de 2026.- El Gobierno del Estado de Michoac\u00e1n informa que, derivado de los compromisos asumidos en materia de seguridad, la evaluaci\u00f3n constante de las condiciones en la entidad y la s\u00f3lida cooperaci\u00f3n entre M\u00e9xico y Estados Unidos, el Gobierno estadounidense determin\u00f3 la reanudaci\u00f3n parcial de sus actividades en la entidad para la exportaci\u00f3n de aguacate, a partir de ma\u00f1ana 8 de agosto de 2026.<\/p>\n<p>De acuerdo con el comunicado oficial emitido por las autoridades del pa\u00eds vecino, esta reapertura abarcar\u00e1 los municipios de Tanc\u00edtaro, Tac\u00e1mbaro y Uruapan, as\u00ed como el corredor entre Morelia y P\u00e1tzcuaro.<\/p><div id=\"diari-1075469991\" class=\"diari-contenido diari-entity-placement\"><img loading=\"lazy\" decoding=\"async\" src=\"https:\/\/diarioabcdemichoacan.com.mx\/lasnoticias\/wp-content\/uploads\/2024\/07\/WhatsApp-Image-2024-05-07-at-10.12.40-a.m.jpeg\" alt=\"\"  srcset=\"https:\/\/diarioabcdemichoacan.com.mx\/lasnoticias\/wp-content\/uploads\/2024\/07\/WhatsApp-Image-2024-05-07-at-10.12.40-a.m.jpeg 400w, https:\/\/diarioabcdemichoacan.com.mx\/lasnoticias\/wp-content\/uploads\/2024\/07\/WhatsApp-Image-2024-05-07-at-10.12.40-a.m-150x150.jpeg 150w, https:\/\/diarioabcdemichoacan.com.mx\/lasnoticias\/wp-content\/uploads\/2024\/07\/WhatsApp-Image-2024-05-07-at-10.12.40-a.m-300x300.jpeg 300w\" sizes=\"(max-width: 400px) 100vw, 400px\" width=\"400\" height=\"400\"  style=\"display: inline-block;\" \/><\/div>\n<p>En el documento, la administraci\u00f3n estadounidense expres\u00f3 su agradecimiento por la cooperaci\u00f3n del Gobierno de M\u00e9xico y las acciones emprendidas para fortalecer la seguridad tanto del personal internacional como de las familias de la entidad.<\/p>\n<p>Al respecto, el gobernador Alfredo Ram\u00edrez Bedolla afirm\u00f3 que esta determinaci\u00f3n es un reconocimiento directo al liderazgo de la presidenta de la Rep\u00fablica, Claudia Sheinbaum Pardo, y a la estrecha coordinaci\u00f3n institucional entre ambas naciones.<\/p>\n<p>Relat\u00f3 que para consolidar estas acciones y garantizar la paz en la regi\u00f3n, la presidenta Sheinbaum despleg\u00f3 este jueves un contingente de mil 557 elementos de la Secretar\u00eda de la Defensa Nacional (Defensa), con lo cual, se fortalece el esquema de seguridad p\u00fablica en las zonas clave del estado.<\/p>\n","protected":false},"excerpt":{"rendered":"<p>Morelia, Michoac\u00e1n, 7 de agosto de 2026.- El Gobierno del Estado de Michoac\u00e1n informa que, derivado de los compromisos asumidos en materia de seguridad, la evaluaci\u00f3n constante de las condiciones en la entidad y la s\u00f3lida cooperaci\u00f3n entre M\u00e9xico y Estados Unidos, el Gobierno estadounidense determin\u00f3 la reanudaci\u00f3n parcial de sus actividades en la entidad [&hellip;]<\/p>\n","protected":false},"author":6,"featured_media":83993,"comment_status":"closed","ping_status":"closed","sticky":false,"template":"","format":"standard","meta":{"footnotes":""},"categories":[10,17,12],"tags":[],"class_list":["post-83992","post","type-post","status-publish","format-standard","has-post-thumbnail","category-estado","category-gobierno-de-michoacan","category-internacional"],"yoast_head":"<!-- This site is optimized with the Yoast SEO plugin v24.0 - https:\/\/yoast.com\/wordpress\/plugins\/seo\/ -->\n<title>EE. UU. reanudar\u00e1 exportaci\u00f3n de aguacate a partir de ma\u00f1ana 8 de agosto: Bedolla - Diario ABC de Michoac\u00e1n<\/title>\n<meta name=\"robots\" content=\"index, follow, max-snippet:-1, max-image-preview:large, max-video-preview:-1\" \/>\n<link rel=\"canonical\" href=\"https:\/\/diarioabcdemichoacan.com.mx\/lasnoticias\/ee-uu-reanudara-exportacion-de-aguacate-a-partir-de-manana-8-de-agosto-bedolla\/\" \/>\n<meta property=\"og:locale\" content=\"es_ES\" \/>\n<meta property=\"og:type\" content=\"article\" \/>\n<meta property=\"og:title\" content=\"EE. UU. reanudar\u00e1 exportaci\u00f3n de aguacate a partir de ma\u00f1ana 8 de agosto: Bedolla - Diario ABC de Michoac\u00e1n\" \/>\n<meta property=\"og:description\" content=\"Morelia, Michoac\u00e1n, 7 de agosto de 2026.- El Gobierno del Estado de Michoac\u00e1n informa que, derivado de los compromisos asumidos en materia de seguridad, la evaluaci\u00f3n constante de las condiciones en la entidad y la s\u00f3lida cooperaci\u00f3n entre M\u00e9xico y Estados Unidos, el Gobierno estadounidense determin\u00f3 la reanudaci\u00f3n parcial de sus actividades en la entidad [&hellip;]\" \/>\n<meta property=\"og:url\" content=\"https:\/\/diarioabcdemichoacan.com.mx\/lasnoticias\/ee-uu-reanudara-exportacion-de-aguacate-a-partir-de-manana-8-de-agosto-bedolla\/\" \/>\n<meta property=\"og:site_name\" content=\"Diario ABC de Michoac\u00e1n\" \/>\n<meta property=\"article:published_time\" content=\"2026-08-08T05:50:10+00:00\" \/>\n<meta property=\"article:modified_time\" content=\"2026-09-01T05:50:44+00:00\" \/>\n<meta property=\"og:image\" content=\"https:\/\/diarioabcdemichoacan.com.mx\/lasnoticias\/wp-content\/uploads\/2026\/08\/6744ab95-9644-453a-8c16-04758036b54d.jpg\" \/>\n\t<meta property=\"og:image:width\" content=\"999\" \/>\n\t<meta property=\"og:image:height\" content=\"1280\" \/>\n\t<meta property=\"og:image:type\" content=\"image\/jpeg\" \/>\n<meta name=\"author\" content=\"MB\" \/>\n<meta name=\"twitter:card\" content=\"summary_large_image\" \/>\n<meta name=\"twitter:label1\" content=\"Escrito por\" \/>\n\t<meta name=\"twitter:data1\" content=\"MB\" \/>\n\t<meta name=\"twitter:label2\" content=\"Tiempo de lectura\" \/>\n\t<meta name=\"twitter:data2\" content=\"2 minutos\" \/>\n<script type=\"application\/ld+json\" class=\"yoast-schema-graph\">{\"@context\":\"https:\/\/schema.org\",\"@graph\":[{\"@type\":\"WebPage\",\"@id\":\"https:\/\/diarioabcdemichoacan.com.mx\/lasnoticias\/ee-uu-reanudara-exportacion-de-aguacate-a-partir-de-manana-8-de-agosto-bedolla\/\",\"url\":\"https:\/\/diarioabcdemichoacan.com.mx\/lasnoticias\/ee-uu-reanudara-exportacion-de-aguacate-a-partir-de-manana-8-de-agosto-bedolla\/\",\"name\":\"EE. UU. reanudar\u00e1 exportaci\u00f3n de aguacate a partir de ma\u00f1ana 8 de agosto: Bedolla - Diario ABC de Michoac\u00e1n\",\"isPartOf\":{\"@id\":\"https:\/\/diarioabcdemichoacan.com.mx\/lasnoticias\/#website\"},\"primaryImageOfPage\":{\"@id\":\"https:\/\/diarioabcdemichoacan.com.mx\/lasnoticias\/ee-uu-reanudara-exportacion-de-aguacate-a-partir-de-manana-8-de-agosto-bedolla\/#primaryimage\"},\"image\":{\"@id\":\"https:\/\/diarioabcdemichoacan.com.mx\/lasnoticias\/ee-uu-reanudara-exportacion-de-aguacate-a-partir-de-manana-8-de-agosto-bedolla\/#primaryimage\"},\"thumbnailUrl\":\"https:\/\/diarioabcdemichoacan.com.mx\/lasnoticias\/wp-content\/uploads\/2026\/08\/6744ab95-9644-453a-8c16-04758036b54d.jpg\",\"datePublished\":\"2026-08-08T05:50:10+00:00\",\"dateModified\":\"2026-09-01T05:50:44+00:00\",\"author\":{\"@id\":\"https:\/\/diarioabcdemichoacan.com.mx\/lasnoticias\/#\/schema\/person\/0546f9c3407148f7452ca932715c5e88\"},\"breadcrumb\":{\"@id\":\"https:\/\/diarioabcdemichoacan.com.mx\/lasnoticias\/ee-uu-reanudara-exportacion-de-aguacate-a-partir-de-manana-8-de-agosto-bedolla\/#breadcrumb\"},\"inLanguage\":\"es\",\"potentialAction\":[{\"@type\":\"ReadAction\",\"target\":[\"https:\/\/diarioabcdemichoacan.com.mx\/lasnoticias\/ee-uu-reanudara-exportacion-de-aguacate-a-partir-de-manana-8-de-agosto-bedolla\/\"]}]},{\"@type\":\"ImageObject\",\"inLanguage\":\"es\",\"@id\":\"https:\/\/diarioabcdemichoacan.com.mx\/lasnoticias\/ee-uu-reanudara-exportacion-de-aguacate-a-partir-de-manana-8-de-agosto-bedolla\/#primaryimage\",\"url\":\"https:\/\/diarioabcdemichoacan.com.mx\/lasnoticias\/wp-content\/uploads\/2026\/08\/6744ab95-9644-453a-8c16-04758036b54d.jpg\",\"contentUrl\":\"https:\/\/diarioabcdemichoacan.com.mx\/lasnoticias\/wp-content\/uploads\/2026\/08\/6744ab95-9644-453a-8c16-04758036b54d.jpg\",\"width\":999,\"height\":1280},{\"@type\":\"BreadcrumbList\",\"@id\":\"https:\/\/diarioabcdemichoacan.com.mx\/lasnoticias\/ee-uu-reanudara-exportacion-de-aguacate-a-partir-de-manana-8-de-agosto-bedolla\/#breadcrumb\",\"itemListElement\":[{\"@type\":\"ListItem\",\"position\":1,\"name\":\"Portada\",\"item\":\"https:\/\/diarioabcdemichoacan.com.mx\/lasnoticias\/\"},{\"@type\":\"ListItem\",\"position\":2,\"name\":\"EE. UU. reanudar\u00e1 exportaci\u00f3n de aguacate a partir de ma\u00f1ana 8 de agosto: Bedolla\"}]},{\"@type\":\"WebSite\",\"@id\":\"https:\/\/diarioabcdemichoacan.com.mx\/lasnoticias\/#website\",\"url\":\"https:\/\/diarioabcdemichoacan.com.mx\/lasnoticias\/\",\"name\":\"Diario ABC de Michoac\u00e1n\",\"description\":\"Las noticias al momento\",\"potentialAction\":[{\"@type\":\"SearchAction\",\"target\":{\"@type\":\"EntryPoint\",\"urlTemplate\":\"https:\/\/diarioabcdemichoacan.com.mx\/lasnoticias\/?s={search_term_string}\"},\"query-input\":{\"@type\":\"PropertyValueSpecification\",\"valueRequired\":true,\"valueName\":\"search_term_string\"}}],\"inLanguage\":\"es\"},{\"@type\":\"Person\",\"@id\":\"https:\/\/diarioabcdemichoacan.com.mx\/lasnoticias\/#\/schema\/person\/0546f9c3407148f7452ca932715c5e88\",\"name\":\"MB\",\"image\":{\"@type\":\"ImageObject\",\"inLanguage\":\"es\",\"@id\":\"https:\/\/diarioabcdemichoacan.com.mx\/lasnoticias\/#\/schema\/person\/image\/\",\"url\":\"https:\/\/secure.gravatar.com\/avatar\/ac036f018f6a8431a5687a020efaf39d914da6a3fc78ce6029ab7ae29c5130e2?s=96&d=mm&r=g\",\"contentUrl\":\"https:\/\/secure.gravatar.com\/avatar\/ac036f018f6a8431a5687a020efaf39d914da6a3fc78ce6029ab7ae29c5130e2?s=96&d=mm&r=g\",\"caption\":\"MB\"},\"url\":\"https:\/\/diarioabcdemichoacan.com.mx\/lasnoticias\/author\/bomariano03\/\"}]}<\/script>\n<!-- \/ Yoast SEO plugin. -->","yoast_head_json":{"title":"EE. UU. reanudar\u00e1 exportaci\u00f3n de aguacate a partir de ma\u00f1ana 8 de agosto: Bedolla - Diario ABC de Michoac\u00e1n","robots":{"index":"index","follow":"follow","max-snippet":"max-snippet:-1","max-image-preview":"max-image-preview:large","max-video-preview":"max-video-preview:-1"},"canonical":"https:\/\/diarioabcdemichoacan.com.mx\/lasnoticias\/ee-uu-reanudara-exportacion-de-aguacate-a-partir-de-manana-8-de-agosto-bedolla\/","og_locale":"es_ES","og_type":"article","og_title":"EE. UU. reanudar\u00e1 exportaci\u00f3n de aguacate a partir de ma\u00f1ana 8 de agosto: Bedolla - Diario ABC de Michoac\u00e1n","og_description":"Morelia, Michoac\u00e1n, 7 de agosto de 2026.- El Gobierno del Estado de Michoac\u00e1n informa que, derivado de los compromisos asumidos en materia de seguridad, la evaluaci\u00f3n constante de las condiciones en la entidad y la s\u00f3lida cooperaci\u00f3n entre M\u00e9xico y Estados Unidos, el Gobierno estadounidense determin\u00f3 la reanudaci\u00f3n parcial de sus actividades en la entidad [&hellip;]","og_url":"https:\/\/diarioabcdemichoacan.com.mx\/lasnoticias\/ee-uu-reanudara-exportacion-de-aguacate-a-partir-de-manana-8-de-agosto-bedolla\/","og_site_name":"Diario ABC de Michoac\u00e1n","article_published_time":"2026-08-08T05:50:10+00:00","article_modified_time":"2026-09-01T05:50:44+00:00","og_image":[{"width":999,"height":1280,"url":"https:\/\/diarioabcdemichoacan.com.mx\/lasnoticias\/wp-content\/uploads\/2026\/08\/6744ab95-9644-453a-8c16-04758036b54d.jpg","type":"image\/jpeg"}],"author":"MB","twitter_card":"summary_large_image","twitter_misc":{"Escrito por":"MB","Tiempo de lectura":"2 minutos"},"schema":{"@context":"https:\/\/schema.org","@graph":[{"@type":"WebPage","@id":"https:\/\/diarioabcdemichoacan.com.mx\/lasnoticias\/ee-uu-reanudara-exportacion-de-aguacate-a-partir-de-manana-8-de-agosto-bedolla\/","url":"https:\/\/diarioabcdemichoacan.com.mx\/lasnoticias\/ee-uu-reanudara-exportacion-de-aguacate-a-partir-de-manana-8-de-agosto-bedolla\/","name":"EE. UU. reanudar\u00e1 exportaci\u00f3n de aguacate a partir de ma\u00f1ana 8 de agosto: Bedolla - Diario ABC de Michoac\u00e1n","isPartOf":{"@id":"https:\/\/diarioabcdemichoacan.com.mx\/lasnoticias\/#website"},"primaryImageOfPage":{"@id":"https:\/\/diarioabcdemichoacan.com.mx\/lasnoticias\/ee-uu-reanudara-exportacion-de-aguacate-a-partir-de-manana-8-de-agosto-bedolla\/#primaryimage"},"image":{"@id":"https:\/\/diarioabcdemichoacan.com.mx\/lasnoticias\/ee-uu-reanudara-exportacion-de-aguacate-a-partir-de-manana-8-de-agosto-bedolla\/#primaryimage"},"thumbnailUrl":"https:\/\/diarioabcdemichoacan.com.mx\/lasnoticias\/wp-content\/uploads\/2026\/08\/6744ab95-9644-453a-8c16-04758036b54d.jpg","datePublished":"2026-08-08T05:50:10+00:00","dateModified":"2026-09-01T05:50:44+00:00","author":{"@id":"https:\/\/diarioabcdemichoacan.com.mx\/lasnoticias\/#\/schema\/person\/0546f9c3407148f7452ca932715c5e88"},"breadcrumb":{"@id":"https:\/\/diarioabcdemichoacan.com.mx\/lasnoticias\/ee-uu-reanudara-exportacion-de-aguacate-a-partir-de-manana-8-de-agosto-bedolla\/#breadcrumb"},"inLanguage":"es","potentialAction":[{"@type":"ReadAction","target":["https:\/\/diarioabcdemichoacan.com.mx\/lasnoticias\/ee-uu-reanudara-exportacion-de-aguacate-a-partir-de-manana-8-de-agosto-bedolla\/"]}]},{"@type":"ImageObject","inLanguage":"es","@id":"https:\/\/diarioabcdemichoacan.com.mx\/lasnoticias\/ee-uu-reanudara-exportacion-de-aguacate-a-partir-de-manana-8-de-agosto-bedolla\/#primaryimage","url":"https:\/\/diarioabcdemichoacan.com.mx\/lasnoticias\/wp-content\/uploads\/2026\/08\/6744ab95-9644-453a-8c16-04758036b54d.jpg","contentUrl":"https:\/\/diarioabcdemichoacan.com.mx\/lasnoticias\/wp-content\/uploads\/2026\/08\/6744ab95-9644-453a-8c16-04758036b54d.jpg","width":999,"height":1280},{"@type":"BreadcrumbList","@id":"https:\/\/diarioabcdemichoacan.com.mx\/lasnoticias\/ee-uu-reanudara-exportacion-de-aguacate-a-partir-de-manana-8-de-agosto-bedolla\/#breadcrumb","itemListElement":[{"@type":"ListItem","position":1,"name":"Portada","item":"https:\/\/diarioabcdemichoacan.com.mx\/lasnoticias\/"},{"@type":"ListItem","position":2,"name":"EE. UU. reanudar\u00e1 exportaci\u00f3n de aguacate a partir de ma\u00f1ana 8 de agosto: Bedolla"}]},{"@type":"WebSite","@id":"https:\/\/diarioabcdemichoacan.com.mx\/lasnoticias\/#website","url":"https:\/\/diarioabcdemichoacan.com.mx\/lasnoticias\/","name":"Diario ABC de Michoac\u00e1n","description":"Las noticias al momento","potentialAction":[{"@type":"SearchAction","target":{"@type":"EntryPoint","urlTemplate":"https:\/\/diarioabcdemichoacan.com.mx\/lasnoticias\/?s={search_term_string}"},"query-input":{"@type":"PropertyValueSpecification","valueRequired":true,"valueName":"search_term_string"}}],"inLanguage":"es"},{"@type":"Person","@id":"https:\/\/diarioabcdemichoacan.com.mx\/lasnoticias\/#\/schema\/person\/0546f9c3407148f7452ca932715c5e88","name":"MB","image":{"@type":"ImageObject","inLanguage":"es","@id":"https:\/\/diarioabcdemichoacan.com.mx\/lasnoticias\/#\/schema\/person\/image\/","url":"https:\/\/secure.gravatar.com\/avatar\/ac036f018f6a8431a5687a020efaf39d914da6a3fc78ce6029ab7ae29c5130e2?s=96&d=mm&r=g","contentUrl":"https:\/\/secure.gravatar.com\/avatar\/ac036f018f6a8431a5687a020efaf39d914da6a3fc78ce6029ab7ae29c5130e2?s=96&d=mm&r=g","caption":"MB"},"url":"https:\/\/diarioabcdemichoacan.com.mx\/lasnoticias\/author\/bomariano03\/"}]}},"_links":{"self":[{"href":"https:\/\/diarioabcdemichoacan.com.mx\/lasnoticias\/wp-json\/wp\/v2\/posts\/83992","targetHints":{"allow":["GET"]}}],"collection":[{"href":"https:\/\/diarioabcdemichoacan.com.mx\/lasnoticias\/wp-json\/wp\/v2\/posts"}],"about":[{"href":"https:\/\/diarioabcdemichoacan.com.mx\/lasnoticias\/wp-json\/wp\/v2\/types\/post"}],"author":[{"embeddable":true,"href":"https:\/\/diarioabcdemichoacan.com.mx\/lasnoticias\/wp-json\/wp\/v2\/users\/6"}],"replies":[{"embeddable":true,"href":"https:\/\/diarioabcdemichoacan.com.mx\/lasnoticias\/wp-json\/wp\/v2\/comments?post=83992"}],"version-history":[{"count":1,"href":"https:\/\/diarioabcdemichoacan.com.mx\/lasnoticias\/wp-json\/wp\/v2\/posts\/83992\/revisions"}],"predecessor-version":[{"id":83994,"href":"https:\/\/diarioabcdemichoacan.com.mx\/lasnoticias\/wp-json\/wp\/v2\/posts\/83992\/revisions\/83994"}],"wp:featuredmedia":[{"embeddable":true,"href":"https:\/\/diarioabcdemichoacan.com.mx\/lasnoticias\/wp-json\/wp\/v2\/media\/83993"}],"wp:attachment":[{"href":"https:\/\/diarioabcdemichoacan.com.mx\/lasnoticias\/wp-json\/wp\/v2\/media?parent=83992"}],"wp:term":[{"taxonomy":"category","embeddable":true,"href":"https:\/\/diarioabcdemichoacan.com.mx\/lasnoticias\/wp-json\/wp\/v2\/categories?post=83992"},{"taxonomy":"post_tag","embeddable":true,"href":"https:\/\/diarioabcdemichoacan.com.mx\/lasnoticias\/wp-json\/wp\/v2\/tags?post=83992"}],"curies":[{"name":"wp","href":"https:\/\/api.w.org\/{rel}","templated":true}]}}