{"id":84007,"date":"2026-08-07T23:54:14","date_gmt":"2026-08-08T05:54:14","guid":{"rendered":"https:\/\/diarioabcdemichoacan.com.mx\/lasnoticias\/?p=84007"},"modified":"2026-08-31T23:54:45","modified_gmt":"2026-09-01T05:54:45","slug":"agradece-bedolla-apoyo-de-la-presidenta-sheinbaum-para-reforzar-seguridad-en-zona-aguacatera","status":"publish","type":"post","link":"https:\/\/diarioabcdemichoacan.com.mx\/lasnoticias\/agradece-bedolla-apoyo-de-la-presidenta-sheinbaum-para-reforzar-seguridad-en-zona-aguacatera\/","title":{"rendered":"Agradece Bedolla apoyo de la presidenta Sheinbaum para reforzar seguridad en zona aguacatera"},"content":{"rendered":"<p>Morelia, Michoac\u00e1n, 7 de agosto de 2026.- El gobernador Alfredo Ram\u00edrez Bedolla celebr\u00f3 y agradeci\u00f3 el respaldo de la presidenta Claudia Sheinbaum Pardo para reforzar la seguridad en municipios que conforman la zona aguacatera de Michoac\u00e1n, con m\u00e1s de 1 mil 550 elementos de la Secretar\u00eda de la Defensa Nacional.<\/p>\n<p>El mandatario comparti\u00f3 que la Guardia Civil del estado mantendr\u00e1 coordinaci\u00f3n con los militares y efectivos de la Guardia Nacional para apoyar los operativos en las localidades productoras de aguacate, centros de empaque, v\u00edas de comunicaci\u00f3n, acompa\u00f1amiento y vigilancia en puntos de inspecci\u00f3n del Servicio Nacional de Sanidad, Inocuidad y Calidad Agroalimentaria (Senasica).<\/p><div id=\"diari-910112468\" class=\"diari-contenido diari-entity-placement\"><img loading=\"lazy\" decoding=\"async\" src=\"https:\/\/diarioabcdemichoacan.com.mx\/lasnoticias\/wp-content\/uploads\/2024\/07\/WhatsApp-Image-2024-05-07-at-10.12.40-a.m.jpeg\" alt=\"\"  srcset=\"https:\/\/diarioabcdemichoacan.com.mx\/lasnoticias\/wp-content\/uploads\/2024\/07\/WhatsApp-Image-2024-05-07-at-10.12.40-a.m.jpeg 400w, https:\/\/diarioabcdemichoacan.com.mx\/lasnoticias\/wp-content\/uploads\/2024\/07\/WhatsApp-Image-2024-05-07-at-10.12.40-a.m-150x150.jpeg 150w, https:\/\/diarioabcdemichoacan.com.mx\/lasnoticias\/wp-content\/uploads\/2024\/07\/WhatsApp-Image-2024-05-07-at-10.12.40-a.m-300x300.jpeg 300w\" sizes=\"(max-width: 400px) 100vw, 400px\" width=\"400\" height=\"400\"  style=\"display: inline-block;\" \/><\/div>\n<p>Lo anterior tras la suspensi\u00f3n temporal de las exportaciones de aguacate michoacano a los Estados Unidos por las autoridades Norteamericanas quienes determinaron retirar a sus inspectores ante una alerta de seguridad.<\/p>\n<p>Por lo que confi\u00f3 en que avanzar\u00e1 satisfactoriamente la mesa de di\u00e1logo que encabeza el Gobierno de M\u00e9xico con la embajada americana para reanudar lo m\u00e1s pronto posible esta actividad de gran importancia para la econom\u00eda nacional.<\/p>\n","protected":false},"excerpt":{"rendered":"<p>Morelia, Michoac\u00e1n, 7 de agosto de 2026.- El gobernador Alfredo Ram\u00edrez Bedolla celebr\u00f3 y agradeci\u00f3 el respaldo de la presidenta Claudia Sheinbaum Pardo para reforzar la seguridad en municipios que conforman la zona aguacatera de Michoac\u00e1n, con m\u00e1s de 1 mil 550 elementos de la Secretar\u00eda de la Defensa Nacional. El mandatario comparti\u00f3 que la [&hellip;]<\/p>\n","protected":false},"author":6,"featured_media":84008,"comment_status":"closed","ping_status":"closed","sticky":false,"template":"","format":"standard","meta":{"footnotes":""},"categories":[17,34],"tags":[],"class_list":["post-84007","post","type-post","status-publish","format-standard","has-post-thumbnail","category-gobierno-de-michoacan","category-gobierno-federal"],"yoast_head":"<!-- This site is optimized with the Yoast SEO plugin v24.0 - https:\/\/yoast.com\/wordpress\/plugins\/seo\/ -->\n<title>Agradece Bedolla apoyo de la presidenta Sheinbaum para reforzar seguridad en zona aguacatera - Diario ABC de Michoac\u00e1n<\/title>\n<meta name=\"robots\" content=\"index, follow, max-snippet:-1, max-image-preview:large, max-video-preview:-1\" \/>\n<link rel=\"canonical\" href=\"https:\/\/diarioabcdemichoacan.com.mx\/lasnoticias\/agradece-bedolla-apoyo-de-la-presidenta-sheinbaum-para-reforzar-seguridad-en-zona-aguacatera\/\" \/>\n<meta property=\"og:locale\" content=\"es_ES\" \/>\n<meta property=\"og:type\" content=\"article\" \/>\n<meta property=\"og:title\" content=\"Agradece Bedolla apoyo de la presidenta Sheinbaum para reforzar seguridad en zona aguacatera - Diario ABC de Michoac\u00e1n\" \/>\n<meta property=\"og:description\" content=\"Morelia, Michoac\u00e1n, 7 de agosto de 2026.- El gobernador Alfredo Ram\u00edrez Bedolla celebr\u00f3 y agradeci\u00f3 el respaldo de la presidenta Claudia Sheinbaum Pardo para reforzar la seguridad en municipios que conforman la zona aguacatera de Michoac\u00e1n, con m\u00e1s de 1 mil 550 elementos de la Secretar\u00eda de la Defensa Nacional. El mandatario comparti\u00f3 que la [&hellip;]\" \/>\n<meta property=\"og:url\" content=\"https:\/\/diarioabcdemichoacan.com.mx\/lasnoticias\/agradece-bedolla-apoyo-de-la-presidenta-sheinbaum-para-reforzar-seguridad-en-zona-aguacatera\/\" \/>\n<meta property=\"og:site_name\" content=\"Diario ABC de Michoac\u00e1n\" \/>\n<meta property=\"article:published_time\" content=\"2026-08-08T05:54:14+00:00\" \/>\n<meta property=\"article:modified_time\" content=\"2026-09-01T05:54:45+00:00\" \/>\n<meta property=\"og:image\" content=\"https:\/\/diarioabcdemichoacan.com.mx\/lasnoticias\/wp-content\/uploads\/2026\/08\/ab9d3f5c-6439-496c-be2f-e6ec71b1d763.jpg\" \/>\n\t<meta property=\"og:image:width\" content=\"1500\" \/>\n\t<meta property=\"og:image:height\" content=\"1000\" \/>\n\t<meta property=\"og:image:type\" content=\"image\/jpeg\" \/>\n<meta name=\"author\" content=\"MB\" \/>\n<meta name=\"twitter:card\" content=\"summary_large_image\" \/>\n<meta name=\"twitter:label1\" content=\"Escrito por\" \/>\n\t<meta name=\"twitter:data1\" content=\"MB\" \/>\n\t<meta name=\"twitter:label2\" content=\"Tiempo de lectura\" \/>\n\t<meta name=\"twitter:data2\" content=\"1 minuto\" \/>\n<script type=\"application\/ld+json\" class=\"yoast-schema-graph\">{\"@context\":\"https:\/\/schema.org\",\"@graph\":[{\"@type\":\"WebPage\",\"@id\":\"https:\/\/diarioabcdemichoacan.com.mx\/lasnoticias\/agradece-bedolla-apoyo-de-la-presidenta-sheinbaum-para-reforzar-seguridad-en-zona-aguacatera\/\",\"url\":\"https:\/\/diarioabcdemichoacan.com.mx\/lasnoticias\/agradece-bedolla-apoyo-de-la-presidenta-sheinbaum-para-reforzar-seguridad-en-zona-aguacatera\/\",\"name\":\"Agradece Bedolla apoyo de la presidenta Sheinbaum para reforzar seguridad en zona aguacatera - Diario ABC de Michoac\u00e1n\",\"isPartOf\":{\"@id\":\"https:\/\/diarioabcdemichoacan.com.mx\/lasnoticias\/#website\"},\"primaryImageOfPage\":{\"@id\":\"https:\/\/diarioabcdemichoacan.com.mx\/lasnoticias\/agradece-bedolla-apoyo-de-la-presidenta-sheinbaum-para-reforzar-seguridad-en-zona-aguacatera\/#primaryimage\"},\"image\":{\"@id\":\"https:\/\/diarioabcdemichoacan.com.mx\/lasnoticias\/agradece-bedolla-apoyo-de-la-presidenta-sheinbaum-para-reforzar-seguridad-en-zona-aguacatera\/#primaryimage\"},\"thumbnailUrl\":\"https:\/\/diarioabcdemichoacan.com.mx\/lasnoticias\/wp-content\/uploads\/2026\/08\/ab9d3f5c-6439-496c-be2f-e6ec71b1d763.jpg\",\"datePublished\":\"2026-08-08T05:54:14+00:00\",\"dateModified\":\"2026-09-01T05:54:45+00:00\",\"author\":{\"@id\":\"https:\/\/diarioabcdemichoacan.com.mx\/lasnoticias\/#\/schema\/person\/0546f9c3407148f7452ca932715c5e88\"},\"breadcrumb\":{\"@id\":\"https:\/\/diarioabcdemichoacan.com.mx\/lasnoticias\/agradece-bedolla-apoyo-de-la-presidenta-sheinbaum-para-reforzar-seguridad-en-zona-aguacatera\/#breadcrumb\"},\"inLanguage\":\"es\",\"potentialAction\":[{\"@type\":\"ReadAction\",\"target\":[\"https:\/\/diarioabcdemichoacan.com.mx\/lasnoticias\/agradece-bedolla-apoyo-de-la-presidenta-sheinbaum-para-reforzar-seguridad-en-zona-aguacatera\/\"]}]},{\"@type\":\"ImageObject\",\"inLanguage\":\"es\",\"@id\":\"https:\/\/diarioabcdemichoacan.com.mx\/lasnoticias\/agradece-bedolla-apoyo-de-la-presidenta-sheinbaum-para-reforzar-seguridad-en-zona-aguacatera\/#primaryimage\",\"url\":\"https:\/\/diarioabcdemichoacan.com.mx\/lasnoticias\/wp-content\/uploads\/2026\/08\/ab9d3f5c-6439-496c-be2f-e6ec71b1d763.jpg\",\"contentUrl\":\"https:\/\/diarioabcdemichoacan.com.mx\/lasnoticias\/wp-content\/uploads\/2026\/08\/ab9d3f5c-6439-496c-be2f-e6ec71b1d763.jpg\",\"width\":1500,\"height\":1000},{\"@type\":\"BreadcrumbList\",\"@id\":\"https:\/\/diarioabcdemichoacan.com.mx\/lasnoticias\/agradece-bedolla-apoyo-de-la-presidenta-sheinbaum-para-reforzar-seguridad-en-zona-aguacatera\/#breadcrumb\",\"itemListElement\":[{\"@type\":\"ListItem\",\"position\":1,\"name\":\"Portada\",\"item\":\"https:\/\/diarioabcdemichoacan.com.mx\/lasnoticias\/\"},{\"@type\":\"ListItem\",\"position\":2,\"name\":\"Agradece Bedolla apoyo de la presidenta Sheinbaum para reforzar seguridad en zona aguacatera\"}]},{\"@type\":\"WebSite\",\"@id\":\"https:\/\/diarioabcdemichoacan.com.mx\/lasnoticias\/#website\",\"url\":\"https:\/\/diarioabcdemichoacan.com.mx\/lasnoticias\/\",\"name\":\"Diario ABC de Michoac\u00e1n\",\"description\":\"Las noticias al momento\",\"potentialAction\":[{\"@type\":\"SearchAction\",\"target\":{\"@type\":\"EntryPoint\",\"urlTemplate\":\"https:\/\/diarioabcdemichoacan.com.mx\/lasnoticias\/?s={search_term_string}\"},\"query-input\":{\"@type\":\"PropertyValueSpecification\",\"valueRequired\":true,\"valueName\":\"search_term_string\"}}],\"inLanguage\":\"es\"},{\"@type\":\"Person\",\"@id\":\"https:\/\/diarioabcdemichoacan.com.mx\/lasnoticias\/#\/schema\/person\/0546f9c3407148f7452ca932715c5e88\",\"name\":\"MB\",\"image\":{\"@type\":\"ImageObject\",\"inLanguage\":\"es\",\"@id\":\"https:\/\/diarioabcdemichoacan.com.mx\/lasnoticias\/#\/schema\/person\/image\/\",\"url\":\"https:\/\/secure.gravatar.com\/avatar\/ac036f018f6a8431a5687a020efaf39d914da6a3fc78ce6029ab7ae29c5130e2?s=96&d=mm&r=g\",\"contentUrl\":\"https:\/\/secure.gravatar.com\/avatar\/ac036f018f6a8431a5687a020efaf39d914da6a3fc78ce6029ab7ae29c5130e2?s=96&d=mm&r=g\",\"caption\":\"MB\"},\"url\":\"https:\/\/diarioabcdemichoacan.com.mx\/lasnoticias\/author\/bomariano03\/\"}]}<\/script>\n<!-- \/ Yoast SEO plugin. -->","yoast_head_json":{"title":"Agradece Bedolla apoyo de la presidenta Sheinbaum para reforzar seguridad en zona aguacatera - Diario ABC de Michoac\u00e1n","robots":{"index":"index","follow":"follow","max-snippet":"max-snippet:-1","max-image-preview":"max-image-preview:large","max-video-preview":"max-video-preview:-1"},"canonical":"https:\/\/diarioabcdemichoacan.com.mx\/lasnoticias\/agradece-bedolla-apoyo-de-la-presidenta-sheinbaum-para-reforzar-seguridad-en-zona-aguacatera\/","og_locale":"es_ES","og_type":"article","og_title":"Agradece Bedolla apoyo de la presidenta Sheinbaum para reforzar seguridad en zona aguacatera - Diario ABC de Michoac\u00e1n","og_description":"Morelia, Michoac\u00e1n, 7 de agosto de 2026.- El gobernador Alfredo Ram\u00edrez Bedolla celebr\u00f3 y agradeci\u00f3 el respaldo de la presidenta Claudia Sheinbaum Pardo para reforzar la seguridad en municipios que conforman la zona aguacatera de Michoac\u00e1n, con m\u00e1s de 1 mil 550 elementos de la Secretar\u00eda de la Defensa Nacional. El mandatario comparti\u00f3 que la [&hellip;]","og_url":"https:\/\/diarioabcdemichoacan.com.mx\/lasnoticias\/agradece-bedolla-apoyo-de-la-presidenta-sheinbaum-para-reforzar-seguridad-en-zona-aguacatera\/","og_site_name":"Diario ABC de Michoac\u00e1n","article_published_time":"2026-08-08T05:54:14+00:00","article_modified_time":"2026-09-01T05:54:45+00:00","og_image":[{"width":1500,"height":1000,"url":"https:\/\/diarioabcdemichoacan.com.mx\/lasnoticias\/wp-content\/uploads\/2026\/08\/ab9d3f5c-6439-496c-be2f-e6ec71b1d763.jpg","type":"image\/jpeg"}],"author":"MB","twitter_card":"summary_large_image","twitter_misc":{"Escrito por":"MB","Tiempo de lectura":"1 minuto"},"schema":{"@context":"https:\/\/schema.org","@graph":[{"@type":"WebPage","@id":"https:\/\/diarioabcdemichoacan.com.mx\/lasnoticias\/agradece-bedolla-apoyo-de-la-presidenta-sheinbaum-para-reforzar-seguridad-en-zona-aguacatera\/","url":"https:\/\/diarioabcdemichoacan.com.mx\/lasnoticias\/agradece-bedolla-apoyo-de-la-presidenta-sheinbaum-para-reforzar-seguridad-en-zona-aguacatera\/","name":"Agradece Bedolla apoyo de la presidenta Sheinbaum para reforzar seguridad en zona aguacatera - Diario ABC de Michoac\u00e1n","isPartOf":{"@id":"https:\/\/diarioabcdemichoacan.com.mx\/lasnoticias\/#website"},"primaryImageOfPage":{"@id":"https:\/\/diarioabcdemichoacan.com.mx\/lasnoticias\/agradece-bedolla-apoyo-de-la-presidenta-sheinbaum-para-reforzar-seguridad-en-zona-aguacatera\/#primaryimage"},"image":{"@id":"https:\/\/diarioabcdemichoacan.com.mx\/lasnoticias\/agradece-bedolla-apoyo-de-la-presidenta-sheinbaum-para-reforzar-seguridad-en-zona-aguacatera\/#primaryimage"},"thumbnailUrl":"https:\/\/diarioabcdemichoacan.com.mx\/lasnoticias\/wp-content\/uploads\/2026\/08\/ab9d3f5c-6439-496c-be2f-e6ec71b1d763.jpg","datePublished":"2026-08-08T05:54:14+00:00","dateModified":"2026-09-01T05:54:45+00:00","author":{"@id":"https:\/\/diarioabcdemichoacan.com.mx\/lasnoticias\/#\/schema\/person\/0546f9c3407148f7452ca932715c5e88"},"breadcrumb":{"@id":"https:\/\/diarioabcdemichoacan.com.mx\/lasnoticias\/agradece-bedolla-apoyo-de-la-presidenta-sheinbaum-para-reforzar-seguridad-en-zona-aguacatera\/#breadcrumb"},"inLanguage":"es","potentialAction":[{"@type":"ReadAction","target":["https:\/\/diarioabcdemichoacan.com.mx\/lasnoticias\/agradece-bedolla-apoyo-de-la-presidenta-sheinbaum-para-reforzar-seguridad-en-zona-aguacatera\/"]}]},{"@type":"ImageObject","inLanguage":"es","@id":"https:\/\/diarioabcdemichoacan.com.mx\/lasnoticias\/agradece-bedolla-apoyo-de-la-presidenta-sheinbaum-para-reforzar-seguridad-en-zona-aguacatera\/#primaryimage","url":"https:\/\/diarioabcdemichoacan.com.mx\/lasnoticias\/wp-content\/uploads\/2026\/08\/ab9d3f5c-6439-496c-be2f-e6ec71b1d763.jpg","contentUrl":"https:\/\/diarioabcdemichoacan.com.mx\/lasnoticias\/wp-content\/uploads\/2026\/08\/ab9d3f5c-6439-496c-be2f-e6ec71b1d763.jpg","width":1500,"height":1000},{"@type":"BreadcrumbList","@id":"https:\/\/diarioabcdemichoacan.com.mx\/lasnoticias\/agradece-bedolla-apoyo-de-la-presidenta-sheinbaum-para-reforzar-seguridad-en-zona-aguacatera\/#breadcrumb","itemListElement":[{"@type":"ListItem","position":1,"name":"Portada","item":"https:\/\/diarioabcdemichoacan.com.mx\/lasnoticias\/"},{"@type":"ListItem","position":2,"name":"Agradece Bedolla apoyo de la presidenta Sheinbaum para reforzar seguridad en zona aguacatera"}]},{"@type":"WebSite","@id":"https:\/\/diarioabcdemichoacan.com.mx\/lasnoticias\/#website","url":"https:\/\/diarioabcdemichoacan.com.mx\/lasnoticias\/","name":"Diario ABC de Michoac\u00e1n","description":"Las noticias al momento","potentialAction":[{"@type":"SearchAction","target":{"@type":"EntryPoint","urlTemplate":"https:\/\/diarioabcdemichoacan.com.mx\/lasnoticias\/?s={search_term_string}"},"query-input":{"@type":"PropertyValueSpecification","valueRequired":true,"valueName":"search_term_string"}}],"inLanguage":"es"},{"@type":"Person","@id":"https:\/\/diarioabcdemichoacan.com.mx\/lasnoticias\/#\/schema\/person\/0546f9c3407148f7452ca932715c5e88","name":"MB","image":{"@type":"ImageObject","inLanguage":"es","@id":"https:\/\/diarioabcdemichoacan.com.mx\/lasnoticias\/#\/schema\/person\/image\/","url":"https:\/\/secure.gravatar.com\/avatar\/ac036f018f6a8431a5687a020efaf39d914da6a3fc78ce6029ab7ae29c5130e2?s=96&d=mm&r=g","contentUrl":"https:\/\/secure.gravatar.com\/avatar\/ac036f018f6a8431a5687a020efaf39d914da6a3fc78ce6029ab7ae29c5130e2?s=96&d=mm&r=g","caption":"MB"},"url":"https:\/\/diarioabcdemichoacan.com.mx\/lasnoticias\/author\/bomariano03\/"}]}},"_links":{"self":[{"href":"https:\/\/diarioabcdemichoacan.com.mx\/lasnoticias\/wp-json\/wp\/v2\/posts\/84007","targetHints":{"allow":["GET"]}}],"collection":[{"href":"https:\/\/diarioabcdemichoacan.com.mx\/lasnoticias\/wp-json\/wp\/v2\/posts"}],"about":[{"href":"https:\/\/diarioabcdemichoacan.com.mx\/lasnoticias\/wp-json\/wp\/v2\/types\/post"}],"author":[{"embeddable":true,"href":"https:\/\/diarioabcdemichoacan.com.mx\/lasnoticias\/wp-json\/wp\/v2\/users\/6"}],"replies":[{"embeddable":true,"href":"https:\/\/diarioabcdemichoacan.com.mx\/lasnoticias\/wp-json\/wp\/v2\/comments?post=84007"}],"version-history":[{"count":1,"href":"https:\/\/diarioabcdemichoacan.com.mx\/lasnoticias\/wp-json\/wp\/v2\/posts\/84007\/revisions"}],"predecessor-version":[{"id":84009,"href":"https:\/\/diarioabcdemichoacan.com.mx\/lasnoticias\/wp-json\/wp\/v2\/posts\/84007\/revisions\/84009"}],"wp:featuredmedia":[{"embeddable":true,"href":"https:\/\/diarioabcdemichoacan.com.mx\/lasnoticias\/wp-json\/wp\/v2\/media\/84008"}],"wp:attachment":[{"href":"https:\/\/diarioabcdemichoacan.com.mx\/lasnoticias\/wp-json\/wp\/v2\/media?parent=84007"}],"wp:term":[{"taxonomy":"category","embeddable":true,"href":"https:\/\/diarioabcdemichoacan.com.mx\/lasnoticias\/wp-json\/wp\/v2\/categories?post=84007"},{"taxonomy":"post_tag","embeddable":true,"href":"https:\/\/diarioabcdemichoacan.com.mx\/lasnoticias\/wp-json\/wp\/v2\/tags?post=84007"}],"curies":[{"name":"wp","href":"https:\/\/api.w.org\/{rel}","templated":true}]}}