{"id":84035,"date":"2026-08-05T00:01:24","date_gmt":"2026-08-05T06:01:24","guid":{"rendered":"https:\/\/diarioabcdemichoacan.com.mx\/lasnoticias\/?p=84035"},"modified":"2026-09-01T00:02:04","modified_gmt":"2026-09-01T06:02:04","slug":"ssp-fortalece-coordinacion-con-autoridades-de-ee-uu-para-reforzar-seguridad-en-la-region-aguacatera","status":"publish","type":"post","link":"https:\/\/diarioabcdemichoacan.com.mx\/lasnoticias\/ssp-fortalece-coordinacion-con-autoridades-de-ee-uu-para-reforzar-seguridad-en-la-region-aguacatera\/","title":{"rendered":"SSP fortalece coordinaci\u00f3n con autoridades de EE.UU. para reforzar seguridad en la regi\u00f3n aguacatera"},"content":{"rendered":"<p>Uruapan, Michoac\u00e1n, 5 de agosto de 2026.- El secretario de Seguridad P\u00fablica, Jos\u00e9 Antonio Cruz Medina, sostuvo una reuni\u00f3n de trabajo con un representante del Departamento de Agricultura de los Estados Unidos (USDA), perteneciente al \u00e1rea de seguridad de la Embajada de EE.UU., en las instalaciones del C5 Uruapan, con el prop\u00f3sito de fortalecer la coordinaci\u00f3n en materia de seguridad.<\/p>\n<p>Durante el encuentro se atendieron las solicitudes planteadas para reforzar las medidas de protecci\u00f3n del personal estadounidense que participa en las labores de supervisi\u00f3n relacionadas con la exportaci\u00f3n de aguacate, as\u00ed como para mantener condiciones que favorezcan el desarrollo de esta actividad productiva.<\/p><div id=\"diari-1588385641\" class=\"diari-contenido diari-entity-placement\"><img loading=\"lazy\" decoding=\"async\" src=\"https:\/\/diarioabcdemichoacan.com.mx\/lasnoticias\/wp-content\/uploads\/2024\/07\/WhatsApp-Image-2024-05-07-at-10.12.40-a.m.jpeg\" alt=\"\"  srcset=\"https:\/\/diarioabcdemichoacan.com.mx\/lasnoticias\/wp-content\/uploads\/2024\/07\/WhatsApp-Image-2024-05-07-at-10.12.40-a.m.jpeg 400w, https:\/\/diarioabcdemichoacan.com.mx\/lasnoticias\/wp-content\/uploads\/2024\/07\/WhatsApp-Image-2024-05-07-at-10.12.40-a.m-150x150.jpeg 150w, https:\/\/diarioabcdemichoacan.com.mx\/lasnoticias\/wp-content\/uploads\/2024\/07\/WhatsApp-Image-2024-05-07-at-10.12.40-a.m-300x300.jpeg 300w\" sizes=\"(max-width: 400px) 100vw, 400px\" width=\"400\" height=\"400\"  style=\"display: inline-block;\" \/><\/div>\n<p>Como parte de los acuerdos, la Guardia Civil fortalecer\u00e1 las acciones preventivas y operativas en la regi\u00f3n, mediante patrullajes estrat\u00e9gicos, presencia institucional y coordinaci\u00f3n permanente con las autoridades competentes, con el objetivo de garantizar la seguridad de la poblaci\u00f3n y de quienes intervienen en la cadena productiva del aguacate.<\/p>\n<p>La SSP refrenda su compromiso de trabajar de manera coordinada con las instituciones nacionales e internacionales para preservar el orden, fortalecer la confianza y contribuir al desarrollo econ\u00f3mico de Michoac\u00e1n.<\/p>\n","protected":false},"excerpt":{"rendered":"<p>Uruapan, Michoac\u00e1n, 5 de agosto de 2026.- El secretario de Seguridad P\u00fablica, Jos\u00e9 Antonio Cruz Medina, sostuvo una reuni\u00f3n de trabajo con un representante del Departamento de Agricultura de los Estados Unidos (USDA), perteneciente al \u00e1rea de seguridad de la Embajada de EE.UU., en las instalaciones del C5 Uruapan, con el prop\u00f3sito de fortalecer la [&hellip;]<\/p>\n","protected":false},"author":6,"featured_media":84036,"comment_status":"closed","ping_status":"closed","sticky":false,"template":"","format":"standard","meta":{"footnotes":""},"categories":[10,17,3],"tags":[],"class_list":["post-84035","post","type-post","status-publish","format-standard","has-post-thumbnail","category-estado","category-gobierno-de-michoacan","category-uruapan"],"yoast_head":"<!-- This site is optimized with the Yoast SEO plugin v24.0 - https:\/\/yoast.com\/wordpress\/plugins\/seo\/ -->\n<title>SSP fortalece coordinaci\u00f3n con autoridades de EE.UU. para reforzar seguridad en la regi\u00f3n aguacatera - Diario ABC de Michoac\u00e1n<\/title>\n<meta name=\"robots\" content=\"index, follow, max-snippet:-1, max-image-preview:large, max-video-preview:-1\" \/>\n<link rel=\"canonical\" href=\"https:\/\/diarioabcdemichoacan.com.mx\/lasnoticias\/ssp-fortalece-coordinacion-con-autoridades-de-ee-uu-para-reforzar-seguridad-en-la-region-aguacatera\/\" \/>\n<meta property=\"og:locale\" content=\"es_ES\" \/>\n<meta property=\"og:type\" content=\"article\" \/>\n<meta property=\"og:title\" content=\"SSP fortalece coordinaci\u00f3n con autoridades de EE.UU. para reforzar seguridad en la regi\u00f3n aguacatera - Diario ABC de Michoac\u00e1n\" \/>\n<meta property=\"og:description\" content=\"Uruapan, Michoac\u00e1n, 5 de agosto de 2026.- El secretario de Seguridad P\u00fablica, Jos\u00e9 Antonio Cruz Medina, sostuvo una reuni\u00f3n de trabajo con un representante del Departamento de Agricultura de los Estados Unidos (USDA), perteneciente al \u00e1rea de seguridad de la Embajada de EE.UU., en las instalaciones del C5 Uruapan, con el prop\u00f3sito de fortalecer la [&hellip;]\" \/>\n<meta property=\"og:url\" content=\"https:\/\/diarioabcdemichoacan.com.mx\/lasnoticias\/ssp-fortalece-coordinacion-con-autoridades-de-ee-uu-para-reforzar-seguridad-en-la-region-aguacatera\/\" \/>\n<meta property=\"og:site_name\" content=\"Diario ABC de Michoac\u00e1n\" \/>\n<meta property=\"article:published_time\" content=\"2026-08-05T06:01:24+00:00\" \/>\n<meta property=\"article:modified_time\" content=\"2026-09-01T06:02:04+00:00\" \/>\n<meta property=\"og:image\" content=\"https:\/\/diarioabcdemichoacan.com.mx\/lasnoticias\/wp-content\/uploads\/2026\/09\/cdd0138a-d943-4daf-be7a-7b3c0fe055a9.jpg\" \/>\n\t<meta property=\"og:image:width\" content=\"1600\" \/>\n\t<meta property=\"og:image:height\" content=\"1144\" \/>\n\t<meta property=\"og:image:type\" content=\"image\/jpeg\" \/>\n<meta name=\"author\" content=\"MB\" \/>\n<meta name=\"twitter:card\" content=\"summary_large_image\" \/>\n<meta name=\"twitter:label1\" content=\"Escrito por\" \/>\n\t<meta name=\"twitter:data1\" content=\"MB\" \/>\n\t<meta name=\"twitter:label2\" content=\"Tiempo de lectura\" \/>\n\t<meta name=\"twitter:data2\" content=\"2 minutos\" \/>\n<script type=\"application\/ld+json\" class=\"yoast-schema-graph\">{\"@context\":\"https:\/\/schema.org\",\"@graph\":[{\"@type\":\"WebPage\",\"@id\":\"https:\/\/diarioabcdemichoacan.com.mx\/lasnoticias\/ssp-fortalece-coordinacion-con-autoridades-de-ee-uu-para-reforzar-seguridad-en-la-region-aguacatera\/\",\"url\":\"https:\/\/diarioabcdemichoacan.com.mx\/lasnoticias\/ssp-fortalece-coordinacion-con-autoridades-de-ee-uu-para-reforzar-seguridad-en-la-region-aguacatera\/\",\"name\":\"SSP fortalece coordinaci\u00f3n con autoridades de EE.UU. para reforzar seguridad en la regi\u00f3n aguacatera - Diario ABC de Michoac\u00e1n\",\"isPartOf\":{\"@id\":\"https:\/\/diarioabcdemichoacan.com.mx\/lasnoticias\/#website\"},\"primaryImageOfPage\":{\"@id\":\"https:\/\/diarioabcdemichoacan.com.mx\/lasnoticias\/ssp-fortalece-coordinacion-con-autoridades-de-ee-uu-para-reforzar-seguridad-en-la-region-aguacatera\/#primaryimage\"},\"image\":{\"@id\":\"https:\/\/diarioabcdemichoacan.com.mx\/lasnoticias\/ssp-fortalece-coordinacion-con-autoridades-de-ee-uu-para-reforzar-seguridad-en-la-region-aguacatera\/#primaryimage\"},\"thumbnailUrl\":\"https:\/\/diarioabcdemichoacan.com.mx\/lasnoticias\/wp-content\/uploads\/2026\/09\/cdd0138a-d943-4daf-be7a-7b3c0fe055a9.jpg\",\"datePublished\":\"2026-08-05T06:01:24+00:00\",\"dateModified\":\"2026-09-01T06:02:04+00:00\",\"author\":{\"@id\":\"https:\/\/diarioabcdemichoacan.com.mx\/lasnoticias\/#\/schema\/person\/0546f9c3407148f7452ca932715c5e88\"},\"breadcrumb\":{\"@id\":\"https:\/\/diarioabcdemichoacan.com.mx\/lasnoticias\/ssp-fortalece-coordinacion-con-autoridades-de-ee-uu-para-reforzar-seguridad-en-la-region-aguacatera\/#breadcrumb\"},\"inLanguage\":\"es\",\"potentialAction\":[{\"@type\":\"ReadAction\",\"target\":[\"https:\/\/diarioabcdemichoacan.com.mx\/lasnoticias\/ssp-fortalece-coordinacion-con-autoridades-de-ee-uu-para-reforzar-seguridad-en-la-region-aguacatera\/\"]}]},{\"@type\":\"ImageObject\",\"inLanguage\":\"es\",\"@id\":\"https:\/\/diarioabcdemichoacan.com.mx\/lasnoticias\/ssp-fortalece-coordinacion-con-autoridades-de-ee-uu-para-reforzar-seguridad-en-la-region-aguacatera\/#primaryimage\",\"url\":\"https:\/\/diarioabcdemichoacan.com.mx\/lasnoticias\/wp-content\/uploads\/2026\/09\/cdd0138a-d943-4daf-be7a-7b3c0fe055a9.jpg\",\"contentUrl\":\"https:\/\/diarioabcdemichoacan.com.mx\/lasnoticias\/wp-content\/uploads\/2026\/09\/cdd0138a-d943-4daf-be7a-7b3c0fe055a9.jpg\",\"width\":1600,\"height\":1144},{\"@type\":\"BreadcrumbList\",\"@id\":\"https:\/\/diarioabcdemichoacan.com.mx\/lasnoticias\/ssp-fortalece-coordinacion-con-autoridades-de-ee-uu-para-reforzar-seguridad-en-la-region-aguacatera\/#breadcrumb\",\"itemListElement\":[{\"@type\":\"ListItem\",\"position\":1,\"name\":\"Portada\",\"item\":\"https:\/\/diarioabcdemichoacan.com.mx\/lasnoticias\/\"},{\"@type\":\"ListItem\",\"position\":2,\"name\":\"SSP fortalece coordinaci\u00f3n con autoridades de EE.UU. para reforzar seguridad en la regi\u00f3n aguacatera\"}]},{\"@type\":\"WebSite\",\"@id\":\"https:\/\/diarioabcdemichoacan.com.mx\/lasnoticias\/#website\",\"url\":\"https:\/\/diarioabcdemichoacan.com.mx\/lasnoticias\/\",\"name\":\"Diario ABC de Michoac\u00e1n\",\"description\":\"Las noticias al momento\",\"potentialAction\":[{\"@type\":\"SearchAction\",\"target\":{\"@type\":\"EntryPoint\",\"urlTemplate\":\"https:\/\/diarioabcdemichoacan.com.mx\/lasnoticias\/?s={search_term_string}\"},\"query-input\":{\"@type\":\"PropertyValueSpecification\",\"valueRequired\":true,\"valueName\":\"search_term_string\"}}],\"inLanguage\":\"es\"},{\"@type\":\"Person\",\"@id\":\"https:\/\/diarioabcdemichoacan.com.mx\/lasnoticias\/#\/schema\/person\/0546f9c3407148f7452ca932715c5e88\",\"name\":\"MB\",\"image\":{\"@type\":\"ImageObject\",\"inLanguage\":\"es\",\"@id\":\"https:\/\/diarioabcdemichoacan.com.mx\/lasnoticias\/#\/schema\/person\/image\/\",\"url\":\"https:\/\/secure.gravatar.com\/avatar\/ac036f018f6a8431a5687a020efaf39d914da6a3fc78ce6029ab7ae29c5130e2?s=96&d=mm&r=g\",\"contentUrl\":\"https:\/\/secure.gravatar.com\/avatar\/ac036f018f6a8431a5687a020efaf39d914da6a3fc78ce6029ab7ae29c5130e2?s=96&d=mm&r=g\",\"caption\":\"MB\"},\"url\":\"https:\/\/diarioabcdemichoacan.com.mx\/lasnoticias\/author\/bomariano03\/\"}]}<\/script>\n<!-- \/ Yoast SEO plugin. -->","yoast_head_json":{"title":"SSP fortalece coordinaci\u00f3n con autoridades de EE.UU. para reforzar seguridad en la regi\u00f3n aguacatera - Diario ABC de Michoac\u00e1n","robots":{"index":"index","follow":"follow","max-snippet":"max-snippet:-1","max-image-preview":"max-image-preview:large","max-video-preview":"max-video-preview:-1"},"canonical":"https:\/\/diarioabcdemichoacan.com.mx\/lasnoticias\/ssp-fortalece-coordinacion-con-autoridades-de-ee-uu-para-reforzar-seguridad-en-la-region-aguacatera\/","og_locale":"es_ES","og_type":"article","og_title":"SSP fortalece coordinaci\u00f3n con autoridades de EE.UU. para reforzar seguridad en la regi\u00f3n aguacatera - Diario ABC de Michoac\u00e1n","og_description":"Uruapan, Michoac\u00e1n, 5 de agosto de 2026.- El secretario de Seguridad P\u00fablica, Jos\u00e9 Antonio Cruz Medina, sostuvo una reuni\u00f3n de trabajo con un representante del Departamento de Agricultura de los Estados Unidos (USDA), perteneciente al \u00e1rea de seguridad de la Embajada de EE.UU., en las instalaciones del C5 Uruapan, con el prop\u00f3sito de fortalecer la [&hellip;]","og_url":"https:\/\/diarioabcdemichoacan.com.mx\/lasnoticias\/ssp-fortalece-coordinacion-con-autoridades-de-ee-uu-para-reforzar-seguridad-en-la-region-aguacatera\/","og_site_name":"Diario ABC de Michoac\u00e1n","article_published_time":"2026-08-05T06:01:24+00:00","article_modified_time":"2026-09-01T06:02:04+00:00","og_image":[{"width":1600,"height":1144,"url":"https:\/\/diarioabcdemichoacan.com.mx\/lasnoticias\/wp-content\/uploads\/2026\/09\/cdd0138a-d943-4daf-be7a-7b3c0fe055a9.jpg","type":"image\/jpeg"}],"author":"MB","twitter_card":"summary_large_image","twitter_misc":{"Escrito por":"MB","Tiempo de lectura":"2 minutos"},"schema":{"@context":"https:\/\/schema.org","@graph":[{"@type":"WebPage","@id":"https:\/\/diarioabcdemichoacan.com.mx\/lasnoticias\/ssp-fortalece-coordinacion-con-autoridades-de-ee-uu-para-reforzar-seguridad-en-la-region-aguacatera\/","url":"https:\/\/diarioabcdemichoacan.com.mx\/lasnoticias\/ssp-fortalece-coordinacion-con-autoridades-de-ee-uu-para-reforzar-seguridad-en-la-region-aguacatera\/","name":"SSP fortalece coordinaci\u00f3n con autoridades de EE.UU. para reforzar seguridad en la regi\u00f3n aguacatera - Diario ABC de Michoac\u00e1n","isPartOf":{"@id":"https:\/\/diarioabcdemichoacan.com.mx\/lasnoticias\/#website"},"primaryImageOfPage":{"@id":"https:\/\/diarioabcdemichoacan.com.mx\/lasnoticias\/ssp-fortalece-coordinacion-con-autoridades-de-ee-uu-para-reforzar-seguridad-en-la-region-aguacatera\/#primaryimage"},"image":{"@id":"https:\/\/diarioabcdemichoacan.com.mx\/lasnoticias\/ssp-fortalece-coordinacion-con-autoridades-de-ee-uu-para-reforzar-seguridad-en-la-region-aguacatera\/#primaryimage"},"thumbnailUrl":"https:\/\/diarioabcdemichoacan.com.mx\/lasnoticias\/wp-content\/uploads\/2026\/09\/cdd0138a-d943-4daf-be7a-7b3c0fe055a9.jpg","datePublished":"2026-08-05T06:01:24+00:00","dateModified":"2026-09-01T06:02:04+00:00","author":{"@id":"https:\/\/diarioabcdemichoacan.com.mx\/lasnoticias\/#\/schema\/person\/0546f9c3407148f7452ca932715c5e88"},"breadcrumb":{"@id":"https:\/\/diarioabcdemichoacan.com.mx\/lasnoticias\/ssp-fortalece-coordinacion-con-autoridades-de-ee-uu-para-reforzar-seguridad-en-la-region-aguacatera\/#breadcrumb"},"inLanguage":"es","potentialAction":[{"@type":"ReadAction","target":["https:\/\/diarioabcdemichoacan.com.mx\/lasnoticias\/ssp-fortalece-coordinacion-con-autoridades-de-ee-uu-para-reforzar-seguridad-en-la-region-aguacatera\/"]}]},{"@type":"ImageObject","inLanguage":"es","@id":"https:\/\/diarioabcdemichoacan.com.mx\/lasnoticias\/ssp-fortalece-coordinacion-con-autoridades-de-ee-uu-para-reforzar-seguridad-en-la-region-aguacatera\/#primaryimage","url":"https:\/\/diarioabcdemichoacan.com.mx\/lasnoticias\/wp-content\/uploads\/2026\/09\/cdd0138a-d943-4daf-be7a-7b3c0fe055a9.jpg","contentUrl":"https:\/\/diarioabcdemichoacan.com.mx\/lasnoticias\/wp-content\/uploads\/2026\/09\/cdd0138a-d943-4daf-be7a-7b3c0fe055a9.jpg","width":1600,"height":1144},{"@type":"BreadcrumbList","@id":"https:\/\/diarioabcdemichoacan.com.mx\/lasnoticias\/ssp-fortalece-coordinacion-con-autoridades-de-ee-uu-para-reforzar-seguridad-en-la-region-aguacatera\/#breadcrumb","itemListElement":[{"@type":"ListItem","position":1,"name":"Portada","item":"https:\/\/diarioabcdemichoacan.com.mx\/lasnoticias\/"},{"@type":"ListItem","position":2,"name":"SSP fortalece coordinaci\u00f3n con autoridades de EE.UU. para reforzar seguridad en la regi\u00f3n aguacatera"}]},{"@type":"WebSite","@id":"https:\/\/diarioabcdemichoacan.com.mx\/lasnoticias\/#website","url":"https:\/\/diarioabcdemichoacan.com.mx\/lasnoticias\/","name":"Diario ABC de Michoac\u00e1n","description":"Las noticias al momento","potentialAction":[{"@type":"SearchAction","target":{"@type":"EntryPoint","urlTemplate":"https:\/\/diarioabcdemichoacan.com.mx\/lasnoticias\/?s={search_term_string}"},"query-input":{"@type":"PropertyValueSpecification","valueRequired":true,"valueName":"search_term_string"}}],"inLanguage":"es"},{"@type":"Person","@id":"https:\/\/diarioabcdemichoacan.com.mx\/lasnoticias\/#\/schema\/person\/0546f9c3407148f7452ca932715c5e88","name":"MB","image":{"@type":"ImageObject","inLanguage":"es","@id":"https:\/\/diarioabcdemichoacan.com.mx\/lasnoticias\/#\/schema\/person\/image\/","url":"https:\/\/secure.gravatar.com\/avatar\/ac036f018f6a8431a5687a020efaf39d914da6a3fc78ce6029ab7ae29c5130e2?s=96&d=mm&r=g","contentUrl":"https:\/\/secure.gravatar.com\/avatar\/ac036f018f6a8431a5687a020efaf39d914da6a3fc78ce6029ab7ae29c5130e2?s=96&d=mm&r=g","caption":"MB"},"url":"https:\/\/diarioabcdemichoacan.com.mx\/lasnoticias\/author\/bomariano03\/"}]}},"_links":{"self":[{"href":"https:\/\/diarioabcdemichoacan.com.mx\/lasnoticias\/wp-json\/wp\/v2\/posts\/84035","targetHints":{"allow":["GET"]}}],"collection":[{"href":"https:\/\/diarioabcdemichoacan.com.mx\/lasnoticias\/wp-json\/wp\/v2\/posts"}],"about":[{"href":"https:\/\/diarioabcdemichoacan.com.mx\/lasnoticias\/wp-json\/wp\/v2\/types\/post"}],"author":[{"embeddable":true,"href":"https:\/\/diarioabcdemichoacan.com.mx\/lasnoticias\/wp-json\/wp\/v2\/users\/6"}],"replies":[{"embeddable":true,"href":"https:\/\/diarioabcdemichoacan.com.mx\/lasnoticias\/wp-json\/wp\/v2\/comments?post=84035"}],"version-history":[{"count":1,"href":"https:\/\/diarioabcdemichoacan.com.mx\/lasnoticias\/wp-json\/wp\/v2\/posts\/84035\/revisions"}],"predecessor-version":[{"id":84037,"href":"https:\/\/diarioabcdemichoacan.com.mx\/lasnoticias\/wp-json\/wp\/v2\/posts\/84035\/revisions\/84037"}],"wp:featuredmedia":[{"embeddable":true,"href":"https:\/\/diarioabcdemichoacan.com.mx\/lasnoticias\/wp-json\/wp\/v2\/media\/84036"}],"wp:attachment":[{"href":"https:\/\/diarioabcdemichoacan.com.mx\/lasnoticias\/wp-json\/wp\/v2\/media?parent=84035"}],"wp:term":[{"taxonomy":"category","embeddable":true,"href":"https:\/\/diarioabcdemichoacan.com.mx\/lasnoticias\/wp-json\/wp\/v2\/categories?post=84035"},{"taxonomy":"post_tag","embeddable":true,"href":"https:\/\/diarioabcdemichoacan.com.mx\/lasnoticias\/wp-json\/wp\/v2\/tags?post=84035"}],"curies":[{"name":"wp","href":"https:\/\/api.w.org\/{rel}","templated":true}]}}