{"id":84044,"date":"2026-08-05T00:04:25","date_gmt":"2026-08-05T06:04:25","guid":{"rendered":"https:\/\/diarioabcdemichoacan.com.mx\/lasnoticias\/?p=84044"},"modified":"2026-09-01T00:05:18","modified_gmt":"2026-09-01T06:05:18","slug":"gobierno-de-michoacan-coordina-acciones-con-la-federacion-y-la-embajada-de-ee-uu-para-reactivar-exportaciones-de-aguacate","status":"publish","type":"post","link":"https:\/\/diarioabcdemichoacan.com.mx\/lasnoticias\/gobierno-de-michoacan-coordina-acciones-con-la-federacion-y-la-embajada-de-ee-uu-para-reactivar-exportaciones-de-aguacate\/","title":{"rendered":"Gobierno de Michoac\u00e1n coordina acciones con la Federaci\u00f3n y la Embajada de EE. UU. para reactivar exportaciones de aguacate"},"content":{"rendered":"<p>La pausa en la supervisi\u00f3n responde a protocolos preventivos de la Embajada de EE. UU. tras la detenci\u00f3n de un relevante operador delictivo en la regi\u00f3n de Los Reyes<\/p>\n<hr \/>\n<p>Morelia, Michoac\u00e1n, 5 de agosto de 2026.- El gobernador Alfredo Ram\u00edrez Bedolla, inform\u00f3 que se mantiene en coordinaci\u00f3n directa y permanente con el Gobierno Federal y el \u00e1rea de seguridad de la Embajada de Estados Unidos, con el objetivo de garantizar las condiciones necesarias para restablecer las actividades de supervisi\u00f3n de los inspectores del Servicio de Inspecci\u00f3n Sanitaria de Animales y Plantas (USDA-APHIS) y dar continuidad a las exportaciones del aguacate michoacano.<\/p><div id=\"diari-2440126956\" class=\"diari-contenido diari-entity-placement\"><img loading=\"lazy\" decoding=\"async\" src=\"https:\/\/diarioabcdemichoacan.com.mx\/lasnoticias\/wp-content\/uploads\/2024\/07\/WhatsApp-Image-2024-05-07-at-10.12.40-a.m.jpeg\" alt=\"\"  srcset=\"https:\/\/diarioabcdemichoacan.com.mx\/lasnoticias\/wp-content\/uploads\/2024\/07\/WhatsApp-Image-2024-05-07-at-10.12.40-a.m.jpeg 400w, https:\/\/diarioabcdemichoacan.com.mx\/lasnoticias\/wp-content\/uploads\/2024\/07\/WhatsApp-Image-2024-05-07-at-10.12.40-a.m-150x150.jpeg 150w, https:\/\/diarioabcdemichoacan.com.mx\/lasnoticias\/wp-content\/uploads\/2024\/07\/WhatsApp-Image-2024-05-07-at-10.12.40-a.m-300x300.jpeg 300w\" sizes=\"(max-width: 400px) 100vw, 400px\" width=\"400\" height=\"400\"  style=\"display: inline-block;\" \/><\/div>\n<p>Detall\u00f3 que la suspensi\u00f3n temporal de las inspecciones por parte de la representaci\u00f3n diplom\u00e1tica estadounidense responde a medidas preventivas para salvaguardar la integridad de su personal, implementadas tras operativos de seguridad recientes en la entidad.<\/p>\n<p>Explic\u00f3 que en el estado se mantiene un combate frontal contra la extorsi\u00f3n mediante un despliegue operativo interinstitucional enfocado en desarticular redes criminales e incrementar la detenci\u00f3n de presuntos implicados. Esta estrategia integral combina el reforzamiento de la seguridad.<\/p>\n<p>Entre estas acciones destaca la detenci\u00f3n realizada el pasado s\u00e1bado de Alfonso \u201cN\u201d, alias \u201cLa Quiringua\u201d, identificado como uno de los principales operadores delictivos en los municipios de Los Reyes, Perib\u00e1n, Tocumbo, Cotija y Ting\u00fcind\u00edn, vinculado a delitos de extorsi\u00f3n y distribuci\u00f3n de sustancias il\u00edcitas. Adem\u00e1s, de que era buscado por autoridades estadunidenses, por v\u00ednculos delincuenciales.<\/p>\n<p>Ram\u00edrez Bedolla enfatiz\u00f3 la importancia econ\u00f3mica y social del sector, al recordar que la industria agroexportadora de aguacate genera m\u00e1s de 200 mil empleos directos e indirectos en Michoac\u00e1n.<\/p>\n<p>Por ello, reiter\u00f3 que la administraci\u00f3n estatal da puntual seguimiento a los protocolos de seguridad de la mano con las autoridades federales y estadounidenses para resolver la situaci\u00f3n a la brevedad.<\/p>\n","protected":false},"excerpt":{"rendered":"<p>La pausa en la supervisi\u00f3n responde a protocolos preventivos de la Embajada de EE. UU. tras la detenci\u00f3n de un relevante operador delictivo en la regi\u00f3n de Los Reyes Morelia, Michoac\u00e1n, 5 de agosto de 2026.- El gobernador Alfredo Ram\u00edrez Bedolla, inform\u00f3 que se mantiene en coordinaci\u00f3n directa y permanente con el Gobierno Federal y [&hellip;]<\/p>\n","protected":false},"author":6,"featured_media":84045,"comment_status":"closed","ping_status":"closed","sticky":false,"template":"","format":"standard","meta":{"footnotes":""},"categories":[31,10,17,12],"tags":[],"class_list":["post-84044","post","type-post","status-publish","format-standard","has-post-thumbnail","category-economia-y-capital-humano","category-estado","category-gobierno-de-michoacan","category-internacional"],"yoast_head":"<!-- This site is optimized with the Yoast SEO plugin v24.0 - https:\/\/yoast.com\/wordpress\/plugins\/seo\/ -->\n<title>Gobierno de Michoac\u00e1n coordina acciones con la Federaci\u00f3n y la Embajada de EE. UU. para reactivar exportaciones de aguacate - Diario ABC de Michoac\u00e1n<\/title>\n<meta name=\"robots\" content=\"index, follow, max-snippet:-1, max-image-preview:large, max-video-preview:-1\" \/>\n<link rel=\"canonical\" href=\"https:\/\/diarioabcdemichoacan.com.mx\/lasnoticias\/gobierno-de-michoacan-coordina-acciones-con-la-federacion-y-la-embajada-de-ee-uu-para-reactivar-exportaciones-de-aguacate\/\" \/>\n<meta property=\"og:locale\" content=\"es_ES\" \/>\n<meta property=\"og:type\" content=\"article\" \/>\n<meta property=\"og:title\" content=\"Gobierno de Michoac\u00e1n coordina acciones con la Federaci\u00f3n y la Embajada de EE. UU. para reactivar exportaciones de aguacate - Diario ABC de Michoac\u00e1n\" \/>\n<meta property=\"og:description\" content=\"La pausa en la supervisi\u00f3n responde a protocolos preventivos de la Embajada de EE. UU. tras la detenci\u00f3n de un relevante operador delictivo en la regi\u00f3n de Los Reyes Morelia, Michoac\u00e1n, 5 de agosto de 2026.- El gobernador Alfredo Ram\u00edrez Bedolla, inform\u00f3 que se mantiene en coordinaci\u00f3n directa y permanente con el Gobierno Federal y [&hellip;]\" \/>\n<meta property=\"og:url\" content=\"https:\/\/diarioabcdemichoacan.com.mx\/lasnoticias\/gobierno-de-michoacan-coordina-acciones-con-la-federacion-y-la-embajada-de-ee-uu-para-reactivar-exportaciones-de-aguacate\/\" \/>\n<meta property=\"og:site_name\" content=\"Diario ABC de Michoac\u00e1n\" \/>\n<meta property=\"article:published_time\" content=\"2026-08-05T06:04:25+00:00\" \/>\n<meta property=\"article:modified_time\" content=\"2026-09-01T06:05:18+00:00\" \/>\n<meta property=\"og:image\" content=\"https:\/\/diarioabcdemichoacan.com.mx\/lasnoticias\/wp-content\/uploads\/2026\/09\/76ef034c-5a25-4662-9ab1-51af43deaebe.jpg\" \/>\n\t<meta property=\"og:image:width\" content=\"1206\" \/>\n\t<meta property=\"og:image:height\" content=\"565\" \/>\n\t<meta property=\"og:image:type\" content=\"image\/jpeg\" \/>\n<meta name=\"author\" content=\"MB\" \/>\n<meta name=\"twitter:card\" content=\"summary_large_image\" \/>\n<meta name=\"twitter:label1\" content=\"Escrito por\" \/>\n\t<meta name=\"twitter:data1\" content=\"MB\" \/>\n\t<meta name=\"twitter:label2\" content=\"Tiempo de lectura\" \/>\n\t<meta name=\"twitter:data2\" content=\"2 minutos\" \/>\n<script type=\"application\/ld+json\" class=\"yoast-schema-graph\">{\"@context\":\"https:\/\/schema.org\",\"@graph\":[{\"@type\":\"WebPage\",\"@id\":\"https:\/\/diarioabcdemichoacan.com.mx\/lasnoticias\/gobierno-de-michoacan-coordina-acciones-con-la-federacion-y-la-embajada-de-ee-uu-para-reactivar-exportaciones-de-aguacate\/\",\"url\":\"https:\/\/diarioabcdemichoacan.com.mx\/lasnoticias\/gobierno-de-michoacan-coordina-acciones-con-la-federacion-y-la-embajada-de-ee-uu-para-reactivar-exportaciones-de-aguacate\/\",\"name\":\"Gobierno de Michoac\u00e1n coordina acciones con la Federaci\u00f3n y la Embajada de EE. UU. para reactivar exportaciones de aguacate - Diario ABC de Michoac\u00e1n\",\"isPartOf\":{\"@id\":\"https:\/\/diarioabcdemichoacan.com.mx\/lasnoticias\/#website\"},\"primaryImageOfPage\":{\"@id\":\"https:\/\/diarioabcdemichoacan.com.mx\/lasnoticias\/gobierno-de-michoacan-coordina-acciones-con-la-federacion-y-la-embajada-de-ee-uu-para-reactivar-exportaciones-de-aguacate\/#primaryimage\"},\"image\":{\"@id\":\"https:\/\/diarioabcdemichoacan.com.mx\/lasnoticias\/gobierno-de-michoacan-coordina-acciones-con-la-federacion-y-la-embajada-de-ee-uu-para-reactivar-exportaciones-de-aguacate\/#primaryimage\"},\"thumbnailUrl\":\"https:\/\/diarioabcdemichoacan.com.mx\/lasnoticias\/wp-content\/uploads\/2026\/09\/76ef034c-5a25-4662-9ab1-51af43deaebe.jpg\",\"datePublished\":\"2026-08-05T06:04:25+00:00\",\"dateModified\":\"2026-09-01T06:05:18+00:00\",\"author\":{\"@id\":\"https:\/\/diarioabcdemichoacan.com.mx\/lasnoticias\/#\/schema\/person\/0546f9c3407148f7452ca932715c5e88\"},\"breadcrumb\":{\"@id\":\"https:\/\/diarioabcdemichoacan.com.mx\/lasnoticias\/gobierno-de-michoacan-coordina-acciones-con-la-federacion-y-la-embajada-de-ee-uu-para-reactivar-exportaciones-de-aguacate\/#breadcrumb\"},\"inLanguage\":\"es\",\"potentialAction\":[{\"@type\":\"ReadAction\",\"target\":[\"https:\/\/diarioabcdemichoacan.com.mx\/lasnoticias\/gobierno-de-michoacan-coordina-acciones-con-la-federacion-y-la-embajada-de-ee-uu-para-reactivar-exportaciones-de-aguacate\/\"]}]},{\"@type\":\"ImageObject\",\"inLanguage\":\"es\",\"@id\":\"https:\/\/diarioabcdemichoacan.com.mx\/lasnoticias\/gobierno-de-michoacan-coordina-acciones-con-la-federacion-y-la-embajada-de-ee-uu-para-reactivar-exportaciones-de-aguacate\/#primaryimage\",\"url\":\"https:\/\/diarioabcdemichoacan.com.mx\/lasnoticias\/wp-content\/uploads\/2026\/09\/76ef034c-5a25-4662-9ab1-51af43deaebe.jpg\",\"contentUrl\":\"https:\/\/diarioabcdemichoacan.com.mx\/lasnoticias\/wp-content\/uploads\/2026\/09\/76ef034c-5a25-4662-9ab1-51af43deaebe.jpg\",\"width\":1206,\"height\":565},{\"@type\":\"BreadcrumbList\",\"@id\":\"https:\/\/diarioabcdemichoacan.com.mx\/lasnoticias\/gobierno-de-michoacan-coordina-acciones-con-la-federacion-y-la-embajada-de-ee-uu-para-reactivar-exportaciones-de-aguacate\/#breadcrumb\",\"itemListElement\":[{\"@type\":\"ListItem\",\"position\":1,\"name\":\"Portada\",\"item\":\"https:\/\/diarioabcdemichoacan.com.mx\/lasnoticias\/\"},{\"@type\":\"ListItem\",\"position\":2,\"name\":\"Gobierno de Michoac\u00e1n coordina acciones con la Federaci\u00f3n y la Embajada de EE. UU. para reactivar exportaciones de aguacate\"}]},{\"@type\":\"WebSite\",\"@id\":\"https:\/\/diarioabcdemichoacan.com.mx\/lasnoticias\/#website\",\"url\":\"https:\/\/diarioabcdemichoacan.com.mx\/lasnoticias\/\",\"name\":\"Diario ABC de Michoac\u00e1n\",\"description\":\"Las noticias al momento\",\"potentialAction\":[{\"@type\":\"SearchAction\",\"target\":{\"@type\":\"EntryPoint\",\"urlTemplate\":\"https:\/\/diarioabcdemichoacan.com.mx\/lasnoticias\/?s={search_term_string}\"},\"query-input\":{\"@type\":\"PropertyValueSpecification\",\"valueRequired\":true,\"valueName\":\"search_term_string\"}}],\"inLanguage\":\"es\"},{\"@type\":\"Person\",\"@id\":\"https:\/\/diarioabcdemichoacan.com.mx\/lasnoticias\/#\/schema\/person\/0546f9c3407148f7452ca932715c5e88\",\"name\":\"MB\",\"image\":{\"@type\":\"ImageObject\",\"inLanguage\":\"es\",\"@id\":\"https:\/\/diarioabcdemichoacan.com.mx\/lasnoticias\/#\/schema\/person\/image\/\",\"url\":\"https:\/\/secure.gravatar.com\/avatar\/ac036f018f6a8431a5687a020efaf39d914da6a3fc78ce6029ab7ae29c5130e2?s=96&d=mm&r=g\",\"contentUrl\":\"https:\/\/secure.gravatar.com\/avatar\/ac036f018f6a8431a5687a020efaf39d914da6a3fc78ce6029ab7ae29c5130e2?s=96&d=mm&r=g\",\"caption\":\"MB\"},\"url\":\"https:\/\/diarioabcdemichoacan.com.mx\/lasnoticias\/author\/bomariano03\/\"}]}<\/script>\n<!-- \/ Yoast SEO plugin. -->","yoast_head_json":{"title":"Gobierno de Michoac\u00e1n coordina acciones con la Federaci\u00f3n y la Embajada de EE. UU. para reactivar exportaciones de aguacate - Diario ABC de Michoac\u00e1n","robots":{"index":"index","follow":"follow","max-snippet":"max-snippet:-1","max-image-preview":"max-image-preview:large","max-video-preview":"max-video-preview:-1"},"canonical":"https:\/\/diarioabcdemichoacan.com.mx\/lasnoticias\/gobierno-de-michoacan-coordina-acciones-con-la-federacion-y-la-embajada-de-ee-uu-para-reactivar-exportaciones-de-aguacate\/","og_locale":"es_ES","og_type":"article","og_title":"Gobierno de Michoac\u00e1n coordina acciones con la Federaci\u00f3n y la Embajada de EE. UU. para reactivar exportaciones de aguacate - Diario ABC de Michoac\u00e1n","og_description":"La pausa en la supervisi\u00f3n responde a protocolos preventivos de la Embajada de EE. UU. tras la detenci\u00f3n de un relevante operador delictivo en la regi\u00f3n de Los Reyes Morelia, Michoac\u00e1n, 5 de agosto de 2026.- El gobernador Alfredo Ram\u00edrez Bedolla, inform\u00f3 que se mantiene en coordinaci\u00f3n directa y permanente con el Gobierno Federal y [&hellip;]","og_url":"https:\/\/diarioabcdemichoacan.com.mx\/lasnoticias\/gobierno-de-michoacan-coordina-acciones-con-la-federacion-y-la-embajada-de-ee-uu-para-reactivar-exportaciones-de-aguacate\/","og_site_name":"Diario ABC de Michoac\u00e1n","article_published_time":"2026-08-05T06:04:25+00:00","article_modified_time":"2026-09-01T06:05:18+00:00","og_image":[{"width":1206,"height":565,"url":"https:\/\/diarioabcdemichoacan.com.mx\/lasnoticias\/wp-content\/uploads\/2026\/09\/76ef034c-5a25-4662-9ab1-51af43deaebe.jpg","type":"image\/jpeg"}],"author":"MB","twitter_card":"summary_large_image","twitter_misc":{"Escrito por":"MB","Tiempo de lectura":"2 minutos"},"schema":{"@context":"https:\/\/schema.org","@graph":[{"@type":"WebPage","@id":"https:\/\/diarioabcdemichoacan.com.mx\/lasnoticias\/gobierno-de-michoacan-coordina-acciones-con-la-federacion-y-la-embajada-de-ee-uu-para-reactivar-exportaciones-de-aguacate\/","url":"https:\/\/diarioabcdemichoacan.com.mx\/lasnoticias\/gobierno-de-michoacan-coordina-acciones-con-la-federacion-y-la-embajada-de-ee-uu-para-reactivar-exportaciones-de-aguacate\/","name":"Gobierno de Michoac\u00e1n coordina acciones con la Federaci\u00f3n y la Embajada de EE. UU. para reactivar exportaciones de aguacate - Diario ABC de Michoac\u00e1n","isPartOf":{"@id":"https:\/\/diarioabcdemichoacan.com.mx\/lasnoticias\/#website"},"primaryImageOfPage":{"@id":"https:\/\/diarioabcdemichoacan.com.mx\/lasnoticias\/gobierno-de-michoacan-coordina-acciones-con-la-federacion-y-la-embajada-de-ee-uu-para-reactivar-exportaciones-de-aguacate\/#primaryimage"},"image":{"@id":"https:\/\/diarioabcdemichoacan.com.mx\/lasnoticias\/gobierno-de-michoacan-coordina-acciones-con-la-federacion-y-la-embajada-de-ee-uu-para-reactivar-exportaciones-de-aguacate\/#primaryimage"},"thumbnailUrl":"https:\/\/diarioabcdemichoacan.com.mx\/lasnoticias\/wp-content\/uploads\/2026\/09\/76ef034c-5a25-4662-9ab1-51af43deaebe.jpg","datePublished":"2026-08-05T06:04:25+00:00","dateModified":"2026-09-01T06:05:18+00:00","author":{"@id":"https:\/\/diarioabcdemichoacan.com.mx\/lasnoticias\/#\/schema\/person\/0546f9c3407148f7452ca932715c5e88"},"breadcrumb":{"@id":"https:\/\/diarioabcdemichoacan.com.mx\/lasnoticias\/gobierno-de-michoacan-coordina-acciones-con-la-federacion-y-la-embajada-de-ee-uu-para-reactivar-exportaciones-de-aguacate\/#breadcrumb"},"inLanguage":"es","potentialAction":[{"@type":"ReadAction","target":["https:\/\/diarioabcdemichoacan.com.mx\/lasnoticias\/gobierno-de-michoacan-coordina-acciones-con-la-federacion-y-la-embajada-de-ee-uu-para-reactivar-exportaciones-de-aguacate\/"]}]},{"@type":"ImageObject","inLanguage":"es","@id":"https:\/\/diarioabcdemichoacan.com.mx\/lasnoticias\/gobierno-de-michoacan-coordina-acciones-con-la-federacion-y-la-embajada-de-ee-uu-para-reactivar-exportaciones-de-aguacate\/#primaryimage","url":"https:\/\/diarioabcdemichoacan.com.mx\/lasnoticias\/wp-content\/uploads\/2026\/09\/76ef034c-5a25-4662-9ab1-51af43deaebe.jpg","contentUrl":"https:\/\/diarioabcdemichoacan.com.mx\/lasnoticias\/wp-content\/uploads\/2026\/09\/76ef034c-5a25-4662-9ab1-51af43deaebe.jpg","width":1206,"height":565},{"@type":"BreadcrumbList","@id":"https:\/\/diarioabcdemichoacan.com.mx\/lasnoticias\/gobierno-de-michoacan-coordina-acciones-con-la-federacion-y-la-embajada-de-ee-uu-para-reactivar-exportaciones-de-aguacate\/#breadcrumb","itemListElement":[{"@type":"ListItem","position":1,"name":"Portada","item":"https:\/\/diarioabcdemichoacan.com.mx\/lasnoticias\/"},{"@type":"ListItem","position":2,"name":"Gobierno de Michoac\u00e1n coordina acciones con la Federaci\u00f3n y la Embajada de EE. UU. para reactivar exportaciones de aguacate"}]},{"@type":"WebSite","@id":"https:\/\/diarioabcdemichoacan.com.mx\/lasnoticias\/#website","url":"https:\/\/diarioabcdemichoacan.com.mx\/lasnoticias\/","name":"Diario ABC de Michoac\u00e1n","description":"Las noticias al momento","potentialAction":[{"@type":"SearchAction","target":{"@type":"EntryPoint","urlTemplate":"https:\/\/diarioabcdemichoacan.com.mx\/lasnoticias\/?s={search_term_string}"},"query-input":{"@type":"PropertyValueSpecification","valueRequired":true,"valueName":"search_term_string"}}],"inLanguage":"es"},{"@type":"Person","@id":"https:\/\/diarioabcdemichoacan.com.mx\/lasnoticias\/#\/schema\/person\/0546f9c3407148f7452ca932715c5e88","name":"MB","image":{"@type":"ImageObject","inLanguage":"es","@id":"https:\/\/diarioabcdemichoacan.com.mx\/lasnoticias\/#\/schema\/person\/image\/","url":"https:\/\/secure.gravatar.com\/avatar\/ac036f018f6a8431a5687a020efaf39d914da6a3fc78ce6029ab7ae29c5130e2?s=96&d=mm&r=g","contentUrl":"https:\/\/secure.gravatar.com\/avatar\/ac036f018f6a8431a5687a020efaf39d914da6a3fc78ce6029ab7ae29c5130e2?s=96&d=mm&r=g","caption":"MB"},"url":"https:\/\/diarioabcdemichoacan.com.mx\/lasnoticias\/author\/bomariano03\/"}]}},"_links":{"self":[{"href":"https:\/\/diarioabcdemichoacan.com.mx\/lasnoticias\/wp-json\/wp\/v2\/posts\/84044","targetHints":{"allow":["GET"]}}],"collection":[{"href":"https:\/\/diarioabcdemichoacan.com.mx\/lasnoticias\/wp-json\/wp\/v2\/posts"}],"about":[{"href":"https:\/\/diarioabcdemichoacan.com.mx\/lasnoticias\/wp-json\/wp\/v2\/types\/post"}],"author":[{"embeddable":true,"href":"https:\/\/diarioabcdemichoacan.com.mx\/lasnoticias\/wp-json\/wp\/v2\/users\/6"}],"replies":[{"embeddable":true,"href":"https:\/\/diarioabcdemichoacan.com.mx\/lasnoticias\/wp-json\/wp\/v2\/comments?post=84044"}],"version-history":[{"count":1,"href":"https:\/\/diarioabcdemichoacan.com.mx\/lasnoticias\/wp-json\/wp\/v2\/posts\/84044\/revisions"}],"predecessor-version":[{"id":84046,"href":"https:\/\/diarioabcdemichoacan.com.mx\/lasnoticias\/wp-json\/wp\/v2\/posts\/84044\/revisions\/84046"}],"wp:featuredmedia":[{"embeddable":true,"href":"https:\/\/diarioabcdemichoacan.com.mx\/lasnoticias\/wp-json\/wp\/v2\/media\/84045"}],"wp:attachment":[{"href":"https:\/\/diarioabcdemichoacan.com.mx\/lasnoticias\/wp-json\/wp\/v2\/media?parent=84044"}],"wp:term":[{"taxonomy":"category","embeddable":true,"href":"https:\/\/diarioabcdemichoacan.com.mx\/lasnoticias\/wp-json\/wp\/v2\/categories?post=84044"},{"taxonomy":"post_tag","embeddable":true,"href":"https:\/\/diarioabcdemichoacan.com.mx\/lasnoticias\/wp-json\/wp\/v2\/tags?post=84044"}],"curies":[{"name":"wp","href":"https:\/\/api.w.org\/{rel}","templated":true}]}}