{"id":84050,"date":"2026-08-05T00:06:14","date_gmt":"2026-08-05T06:06:14","guid":{"rendered":"https:\/\/diarioabcdemichoacan.com.mx\/lasnoticias\/?p=84050"},"modified":"2026-09-01T00:06:50","modified_gmt":"2026-09-01T06:06:50","slug":"michoacan-se-sumara-a-la-jornada-nacional-de-reforestacion-con-13-millones-de-arboles-este-ano-bedolla","status":"publish","type":"post","link":"https:\/\/diarioabcdemichoacan.com.mx\/lasnoticias\/michoacan-se-sumara-a-la-jornada-nacional-de-reforestacion-con-13-millones-de-arboles-este-ano-bedolla\/","title":{"rendered":"Michoac\u00e1n se sumar\u00e1 a la Jornada Nacional de Reforestaci\u00f3n con 13 millones de \u00e1rboles este a\u00f1o: Bedolla"},"content":{"rendered":"<p>Morelia, Michoac\u00e1n, 5 de agosto de 2026.- El gobernador Alfredo Ram\u00edrez Bedolla se\u00f1al\u00f3 que Michoac\u00e1n se sumar\u00e1 a la Jornada Nacional de Reforestaci\u00f3n este domingo 9 de agosto, promovida por la presidenta Claudia Sheinbaum Pardo, la cual busca articular esfuerzos en todo el pa\u00eds para la recuperaci\u00f3n ambiental.<\/p>\n<p>Tras sostener un enlace en la Conferencia del Pueblo, el mandatario estatal destac\u00f3 que para este a\u00f1o la entidad tiene como meta la plantaci\u00f3n de 13 millones de \u00e1rboles en puntos prioritarios para la recuperaci\u00f3n ecol\u00f3gica y la conservaci\u00f3n ambiental.<\/p><div id=\"diari-3778010493\" class=\"diari-contenido diari-entity-placement\"><img loading=\"lazy\" decoding=\"async\" src=\"https:\/\/diarioabcdemichoacan.com.mx\/lasnoticias\/wp-content\/uploads\/2024\/07\/WhatsApp-Image-2024-05-07-at-10.12.40-a.m.jpeg\" alt=\"\"  srcset=\"https:\/\/diarioabcdemichoacan.com.mx\/lasnoticias\/wp-content\/uploads\/2024\/07\/WhatsApp-Image-2024-05-07-at-10.12.40-a.m.jpeg 400w, https:\/\/diarioabcdemichoacan.com.mx\/lasnoticias\/wp-content\/uploads\/2024\/07\/WhatsApp-Image-2024-05-07-at-10.12.40-a.m-150x150.jpeg 150w, https:\/\/diarioabcdemichoacan.com.mx\/lasnoticias\/wp-content\/uploads\/2024\/07\/WhatsApp-Image-2024-05-07-at-10.12.40-a.m-300x300.jpeg 300w\" sizes=\"(max-width: 400px) 100vw, 400px\" width=\"400\" height=\"400\"  style=\"display: inline-block;\" \/><\/div>\n<p>En la jornada del domingo, las labores del Gobierno del Estado se concentrar\u00e1n en la comunidad de San Rafael Coapa, en el municipio de Morelia. Con estas acciones, Michoac\u00e1n alcanzar\u00e1 la cifra acumulada hist\u00f3rica de 50 millones de \u00e1rboles reforestados a lo largo de la presente administraci\u00f3n.<\/p>\n<p>Estos esfuerzos se han desplegado estrat\u00e9gicamente en \u00c1reas Naturales Protegidas (ANP), cuencas h\u00eddricas y reservas ecol\u00f3gicas claves para la recarga de acu\u00edferos y la preservaci\u00f3n de la biodiversidad local.<\/p>\n<p>Asimismo, Ram\u00edrez Bedolla enfatiz\u00f3 la relevancia del plan integral para la protecci\u00f3n de los recursos naturales, se\u00f1alando que 6 millones de \u00e1rboles est\u00e1n destinados espec\u00edficamente a la estrategia de conservaci\u00f3n de la cuenca del lago de P\u00e1tzcuaro, una de las zonas con mayor prioridad ambiental en la entidad.<\/p>\n","protected":false},"excerpt":{"rendered":"<p>Morelia, Michoac\u00e1n, 5 de agosto de 2026.- El gobernador Alfredo Ram\u00edrez Bedolla se\u00f1al\u00f3 que Michoac\u00e1n se sumar\u00e1 a la Jornada Nacional de Reforestaci\u00f3n este domingo 9 de agosto, promovida por la presidenta Claudia Sheinbaum Pardo, la cual busca articular esfuerzos en todo el pa\u00eds para la recuperaci\u00f3n ambiental. Tras sostener un enlace en la Conferencia [&hellip;]<\/p>\n","protected":false},"author":6,"featured_media":84051,"comment_status":"closed","ping_status":"closed","sticky":false,"template":"","format":"standard","meta":{"footnotes":""},"categories":[10,17,32],"tags":[],"class_list":["post-84050","post","type-post","status-publish","format-standard","has-post-thumbnail","category-estado","category-gobierno-de-michoacan","category-medio-ambiente"],"yoast_head":"<!-- This site is optimized with the Yoast SEO plugin v24.0 - https:\/\/yoast.com\/wordpress\/plugins\/seo\/ -->\n<title>Michoac\u00e1n se sumar\u00e1 a la Jornada Nacional de Reforestaci\u00f3n con 13 millones de \u00e1rboles este a\u00f1o: Bedolla - Diario ABC de Michoac\u00e1n<\/title>\n<meta name=\"robots\" content=\"index, follow, max-snippet:-1, max-image-preview:large, max-video-preview:-1\" \/>\n<link rel=\"canonical\" href=\"https:\/\/diarioabcdemichoacan.com.mx\/lasnoticias\/michoacan-se-sumara-a-la-jornada-nacional-de-reforestacion-con-13-millones-de-arboles-este-ano-bedolla\/\" \/>\n<meta property=\"og:locale\" content=\"es_ES\" \/>\n<meta property=\"og:type\" content=\"article\" \/>\n<meta property=\"og:title\" content=\"Michoac\u00e1n se sumar\u00e1 a la Jornada Nacional de Reforestaci\u00f3n con 13 millones de \u00e1rboles este a\u00f1o: Bedolla - Diario ABC de Michoac\u00e1n\" \/>\n<meta property=\"og:description\" content=\"Morelia, Michoac\u00e1n, 5 de agosto de 2026.- El gobernador Alfredo Ram\u00edrez Bedolla se\u00f1al\u00f3 que Michoac\u00e1n se sumar\u00e1 a la Jornada Nacional de Reforestaci\u00f3n este domingo 9 de agosto, promovida por la presidenta Claudia Sheinbaum Pardo, la cual busca articular esfuerzos en todo el pa\u00eds para la recuperaci\u00f3n ambiental. Tras sostener un enlace en la Conferencia [&hellip;]\" \/>\n<meta property=\"og:url\" content=\"https:\/\/diarioabcdemichoacan.com.mx\/lasnoticias\/michoacan-se-sumara-a-la-jornada-nacional-de-reforestacion-con-13-millones-de-arboles-este-ano-bedolla\/\" \/>\n<meta property=\"og:site_name\" content=\"Diario ABC de Michoac\u00e1n\" \/>\n<meta property=\"article:published_time\" content=\"2026-08-05T06:06:14+00:00\" \/>\n<meta property=\"article:modified_time\" content=\"2026-09-01T06:06:50+00:00\" \/>\n<meta property=\"og:image\" content=\"https:\/\/diarioabcdemichoacan.com.mx\/lasnoticias\/wp-content\/uploads\/2026\/09\/5c018ad8-4661-4136-86cf-28bfb3789855.jpg\" \/>\n\t<meta property=\"og:image:width\" content=\"1600\" \/>\n\t<meta property=\"og:image:height\" content=\"1066\" \/>\n\t<meta property=\"og:image:type\" content=\"image\/jpeg\" \/>\n<meta name=\"author\" content=\"MB\" \/>\n<meta name=\"twitter:card\" content=\"summary_large_image\" \/>\n<meta name=\"twitter:label1\" content=\"Escrito por\" \/>\n\t<meta name=\"twitter:data1\" content=\"MB\" \/>\n\t<meta name=\"twitter:label2\" content=\"Tiempo de lectura\" \/>\n\t<meta name=\"twitter:data2\" content=\"2 minutos\" \/>\n<script type=\"application\/ld+json\" class=\"yoast-schema-graph\">{\"@context\":\"https:\/\/schema.org\",\"@graph\":[{\"@type\":\"WebPage\",\"@id\":\"https:\/\/diarioabcdemichoacan.com.mx\/lasnoticias\/michoacan-se-sumara-a-la-jornada-nacional-de-reforestacion-con-13-millones-de-arboles-este-ano-bedolla\/\",\"url\":\"https:\/\/diarioabcdemichoacan.com.mx\/lasnoticias\/michoacan-se-sumara-a-la-jornada-nacional-de-reforestacion-con-13-millones-de-arboles-este-ano-bedolla\/\",\"name\":\"Michoac\u00e1n se sumar\u00e1 a la Jornada Nacional de Reforestaci\u00f3n con 13 millones de \u00e1rboles este a\u00f1o: Bedolla - Diario ABC de Michoac\u00e1n\",\"isPartOf\":{\"@id\":\"https:\/\/diarioabcdemichoacan.com.mx\/lasnoticias\/#website\"},\"primaryImageOfPage\":{\"@id\":\"https:\/\/diarioabcdemichoacan.com.mx\/lasnoticias\/michoacan-se-sumara-a-la-jornada-nacional-de-reforestacion-con-13-millones-de-arboles-este-ano-bedolla\/#primaryimage\"},\"image\":{\"@id\":\"https:\/\/diarioabcdemichoacan.com.mx\/lasnoticias\/michoacan-se-sumara-a-la-jornada-nacional-de-reforestacion-con-13-millones-de-arboles-este-ano-bedolla\/#primaryimage\"},\"thumbnailUrl\":\"https:\/\/diarioabcdemichoacan.com.mx\/lasnoticias\/wp-content\/uploads\/2026\/09\/5c018ad8-4661-4136-86cf-28bfb3789855.jpg\",\"datePublished\":\"2026-08-05T06:06:14+00:00\",\"dateModified\":\"2026-09-01T06:06:50+00:00\",\"author\":{\"@id\":\"https:\/\/diarioabcdemichoacan.com.mx\/lasnoticias\/#\/schema\/person\/0546f9c3407148f7452ca932715c5e88\"},\"breadcrumb\":{\"@id\":\"https:\/\/diarioabcdemichoacan.com.mx\/lasnoticias\/michoacan-se-sumara-a-la-jornada-nacional-de-reforestacion-con-13-millones-de-arboles-este-ano-bedolla\/#breadcrumb\"},\"inLanguage\":\"es\",\"potentialAction\":[{\"@type\":\"ReadAction\",\"target\":[\"https:\/\/diarioabcdemichoacan.com.mx\/lasnoticias\/michoacan-se-sumara-a-la-jornada-nacional-de-reforestacion-con-13-millones-de-arboles-este-ano-bedolla\/\"]}]},{\"@type\":\"ImageObject\",\"inLanguage\":\"es\",\"@id\":\"https:\/\/diarioabcdemichoacan.com.mx\/lasnoticias\/michoacan-se-sumara-a-la-jornada-nacional-de-reforestacion-con-13-millones-de-arboles-este-ano-bedolla\/#primaryimage\",\"url\":\"https:\/\/diarioabcdemichoacan.com.mx\/lasnoticias\/wp-content\/uploads\/2026\/09\/5c018ad8-4661-4136-86cf-28bfb3789855.jpg\",\"contentUrl\":\"https:\/\/diarioabcdemichoacan.com.mx\/lasnoticias\/wp-content\/uploads\/2026\/09\/5c018ad8-4661-4136-86cf-28bfb3789855.jpg\",\"width\":1600,\"height\":1066},{\"@type\":\"BreadcrumbList\",\"@id\":\"https:\/\/diarioabcdemichoacan.com.mx\/lasnoticias\/michoacan-se-sumara-a-la-jornada-nacional-de-reforestacion-con-13-millones-de-arboles-este-ano-bedolla\/#breadcrumb\",\"itemListElement\":[{\"@type\":\"ListItem\",\"position\":1,\"name\":\"Portada\",\"item\":\"https:\/\/diarioabcdemichoacan.com.mx\/lasnoticias\/\"},{\"@type\":\"ListItem\",\"position\":2,\"name\":\"Michoac\u00e1n se sumar\u00e1 a la Jornada Nacional de Reforestaci\u00f3n con 13 millones de \u00e1rboles este a\u00f1o: Bedolla\"}]},{\"@type\":\"WebSite\",\"@id\":\"https:\/\/diarioabcdemichoacan.com.mx\/lasnoticias\/#website\",\"url\":\"https:\/\/diarioabcdemichoacan.com.mx\/lasnoticias\/\",\"name\":\"Diario ABC de Michoac\u00e1n\",\"description\":\"Las noticias al momento\",\"potentialAction\":[{\"@type\":\"SearchAction\",\"target\":{\"@type\":\"EntryPoint\",\"urlTemplate\":\"https:\/\/diarioabcdemichoacan.com.mx\/lasnoticias\/?s={search_term_string}\"},\"query-input\":{\"@type\":\"PropertyValueSpecification\",\"valueRequired\":true,\"valueName\":\"search_term_string\"}}],\"inLanguage\":\"es\"},{\"@type\":\"Person\",\"@id\":\"https:\/\/diarioabcdemichoacan.com.mx\/lasnoticias\/#\/schema\/person\/0546f9c3407148f7452ca932715c5e88\",\"name\":\"MB\",\"image\":{\"@type\":\"ImageObject\",\"inLanguage\":\"es\",\"@id\":\"https:\/\/diarioabcdemichoacan.com.mx\/lasnoticias\/#\/schema\/person\/image\/\",\"url\":\"https:\/\/secure.gravatar.com\/avatar\/ac036f018f6a8431a5687a020efaf39d914da6a3fc78ce6029ab7ae29c5130e2?s=96&d=mm&r=g\",\"contentUrl\":\"https:\/\/secure.gravatar.com\/avatar\/ac036f018f6a8431a5687a020efaf39d914da6a3fc78ce6029ab7ae29c5130e2?s=96&d=mm&r=g\",\"caption\":\"MB\"},\"url\":\"https:\/\/diarioabcdemichoacan.com.mx\/lasnoticias\/author\/bomariano03\/\"}]}<\/script>\n<!-- \/ Yoast SEO plugin. -->","yoast_head_json":{"title":"Michoac\u00e1n se sumar\u00e1 a la Jornada Nacional de Reforestaci\u00f3n con 13 millones de \u00e1rboles este a\u00f1o: Bedolla - Diario ABC de Michoac\u00e1n","robots":{"index":"index","follow":"follow","max-snippet":"max-snippet:-1","max-image-preview":"max-image-preview:large","max-video-preview":"max-video-preview:-1"},"canonical":"https:\/\/diarioabcdemichoacan.com.mx\/lasnoticias\/michoacan-se-sumara-a-la-jornada-nacional-de-reforestacion-con-13-millones-de-arboles-este-ano-bedolla\/","og_locale":"es_ES","og_type":"article","og_title":"Michoac\u00e1n se sumar\u00e1 a la Jornada Nacional de Reforestaci\u00f3n con 13 millones de \u00e1rboles este a\u00f1o: Bedolla - Diario ABC de Michoac\u00e1n","og_description":"Morelia, Michoac\u00e1n, 5 de agosto de 2026.- El gobernador Alfredo Ram\u00edrez Bedolla se\u00f1al\u00f3 que Michoac\u00e1n se sumar\u00e1 a la Jornada Nacional de Reforestaci\u00f3n este domingo 9 de agosto, promovida por la presidenta Claudia Sheinbaum Pardo, la cual busca articular esfuerzos en todo el pa\u00eds para la recuperaci\u00f3n ambiental. Tras sostener un enlace en la Conferencia [&hellip;]","og_url":"https:\/\/diarioabcdemichoacan.com.mx\/lasnoticias\/michoacan-se-sumara-a-la-jornada-nacional-de-reforestacion-con-13-millones-de-arboles-este-ano-bedolla\/","og_site_name":"Diario ABC de Michoac\u00e1n","article_published_time":"2026-08-05T06:06:14+00:00","article_modified_time":"2026-09-01T06:06:50+00:00","og_image":[{"width":1600,"height":1066,"url":"https:\/\/diarioabcdemichoacan.com.mx\/lasnoticias\/wp-content\/uploads\/2026\/09\/5c018ad8-4661-4136-86cf-28bfb3789855.jpg","type":"image\/jpeg"}],"author":"MB","twitter_card":"summary_large_image","twitter_misc":{"Escrito por":"MB","Tiempo de lectura":"2 minutos"},"schema":{"@context":"https:\/\/schema.org","@graph":[{"@type":"WebPage","@id":"https:\/\/diarioabcdemichoacan.com.mx\/lasnoticias\/michoacan-se-sumara-a-la-jornada-nacional-de-reforestacion-con-13-millones-de-arboles-este-ano-bedolla\/","url":"https:\/\/diarioabcdemichoacan.com.mx\/lasnoticias\/michoacan-se-sumara-a-la-jornada-nacional-de-reforestacion-con-13-millones-de-arboles-este-ano-bedolla\/","name":"Michoac\u00e1n se sumar\u00e1 a la Jornada Nacional de Reforestaci\u00f3n con 13 millones de \u00e1rboles este a\u00f1o: Bedolla - Diario ABC de Michoac\u00e1n","isPartOf":{"@id":"https:\/\/diarioabcdemichoacan.com.mx\/lasnoticias\/#website"},"primaryImageOfPage":{"@id":"https:\/\/diarioabcdemichoacan.com.mx\/lasnoticias\/michoacan-se-sumara-a-la-jornada-nacional-de-reforestacion-con-13-millones-de-arboles-este-ano-bedolla\/#primaryimage"},"image":{"@id":"https:\/\/diarioabcdemichoacan.com.mx\/lasnoticias\/michoacan-se-sumara-a-la-jornada-nacional-de-reforestacion-con-13-millones-de-arboles-este-ano-bedolla\/#primaryimage"},"thumbnailUrl":"https:\/\/diarioabcdemichoacan.com.mx\/lasnoticias\/wp-content\/uploads\/2026\/09\/5c018ad8-4661-4136-86cf-28bfb3789855.jpg","datePublished":"2026-08-05T06:06:14+00:00","dateModified":"2026-09-01T06:06:50+00:00","author":{"@id":"https:\/\/diarioabcdemichoacan.com.mx\/lasnoticias\/#\/schema\/person\/0546f9c3407148f7452ca932715c5e88"},"breadcrumb":{"@id":"https:\/\/diarioabcdemichoacan.com.mx\/lasnoticias\/michoacan-se-sumara-a-la-jornada-nacional-de-reforestacion-con-13-millones-de-arboles-este-ano-bedolla\/#breadcrumb"},"inLanguage":"es","potentialAction":[{"@type":"ReadAction","target":["https:\/\/diarioabcdemichoacan.com.mx\/lasnoticias\/michoacan-se-sumara-a-la-jornada-nacional-de-reforestacion-con-13-millones-de-arboles-este-ano-bedolla\/"]}]},{"@type":"ImageObject","inLanguage":"es","@id":"https:\/\/diarioabcdemichoacan.com.mx\/lasnoticias\/michoacan-se-sumara-a-la-jornada-nacional-de-reforestacion-con-13-millones-de-arboles-este-ano-bedolla\/#primaryimage","url":"https:\/\/diarioabcdemichoacan.com.mx\/lasnoticias\/wp-content\/uploads\/2026\/09\/5c018ad8-4661-4136-86cf-28bfb3789855.jpg","contentUrl":"https:\/\/diarioabcdemichoacan.com.mx\/lasnoticias\/wp-content\/uploads\/2026\/09\/5c018ad8-4661-4136-86cf-28bfb3789855.jpg","width":1600,"height":1066},{"@type":"BreadcrumbList","@id":"https:\/\/diarioabcdemichoacan.com.mx\/lasnoticias\/michoacan-se-sumara-a-la-jornada-nacional-de-reforestacion-con-13-millones-de-arboles-este-ano-bedolla\/#breadcrumb","itemListElement":[{"@type":"ListItem","position":1,"name":"Portada","item":"https:\/\/diarioabcdemichoacan.com.mx\/lasnoticias\/"},{"@type":"ListItem","position":2,"name":"Michoac\u00e1n se sumar\u00e1 a la Jornada Nacional de Reforestaci\u00f3n con 13 millones de \u00e1rboles este a\u00f1o: Bedolla"}]},{"@type":"WebSite","@id":"https:\/\/diarioabcdemichoacan.com.mx\/lasnoticias\/#website","url":"https:\/\/diarioabcdemichoacan.com.mx\/lasnoticias\/","name":"Diario ABC de Michoac\u00e1n","description":"Las noticias al momento","potentialAction":[{"@type":"SearchAction","target":{"@type":"EntryPoint","urlTemplate":"https:\/\/diarioabcdemichoacan.com.mx\/lasnoticias\/?s={search_term_string}"},"query-input":{"@type":"PropertyValueSpecification","valueRequired":true,"valueName":"search_term_string"}}],"inLanguage":"es"},{"@type":"Person","@id":"https:\/\/diarioabcdemichoacan.com.mx\/lasnoticias\/#\/schema\/person\/0546f9c3407148f7452ca932715c5e88","name":"MB","image":{"@type":"ImageObject","inLanguage":"es","@id":"https:\/\/diarioabcdemichoacan.com.mx\/lasnoticias\/#\/schema\/person\/image\/","url":"https:\/\/secure.gravatar.com\/avatar\/ac036f018f6a8431a5687a020efaf39d914da6a3fc78ce6029ab7ae29c5130e2?s=96&d=mm&r=g","contentUrl":"https:\/\/secure.gravatar.com\/avatar\/ac036f018f6a8431a5687a020efaf39d914da6a3fc78ce6029ab7ae29c5130e2?s=96&d=mm&r=g","caption":"MB"},"url":"https:\/\/diarioabcdemichoacan.com.mx\/lasnoticias\/author\/bomariano03\/"}]}},"_links":{"self":[{"href":"https:\/\/diarioabcdemichoacan.com.mx\/lasnoticias\/wp-json\/wp\/v2\/posts\/84050","targetHints":{"allow":["GET"]}}],"collection":[{"href":"https:\/\/diarioabcdemichoacan.com.mx\/lasnoticias\/wp-json\/wp\/v2\/posts"}],"about":[{"href":"https:\/\/diarioabcdemichoacan.com.mx\/lasnoticias\/wp-json\/wp\/v2\/types\/post"}],"author":[{"embeddable":true,"href":"https:\/\/diarioabcdemichoacan.com.mx\/lasnoticias\/wp-json\/wp\/v2\/users\/6"}],"replies":[{"embeddable":true,"href":"https:\/\/diarioabcdemichoacan.com.mx\/lasnoticias\/wp-json\/wp\/v2\/comments?post=84050"}],"version-history":[{"count":1,"href":"https:\/\/diarioabcdemichoacan.com.mx\/lasnoticias\/wp-json\/wp\/v2\/posts\/84050\/revisions"}],"predecessor-version":[{"id":84052,"href":"https:\/\/diarioabcdemichoacan.com.mx\/lasnoticias\/wp-json\/wp\/v2\/posts\/84050\/revisions\/84052"}],"wp:featuredmedia":[{"embeddable":true,"href":"https:\/\/diarioabcdemichoacan.com.mx\/lasnoticias\/wp-json\/wp\/v2\/media\/84051"}],"wp:attachment":[{"href":"https:\/\/diarioabcdemichoacan.com.mx\/lasnoticias\/wp-json\/wp\/v2\/media?parent=84050"}],"wp:term":[{"taxonomy":"category","embeddable":true,"href":"https:\/\/diarioabcdemichoacan.com.mx\/lasnoticias\/wp-json\/wp\/v2\/categories?post=84050"},{"taxonomy":"post_tag","embeddable":true,"href":"https:\/\/diarioabcdemichoacan.com.mx\/lasnoticias\/wp-json\/wp\/v2\/tags?post=84050"}],"curies":[{"name":"wp","href":"https:\/\/api.w.org\/{rel}","templated":true}]}}