{"id":84146,"date":"2026-09-04T09:08:55","date_gmt":"2026-09-04T15:08:55","guid":{"rendered":"https:\/\/diarioabcdemichoacan.com.mx\/lasnoticias\/?p=84146"},"modified":"2026-09-04T09:08:55","modified_gmt":"2026-09-04T15:08:55","slug":"anuncian-gira-de-alfonso-martinez-alcazar-por-lazaro-cardenas","status":"publish","type":"post","link":"https:\/\/diarioabcdemichoacan.com.mx\/lasnoticias\/anuncian-gira-de-alfonso-martinez-alcazar-por-lazaro-cardenas\/","title":{"rendered":"Anuncian gira de Alfonso Mart\u00ednez Alc\u00e1zar por L\u00e1zaro C\u00e1rdenas"},"content":{"rendered":"<p>Se presentar\u00e1 AMA en el puerto; habr\u00e1 reuniones previas con actores pol\u00edticos y liderazgos sociales<\/p>\n<p>MORELIA, Mich.- Septiembre 3 de 2026.- Alfonso Mart\u00ednez Alc\u00e1zar, acudir\u00e1 este fin de semana al puerto de L\u00e1zaro C\u00e1rdenas, en donde sostendr\u00e1 una serie de reuniones de car\u00e1cter pol\u00edtico con liderazgos de la regi\u00f3n.<\/p><div id=\"diari-3215146697\" class=\"diari-contenido diari-entity-placement\"><img loading=\"lazy\" decoding=\"async\" src=\"https:\/\/diarioabcdemichoacan.com.mx\/lasnoticias\/wp-content\/uploads\/2024\/07\/WhatsApp-Image-2024-05-07-at-10.12.40-a.m.jpeg\" alt=\"\"  srcset=\"https:\/\/diarioabcdemichoacan.com.mx\/lasnoticias\/wp-content\/uploads\/2024\/07\/WhatsApp-Image-2024-05-07-at-10.12.40-a.m.jpeg 400w, https:\/\/diarioabcdemichoacan.com.mx\/lasnoticias\/wp-content\/uploads\/2024\/07\/WhatsApp-Image-2024-05-07-at-10.12.40-a.m-150x150.jpeg 150w, https:\/\/diarioabcdemichoacan.com.mx\/lasnoticias\/wp-content\/uploads\/2024\/07\/WhatsApp-Image-2024-05-07-at-10.12.40-a.m-300x300.jpeg 300w\" sizes=\"(max-width: 400px) 100vw, 400px\" width=\"400\" height=\"400\"  style=\"display: inline-block;\" \/><\/div>\n<p>De acuerdo al programa dado a conocer, Alfonso Mart\u00ednez Alc\u00e1zar, iniciar\u00e1 sus actividades con una reuni\u00f3n de trabajo el s\u00e1bado con empresarios locales. Posteriormente sostendr\u00e1 un encuentro con las y los representantes de los medios de comunicaci\u00f3n.<\/p>\n<p>Alfonso Mart\u00ednez, quien ha gobernado en tres ocasiones la capital michoacana, tendr\u00e1 un encuentro con la militancia de Acci\u00f3n Nacional y m\u00e1s tarde se har\u00e1 la presentaci\u00f3n de AMA en la Unidad Deportiva de Guacamayas.<\/p>\n<p>AMA es un levantamiento ciudadano en el que participan miles de mujeres y hombres cuyo objetivo central es lograr un mejor estado y un mejor pa\u00eds. Entre sus liderazgos se encuentra el propio Alfonso Mart\u00ednez, quien tambi\u00e9n ha sido legislador en 3 ocasiones, dos en el \u00e1mbito local y una en el estatal, donde presidi\u00f3 la mesa directiva del Congreso del Estado.<\/p>\n","protected":false},"excerpt":{"rendered":"<p>Se presentar\u00e1 AMA en el puerto; habr\u00e1 reuniones previas con actores pol\u00edticos y liderazgos sociales MORELIA, Mich.- Septiembre 3 de 2026.- Alfonso Mart\u00ednez Alc\u00e1zar, acudir\u00e1 este fin de semana al puerto de L\u00e1zaro C\u00e1rdenas, en donde sostendr\u00e1 una serie de reuniones de car\u00e1cter pol\u00edtico con liderazgos de la regi\u00f3n. De acuerdo al programa dado a [&hellip;]<\/p>\n","protected":false},"author":10,"featured_media":84147,"comment_status":"closed","ping_status":"closed","sticky":false,"template":"","format":"standard","meta":{"footnotes":""},"categories":[18,7,27],"tags":[],"class_list":["post-84146","post","type-post","status-publish","format-standard","has-post-thumbnail","category-ayuntamiento-de-morelia","category-morelia","category-slider"],"yoast_head":"<!-- This site is optimized with the Yoast SEO plugin v28.4 - https:\/\/yoast.com\/product\/yoast-seo-wordpress\/ -->\n<title>Anuncian gira de Alfonso Mart\u00ednez Alc\u00e1zar por L\u00e1zaro C\u00e1rdenas - Diario ABC de Michoac\u00e1n<\/title>\n<meta name=\"robots\" content=\"index, follow, max-snippet:-1, max-image-preview:large, max-video-preview:-1\" \/>\n<link rel=\"canonical\" href=\"https:\/\/diarioabcdemichoacan.com.mx\/lasnoticias\/anuncian-gira-de-alfonso-martinez-alcazar-por-lazaro-cardenas\/\" \/>\n<meta property=\"og:locale\" content=\"es_ES\" \/>\n<meta property=\"og:type\" content=\"article\" \/>\n<meta property=\"og:title\" content=\"Anuncian gira de Alfonso Mart\u00ednez Alc\u00e1zar por L\u00e1zaro C\u00e1rdenas - Diario ABC de Michoac\u00e1n\" \/>\n<meta property=\"og:description\" content=\"Se presentar\u00e1 AMA en el puerto; habr\u00e1 reuniones previas con actores pol\u00edticos y liderazgos sociales MORELIA, Mich.- Septiembre 3 de 2026.- Alfonso Mart\u00ednez Alc\u00e1zar, acudir\u00e1 este fin de semana al puerto de L\u00e1zaro C\u00e1rdenas, en donde sostendr\u00e1 una serie de reuniones de car\u00e1cter pol\u00edtico con liderazgos de la regi\u00f3n. De acuerdo al programa dado a [&hellip;]\" \/>\n<meta property=\"og:url\" content=\"https:\/\/diarioabcdemichoacan.com.mx\/lasnoticias\/anuncian-gira-de-alfonso-martinez-alcazar-por-lazaro-cardenas\/\" \/>\n<meta property=\"og:site_name\" content=\"Diario ABC de Michoac\u00e1n\" \/>\n<meta property=\"article:published_time\" content=\"2026-09-04T15:08:55+00:00\" \/>\n<meta property=\"og:image\" content=\"https:\/\/diarioabcdemichoacan.com.mx\/lasnoticias\/wp-content\/uploads\/2026\/09\/IMG-20260904-WA0010.jpg\" \/>\n\t<meta property=\"og:image:width\" content=\"1280\" \/>\n\t<meta property=\"og:image:height\" content=\"853\" \/>\n\t<meta property=\"og:image:type\" content=\"image\/jpeg\" \/>\n<meta name=\"author\" content=\"PH\" \/>\n<meta name=\"twitter:card\" content=\"summary_large_image\" \/>\n<meta name=\"twitter:label1\" content=\"Escrito por\" \/>\n\t<meta name=\"twitter:data1\" content=\"PH\" \/>\n\t<meta name=\"twitter:label2\" content=\"Tiempo de lectura\" \/>\n\t<meta name=\"twitter:data2\" content=\"2 minutos\" \/>\n<script type=\"application\/ld+json\" class=\"yoast-schema-graph\">{\"@context\":\"https:\\\/\\\/schema.org\",\"@graph\":[{\"@type\":\"Article\",\"@id\":\"https:\\\/\\\/diarioabcdemichoacan.com.mx\\\/lasnoticias\\\/anuncian-gira-de-alfonso-martinez-alcazar-por-lazaro-cardenas\\\/#article\",\"isPartOf\":{\"@id\":\"https:\\\/\\\/diarioabcdemichoacan.com.mx\\\/lasnoticias\\\/anuncian-gira-de-alfonso-martinez-alcazar-por-lazaro-cardenas\\\/\"},\"author\":{\"name\":\"PH\",\"@id\":\"https:\\\/\\\/diarioabcdemichoacan.com.mx\\\/lasnoticias\\\/#\\\/schema\\\/person\\\/567935d8018e02383a7d25f0f5ce61c7\"},\"headline\":\"Anuncian gira de Alfonso Mart\u00ednez Alc\u00e1zar por L\u00e1zaro C\u00e1rdenas\",\"datePublished\":\"2026-09-04T15:08:55+00:00\",\"mainEntityOfPage\":{\"@id\":\"https:\\\/\\\/diarioabcdemichoacan.com.mx\\\/lasnoticias\\\/anuncian-gira-de-alfonso-martinez-alcazar-por-lazaro-cardenas\\\/\"},\"wordCount\":215,\"image\":{\"@id\":\"https:\\\/\\\/diarioabcdemichoacan.com.mx\\\/lasnoticias\\\/anuncian-gira-de-alfonso-martinez-alcazar-por-lazaro-cardenas\\\/#primaryimage\"},\"thumbnailUrl\":\"https:\\\/\\\/diarioabcdemichoacan.com.mx\\\/lasnoticias\\\/wp-content\\\/uploads\\\/2026\\\/09\\\/IMG-20260904-WA0010.jpg\",\"articleSection\":[\"Ayuntamiento de Morelia\",\"Morelia\",\"Slider\"],\"inLanguage\":\"es\"},{\"@type\":\"WebPage\",\"@id\":\"https:\\\/\\\/diarioabcdemichoacan.com.mx\\\/lasnoticias\\\/anuncian-gira-de-alfonso-martinez-alcazar-por-lazaro-cardenas\\\/\",\"url\":\"https:\\\/\\\/diarioabcdemichoacan.com.mx\\\/lasnoticias\\\/anuncian-gira-de-alfonso-martinez-alcazar-por-lazaro-cardenas\\\/\",\"name\":\"Anuncian gira de Alfonso Mart\u00ednez Alc\u00e1zar por L\u00e1zaro C\u00e1rdenas - Diario ABC de Michoac\u00e1n\",\"isPartOf\":{\"@id\":\"https:\\\/\\\/diarioabcdemichoacan.com.mx\\\/lasnoticias\\\/#website\"},\"primaryImageOfPage\":{\"@id\":\"https:\\\/\\\/diarioabcdemichoacan.com.mx\\\/lasnoticias\\\/anuncian-gira-de-alfonso-martinez-alcazar-por-lazaro-cardenas\\\/#primaryimage\"},\"image\":{\"@id\":\"https:\\\/\\\/diarioabcdemichoacan.com.mx\\\/lasnoticias\\\/anuncian-gira-de-alfonso-martinez-alcazar-por-lazaro-cardenas\\\/#primaryimage\"},\"thumbnailUrl\":\"https:\\\/\\\/diarioabcdemichoacan.com.mx\\\/lasnoticias\\\/wp-content\\\/uploads\\\/2026\\\/09\\\/IMG-20260904-WA0010.jpg\",\"datePublished\":\"2026-09-04T15:08:55+00:00\",\"author\":{\"@id\":\"https:\\\/\\\/diarioabcdemichoacan.com.mx\\\/lasnoticias\\\/#\\\/schema\\\/person\\\/567935d8018e02383a7d25f0f5ce61c7\"},\"breadcrumb\":{\"@id\":\"https:\\\/\\\/diarioabcdemichoacan.com.mx\\\/lasnoticias\\\/anuncian-gira-de-alfonso-martinez-alcazar-por-lazaro-cardenas\\\/#breadcrumb\"},\"inLanguage\":\"es\",\"potentialAction\":[{\"@type\":\"ReadAction\",\"target\":[\"https:\\\/\\\/diarioabcdemichoacan.com.mx\\\/lasnoticias\\\/anuncian-gira-de-alfonso-martinez-alcazar-por-lazaro-cardenas\\\/\"]}]},{\"@type\":\"ImageObject\",\"inLanguage\":\"es\",\"@id\":\"https:\\\/\\\/diarioabcdemichoacan.com.mx\\\/lasnoticias\\\/anuncian-gira-de-alfonso-martinez-alcazar-por-lazaro-cardenas\\\/#primaryimage\",\"url\":\"https:\\\/\\\/diarioabcdemichoacan.com.mx\\\/lasnoticias\\\/wp-content\\\/uploads\\\/2026\\\/09\\\/IMG-20260904-WA0010.jpg\",\"contentUrl\":\"https:\\\/\\\/diarioabcdemichoacan.com.mx\\\/lasnoticias\\\/wp-content\\\/uploads\\\/2026\\\/09\\\/IMG-20260904-WA0010.jpg\",\"width\":1280,\"height\":853},{\"@type\":\"BreadcrumbList\",\"@id\":\"https:\\\/\\\/diarioabcdemichoacan.com.mx\\\/lasnoticias\\\/anuncian-gira-de-alfonso-martinez-alcazar-por-lazaro-cardenas\\\/#breadcrumb\",\"itemListElement\":[{\"@type\":\"ListItem\",\"position\":1,\"name\":\"Portada\",\"item\":\"https:\\\/\\\/diarioabcdemichoacan.com.mx\\\/lasnoticias\\\/\"},{\"@type\":\"ListItem\",\"position\":2,\"name\":\"Anuncian gira de Alfonso Mart\u00ednez Alc\u00e1zar por L\u00e1zaro C\u00e1rdenas\"}]},{\"@type\":\"WebSite\",\"@id\":\"https:\\\/\\\/diarioabcdemichoacan.com.mx\\\/lasnoticias\\\/#website\",\"url\":\"https:\\\/\\\/diarioabcdemichoacan.com.mx\\\/lasnoticias\\\/\",\"name\":\"Diario ABC de Michoac\u00e1n\",\"description\":\"Las noticias al momento\",\"potentialAction\":[{\"@type\":\"SearchAction\",\"target\":{\"@type\":\"EntryPoint\",\"urlTemplate\":\"https:\\\/\\\/diarioabcdemichoacan.com.mx\\\/lasnoticias\\\/?s={search_term_string}\"},\"query-input\":{\"@type\":\"PropertyValueSpecification\",\"valueRequired\":true,\"valueName\":\"search_term_string\"}}],\"inLanguage\":\"es\"},{\"@type\":\"Person\",\"@id\":\"https:\\\/\\\/diarioabcdemichoacan.com.mx\\\/lasnoticias\\\/#\\\/schema\\\/person\\\/567935d8018e02383a7d25f0f5ce61c7\",\"name\":\"PH\",\"image\":{\"@type\":\"ImageObject\",\"inLanguage\":\"es\",\"@id\":\"https:\\\/\\\/secure.gravatar.com\\\/avatar\\\/5035a56707c4fa0eb654c41991adbc7b2f28682ea2b1e5c845ec3b242b688466?s=96&d=mm&r=g\",\"url\":\"https:\\\/\\\/secure.gravatar.com\\\/avatar\\\/5035a56707c4fa0eb654c41991adbc7b2f28682ea2b1e5c845ec3b242b688466?s=96&d=mm&r=g\",\"contentUrl\":\"https:\\\/\\\/secure.gravatar.com\\\/avatar\\\/5035a56707c4fa0eb654c41991adbc7b2f28682ea2b1e5c845ec3b242b688466?s=96&d=mm&r=g\",\"caption\":\"PH\"},\"url\":\"https:\\\/\\\/diarioabcdemichoacan.com.mx\\\/lasnoticias\\\/author\\\/pedro\\\/\"}]}<\/script>\n<!-- \/ Yoast SEO plugin. -->","yoast_head_json":{"title":"Anuncian gira de Alfonso Mart\u00ednez Alc\u00e1zar por L\u00e1zaro C\u00e1rdenas - Diario ABC de Michoac\u00e1n","robots":{"index":"index","follow":"follow","max-snippet":"max-snippet:-1","max-image-preview":"max-image-preview:large","max-video-preview":"max-video-preview:-1"},"canonical":"https:\/\/diarioabcdemichoacan.com.mx\/lasnoticias\/anuncian-gira-de-alfonso-martinez-alcazar-por-lazaro-cardenas\/","og_locale":"es_ES","og_type":"article","og_title":"Anuncian gira de Alfonso Mart\u00ednez Alc\u00e1zar por L\u00e1zaro C\u00e1rdenas - Diario ABC de Michoac\u00e1n","og_description":"Se presentar\u00e1 AMA en el puerto; habr\u00e1 reuniones previas con actores pol\u00edticos y liderazgos sociales MORELIA, Mich.- Septiembre 3 de 2026.- Alfonso Mart\u00ednez Alc\u00e1zar, acudir\u00e1 este fin de semana al puerto de L\u00e1zaro C\u00e1rdenas, en donde sostendr\u00e1 una serie de reuniones de car\u00e1cter pol\u00edtico con liderazgos de la regi\u00f3n. De acuerdo al programa dado a [&hellip;]","og_url":"https:\/\/diarioabcdemichoacan.com.mx\/lasnoticias\/anuncian-gira-de-alfonso-martinez-alcazar-por-lazaro-cardenas\/","og_site_name":"Diario ABC de Michoac\u00e1n","article_published_time":"2026-09-04T15:08:55+00:00","og_image":[{"width":1280,"height":853,"url":"https:\/\/diarioabcdemichoacan.com.mx\/lasnoticias\/wp-content\/uploads\/2026\/09\/IMG-20260904-WA0010.jpg","type":"image\/jpeg"}],"author":"PH","twitter_card":"summary_large_image","twitter_misc":{"Escrito por":"PH","Tiempo de lectura":"2 minutos"},"schema":{"@context":"https:\/\/schema.org","@graph":[{"@type":"Article","@id":"https:\/\/diarioabcdemichoacan.com.mx\/lasnoticias\/anuncian-gira-de-alfonso-martinez-alcazar-por-lazaro-cardenas\/#article","isPartOf":{"@id":"https:\/\/diarioabcdemichoacan.com.mx\/lasnoticias\/anuncian-gira-de-alfonso-martinez-alcazar-por-lazaro-cardenas\/"},"author":{"name":"PH","@id":"https:\/\/diarioabcdemichoacan.com.mx\/lasnoticias\/#\/schema\/person\/567935d8018e02383a7d25f0f5ce61c7"},"headline":"Anuncian gira de Alfonso Mart\u00ednez Alc\u00e1zar por L\u00e1zaro C\u00e1rdenas","datePublished":"2026-09-04T15:08:55+00:00","mainEntityOfPage":{"@id":"https:\/\/diarioabcdemichoacan.com.mx\/lasnoticias\/anuncian-gira-de-alfonso-martinez-alcazar-por-lazaro-cardenas\/"},"wordCount":215,"image":{"@id":"https:\/\/diarioabcdemichoacan.com.mx\/lasnoticias\/anuncian-gira-de-alfonso-martinez-alcazar-por-lazaro-cardenas\/#primaryimage"},"thumbnailUrl":"https:\/\/diarioabcdemichoacan.com.mx\/lasnoticias\/wp-content\/uploads\/2026\/09\/IMG-20260904-WA0010.jpg","articleSection":["Ayuntamiento de Morelia","Morelia","Slider"],"inLanguage":"es"},{"@type":"WebPage","@id":"https:\/\/diarioabcdemichoacan.com.mx\/lasnoticias\/anuncian-gira-de-alfonso-martinez-alcazar-por-lazaro-cardenas\/","url":"https:\/\/diarioabcdemichoacan.com.mx\/lasnoticias\/anuncian-gira-de-alfonso-martinez-alcazar-por-lazaro-cardenas\/","name":"Anuncian gira de Alfonso Mart\u00ednez Alc\u00e1zar por L\u00e1zaro C\u00e1rdenas - Diario ABC de Michoac\u00e1n","isPartOf":{"@id":"https:\/\/diarioabcdemichoacan.com.mx\/lasnoticias\/#website"},"primaryImageOfPage":{"@id":"https:\/\/diarioabcdemichoacan.com.mx\/lasnoticias\/anuncian-gira-de-alfonso-martinez-alcazar-por-lazaro-cardenas\/#primaryimage"},"image":{"@id":"https:\/\/diarioabcdemichoacan.com.mx\/lasnoticias\/anuncian-gira-de-alfonso-martinez-alcazar-por-lazaro-cardenas\/#primaryimage"},"thumbnailUrl":"https:\/\/diarioabcdemichoacan.com.mx\/lasnoticias\/wp-content\/uploads\/2026\/09\/IMG-20260904-WA0010.jpg","datePublished":"2026-09-04T15:08:55+00:00","author":{"@id":"https:\/\/diarioabcdemichoacan.com.mx\/lasnoticias\/#\/schema\/person\/567935d8018e02383a7d25f0f5ce61c7"},"breadcrumb":{"@id":"https:\/\/diarioabcdemichoacan.com.mx\/lasnoticias\/anuncian-gira-de-alfonso-martinez-alcazar-por-lazaro-cardenas\/#breadcrumb"},"inLanguage":"es","potentialAction":[{"@type":"ReadAction","target":["https:\/\/diarioabcdemichoacan.com.mx\/lasnoticias\/anuncian-gira-de-alfonso-martinez-alcazar-por-lazaro-cardenas\/"]}]},{"@type":"ImageObject","inLanguage":"es","@id":"https:\/\/diarioabcdemichoacan.com.mx\/lasnoticias\/anuncian-gira-de-alfonso-martinez-alcazar-por-lazaro-cardenas\/#primaryimage","url":"https:\/\/diarioabcdemichoacan.com.mx\/lasnoticias\/wp-content\/uploads\/2026\/09\/IMG-20260904-WA0010.jpg","contentUrl":"https:\/\/diarioabcdemichoacan.com.mx\/lasnoticias\/wp-content\/uploads\/2026\/09\/IMG-20260904-WA0010.jpg","width":1280,"height":853},{"@type":"BreadcrumbList","@id":"https:\/\/diarioabcdemichoacan.com.mx\/lasnoticias\/anuncian-gira-de-alfonso-martinez-alcazar-por-lazaro-cardenas\/#breadcrumb","itemListElement":[{"@type":"ListItem","position":1,"name":"Portada","item":"https:\/\/diarioabcdemichoacan.com.mx\/lasnoticias\/"},{"@type":"ListItem","position":2,"name":"Anuncian gira de Alfonso Mart\u00ednez Alc\u00e1zar por L\u00e1zaro C\u00e1rdenas"}]},{"@type":"WebSite","@id":"https:\/\/diarioabcdemichoacan.com.mx\/lasnoticias\/#website","url":"https:\/\/diarioabcdemichoacan.com.mx\/lasnoticias\/","name":"Diario ABC de Michoac\u00e1n","description":"Las noticias al momento","potentialAction":[{"@type":"SearchAction","target":{"@type":"EntryPoint","urlTemplate":"https:\/\/diarioabcdemichoacan.com.mx\/lasnoticias\/?s={search_term_string}"},"query-input":{"@type":"PropertyValueSpecification","valueRequired":true,"valueName":"search_term_string"}}],"inLanguage":"es"},{"@type":"Person","@id":"https:\/\/diarioabcdemichoacan.com.mx\/lasnoticias\/#\/schema\/person\/567935d8018e02383a7d25f0f5ce61c7","name":"PH","image":{"@type":"ImageObject","inLanguage":"es","@id":"https:\/\/secure.gravatar.com\/avatar\/5035a56707c4fa0eb654c41991adbc7b2f28682ea2b1e5c845ec3b242b688466?s=96&d=mm&r=g","url":"https:\/\/secure.gravatar.com\/avatar\/5035a56707c4fa0eb654c41991adbc7b2f28682ea2b1e5c845ec3b242b688466?s=96&d=mm&r=g","contentUrl":"https:\/\/secure.gravatar.com\/avatar\/5035a56707c4fa0eb654c41991adbc7b2f28682ea2b1e5c845ec3b242b688466?s=96&d=mm&r=g","caption":"PH"},"url":"https:\/\/diarioabcdemichoacan.com.mx\/lasnoticias\/author\/pedro\/"}]}},"_links":{"self":[{"href":"https:\/\/diarioabcdemichoacan.com.mx\/lasnoticias\/wp-json\/wp\/v2\/posts\/84146","targetHints":{"allow":["GET"]}}],"collection":[{"href":"https:\/\/diarioabcdemichoacan.com.mx\/lasnoticias\/wp-json\/wp\/v2\/posts"}],"about":[{"href":"https:\/\/diarioabcdemichoacan.com.mx\/lasnoticias\/wp-json\/wp\/v2\/types\/post"}],"author":[{"embeddable":true,"href":"https:\/\/diarioabcdemichoacan.com.mx\/lasnoticias\/wp-json\/wp\/v2\/users\/10"}],"replies":[{"embeddable":true,"href":"https:\/\/diarioabcdemichoacan.com.mx\/lasnoticias\/wp-json\/wp\/v2\/comments?post=84146"}],"version-history":[{"count":1,"href":"https:\/\/diarioabcdemichoacan.com.mx\/lasnoticias\/wp-json\/wp\/v2\/posts\/84146\/revisions"}],"predecessor-version":[{"id":84148,"href":"https:\/\/diarioabcdemichoacan.com.mx\/lasnoticias\/wp-json\/wp\/v2\/posts\/84146\/revisions\/84148"}],"wp:featuredmedia":[{"embeddable":true,"href":"https:\/\/diarioabcdemichoacan.com.mx\/lasnoticias\/wp-json\/wp\/v2\/media\/84147"}],"wp:attachment":[{"href":"https:\/\/diarioabcdemichoacan.com.mx\/lasnoticias\/wp-json\/wp\/v2\/media?parent=84146"}],"wp:term":[{"taxonomy":"category","embeddable":true,"href":"https:\/\/diarioabcdemichoacan.com.mx\/lasnoticias\/wp-json\/wp\/v2\/categories?post=84146"},{"taxonomy":"post_tag","embeddable":true,"href":"https:\/\/diarioabcdemichoacan.com.mx\/lasnoticias\/wp-json\/wp\/v2\/tags?post=84146"}],"curies":[{"name":"wp","href":"https:\/\/api.w.org\/{rel}","templated":true}]}}