{"id":84151,"date":"2026-09-03T13:54:44","date_gmt":"2026-09-03T19:54:44","guid":{"rendered":"https:\/\/diarioabcdemichoacan.com.mx\/lasnoticias\/?p=84151"},"modified":"2026-09-04T13:56:06","modified_gmt":"2026-09-04T19:56:06","slug":"festival-de-musica-de-morelia-2026-del-13-al-22-de-noviembre-reunira-artistas-de-13-paises","status":"publish","type":"post","link":"https:\/\/diarioabcdemichoacan.com.mx\/lasnoticias\/festival-de-musica-de-morelia-2026-del-13-al-22-de-noviembre-reunira-artistas-de-13-paises\/","title":{"rendered":"Festival de M\u00fasica de Morelia 2026, del 13 al 22 de noviembre; reunir\u00e1 artistas de 13 pa\u00edses"},"content":{"rendered":"<p>El arte y la m\u00fasica, fundamentales ante el contexto que vive el mundo: Ver\u00f3nica Bernal<\/p>\n<p>Por Mariano Bola\u00f1os Monta\u00f1ez<\/p><div id=\"diari-4164137735\" class=\"diari-contenido diari-entity-placement\"><img loading=\"lazy\" decoding=\"async\" src=\"https:\/\/diarioabcdemichoacan.com.mx\/lasnoticias\/wp-content\/uploads\/2024\/07\/WhatsApp-Image-2024-05-07-at-10.12.40-a.m.jpeg\" alt=\"\"  srcset=\"https:\/\/diarioabcdemichoacan.com.mx\/lasnoticias\/wp-content\/uploads\/2024\/07\/WhatsApp-Image-2024-05-07-at-10.12.40-a.m.jpeg 400w, https:\/\/diarioabcdemichoacan.com.mx\/lasnoticias\/wp-content\/uploads\/2024\/07\/WhatsApp-Image-2024-05-07-at-10.12.40-a.m-150x150.jpeg 150w, https:\/\/diarioabcdemichoacan.com.mx\/lasnoticias\/wp-content\/uploads\/2024\/07\/WhatsApp-Image-2024-05-07-at-10.12.40-a.m-300x300.jpeg 300w\" sizes=\"(max-width: 400px) 100vw, 400px\" width=\"400\" height=\"400\"  style=\"display: inline-block;\" \/><\/div>\n<hr \/>\n<p>Morelia, Mich.- Del 13 al 22 de noviembre se realizar\u00e1 la edici\u00f3n 38 del Festival de M\u00fasica de Morelia \u201cMiguel Bernal Jim\u00e9nez\u201d, que en esta ocasi\u00f3n estar\u00e1 dedicada a Asia y contar\u00e1 con la participaci\u00f3n de artistas y agrupaciones provenientes de 13 pa\u00edses de distintos continentes.<\/p>\n<p>La programaci\u00f3n contempla representantes de M\u00e9xico, Corea del Sur, China, Jap\u00f3n, India, Australia, Estados Unidos, Alemania, Austria, Escocia, Italia, Francia y Polonia, quienes ofrecer\u00e1n conciertos y recitales de m\u00fasica barroca, de c\u00e1mara y contempor\u00e1nea en diferentes escenarios de la capital michoacana.<\/p>\n<p>Adem\u00e1s del programa musical, el festival incluir\u00e1 actividades acad\u00e9micas, encuentros y experiencias de formaci\u00f3n, con la intenci\u00f3n de acercar la m\u00fasica a p\u00fablicos diversos y fortalecer el intercambio cultural entre pa\u00edses.<\/p>\n<p>Durante la presentaci\u00f3n del programa, la directora general del Festival, Ver\u00f3nica Bernal Vargas, destac\u00f3 que, ante el contexto internacional actual, el arte y la m\u00fasica son herramientas fundamentales para construir v\u00ednculos entre personas y culturas, adem\u00e1s de generar espacios de encuentro.<\/p>\n<p>Como parte de las actividades paralelas y gratuitas, regresar\u00e1n los tradicionales tapetes florales de Patamban, que ser\u00e1n instalados sobre la Calzada Fray Antonio de San Miguel el s\u00e1bado 14 de noviembre, a partir de las 12:00 horas.<\/p>\n<p>La jornada contar\u00e1 tambi\u00e9n con la participaci\u00f3n de m\u00fasicos de Escocia en M\u00e9xico, quienes acompa\u00f1ar\u00e1n el recorrido con piezas interpretadas en vivo para las y los visitantes, en una actividad que combinar\u00e1 tradici\u00f3n, m\u00fasica e intercambio cultural.<\/p>\n","protected":false},"excerpt":{"rendered":"<p>El arte y la m\u00fasica, fundamentales ante el contexto que vive el mundo: Ver\u00f3nica Bernal Por Mariano Bola\u00f1os Monta\u00f1ez Morelia, Mich.- Del 13 al 22 de noviembre se realizar\u00e1 la edici\u00f3n 38 del Festival de M\u00fasica de Morelia \u201cMiguel Bernal Jim\u00e9nez\u201d, que en esta ocasi\u00f3n estar\u00e1 dedicada a Asia y contar\u00e1 con la participaci\u00f3n de [&hellip;]<\/p>\n","protected":false},"author":6,"featured_media":84152,"comment_status":"closed","ping_status":"closed","sticky":false,"template":"","format":"standard","meta":{"footnotes":""},"categories":[8,9,10,17,7],"tags":[],"class_list":["post-84151","post","type-post","status-publish","format-standard","has-post-thumbnail","category-cultura","category-espectaculos","category-estado","category-gobierno-de-michoacan","category-morelia"],"yoast_head":"<!-- This site is optimized with the Yoast SEO plugin v28.4 - https:\/\/yoast.com\/product\/yoast-seo-wordpress\/ -->\n<title>Festival de M\u00fasica de Morelia 2026, del 13 al 22 de noviembre; reunir\u00e1 artistas de 13 pa\u00edses - Diario ABC de Michoac\u00e1n<\/title>\n<meta name=\"robots\" content=\"index, follow, max-snippet:-1, max-image-preview:large, max-video-preview:-1\" \/>\n<link rel=\"canonical\" href=\"https:\/\/diarioabcdemichoacan.com.mx\/lasnoticias\/festival-de-musica-de-morelia-2026-del-13-al-22-de-noviembre-reunira-artistas-de-13-paises\/\" \/>\n<meta property=\"og:locale\" content=\"es_ES\" \/>\n<meta property=\"og:type\" content=\"article\" \/>\n<meta property=\"og:title\" content=\"Festival de M\u00fasica de Morelia 2026, del 13 al 22 de noviembre; reunir\u00e1 artistas de 13 pa\u00edses - Diario ABC de Michoac\u00e1n\" \/>\n<meta property=\"og:description\" content=\"El arte y la m\u00fasica, fundamentales ante el contexto que vive el mundo: Ver\u00f3nica Bernal Por Mariano Bola\u00f1os Monta\u00f1ez Morelia, Mich.- Del 13 al 22 de noviembre se realizar\u00e1 la edici\u00f3n 38 del Festival de M\u00fasica de Morelia \u201cMiguel Bernal Jim\u00e9nez\u201d, que en esta ocasi\u00f3n estar\u00e1 dedicada a Asia y contar\u00e1 con la participaci\u00f3n de [&hellip;]\" \/>\n<meta property=\"og:url\" content=\"https:\/\/diarioabcdemichoacan.com.mx\/lasnoticias\/festival-de-musica-de-morelia-2026-del-13-al-22-de-noviembre-reunira-artistas-de-13-paises\/\" \/>\n<meta property=\"og:site_name\" content=\"Diario ABC de Michoac\u00e1n\" \/>\n<meta property=\"article:published_time\" content=\"2026-09-03T19:54:44+00:00\" \/>\n<meta property=\"article:modified_time\" content=\"2026-09-04T19:56:06+00:00\" \/>\n<meta property=\"og:image\" content=\"https:\/\/diarioabcdemichoacan.com.mx\/lasnoticias\/wp-content\/uploads\/2026\/09\/WhatsApp-Image-2026-09-03-at-2.11.00-PM.jpeg\" \/>\n\t<meta property=\"og:image:width\" content=\"1280\" \/>\n\t<meta property=\"og:image:height\" content=\"854\" \/>\n\t<meta property=\"og:image:type\" content=\"image\/jpeg\" \/>\n<meta name=\"author\" content=\"MB\" \/>\n<meta name=\"twitter:card\" content=\"summary_large_image\" \/>\n<meta name=\"twitter:label1\" content=\"Escrito por\" \/>\n\t<meta name=\"twitter:data1\" content=\"MB\" \/>\n\t<meta name=\"twitter:label2\" content=\"Tiempo de lectura\" \/>\n\t<meta name=\"twitter:data2\" content=\"2 minutos\" \/>\n<script type=\"application\/ld+json\" class=\"yoast-schema-graph\">{\"@context\":\"https:\\\/\\\/schema.org\",\"@graph\":[{\"@type\":\"Article\",\"@id\":\"https:\\\/\\\/diarioabcdemichoacan.com.mx\\\/lasnoticias\\\/festival-de-musica-de-morelia-2026-del-13-al-22-de-noviembre-reunira-artistas-de-13-paises\\\/#article\",\"isPartOf\":{\"@id\":\"https:\\\/\\\/diarioabcdemichoacan.com.mx\\\/lasnoticias\\\/festival-de-musica-de-morelia-2026-del-13-al-22-de-noviembre-reunira-artistas-de-13-paises\\\/\"},\"author\":{\"name\":\"MB\",\"@id\":\"https:\\\/\\\/diarioabcdemichoacan.com.mx\\\/lasnoticias\\\/#\\\/schema\\\/person\\\/0546f9c3407148f7452ca932715c5e88\"},\"headline\":\"Festival de M\u00fasica de Morelia 2026, del 13 al 22 de noviembre; reunir\u00e1 artistas de 13 pa\u00edses\",\"datePublished\":\"2026-09-03T19:54:44+00:00\",\"dateModified\":\"2026-09-04T19:56:06+00:00\",\"mainEntityOfPage\":{\"@id\":\"https:\\\/\\\/diarioabcdemichoacan.com.mx\\\/lasnoticias\\\/festival-de-musica-de-morelia-2026-del-13-al-22-de-noviembre-reunira-artistas-de-13-paises\\\/\"},\"wordCount\":302,\"image\":{\"@id\":\"https:\\\/\\\/diarioabcdemichoacan.com.mx\\\/lasnoticias\\\/festival-de-musica-de-morelia-2026-del-13-al-22-de-noviembre-reunira-artistas-de-13-paises\\\/#primaryimage\"},\"thumbnailUrl\":\"https:\\\/\\\/diarioabcdemichoacan.com.mx\\\/lasnoticias\\\/wp-content\\\/uploads\\\/2026\\\/09\\\/WhatsApp-Image-2026-09-03-at-2.11.00-PM.jpeg\",\"articleSection\":[\"Cultura\",\"Espect\u00e1culos\",\"Estado\",\"Gobierno de Michoac\u00e1n\",\"Morelia\"],\"inLanguage\":\"es\"},{\"@type\":\"WebPage\",\"@id\":\"https:\\\/\\\/diarioabcdemichoacan.com.mx\\\/lasnoticias\\\/festival-de-musica-de-morelia-2026-del-13-al-22-de-noviembre-reunira-artistas-de-13-paises\\\/\",\"url\":\"https:\\\/\\\/diarioabcdemichoacan.com.mx\\\/lasnoticias\\\/festival-de-musica-de-morelia-2026-del-13-al-22-de-noviembre-reunira-artistas-de-13-paises\\\/\",\"name\":\"Festival de M\u00fasica de Morelia 2026, del 13 al 22 de noviembre; reunir\u00e1 artistas de 13 pa\u00edses - Diario ABC de Michoac\u00e1n\",\"isPartOf\":{\"@id\":\"https:\\\/\\\/diarioabcdemichoacan.com.mx\\\/lasnoticias\\\/#website\"},\"primaryImageOfPage\":{\"@id\":\"https:\\\/\\\/diarioabcdemichoacan.com.mx\\\/lasnoticias\\\/festival-de-musica-de-morelia-2026-del-13-al-22-de-noviembre-reunira-artistas-de-13-paises\\\/#primaryimage\"},\"image\":{\"@id\":\"https:\\\/\\\/diarioabcdemichoacan.com.mx\\\/lasnoticias\\\/festival-de-musica-de-morelia-2026-del-13-al-22-de-noviembre-reunira-artistas-de-13-paises\\\/#primaryimage\"},\"thumbnailUrl\":\"https:\\\/\\\/diarioabcdemichoacan.com.mx\\\/lasnoticias\\\/wp-content\\\/uploads\\\/2026\\\/09\\\/WhatsApp-Image-2026-09-03-at-2.11.00-PM.jpeg\",\"datePublished\":\"2026-09-03T19:54:44+00:00\",\"dateModified\":\"2026-09-04T19:56:06+00:00\",\"author\":{\"@id\":\"https:\\\/\\\/diarioabcdemichoacan.com.mx\\\/lasnoticias\\\/#\\\/schema\\\/person\\\/0546f9c3407148f7452ca932715c5e88\"},\"breadcrumb\":{\"@id\":\"https:\\\/\\\/diarioabcdemichoacan.com.mx\\\/lasnoticias\\\/festival-de-musica-de-morelia-2026-del-13-al-22-de-noviembre-reunira-artistas-de-13-paises\\\/#breadcrumb\"},\"inLanguage\":\"es\",\"potentialAction\":[{\"@type\":\"ReadAction\",\"target\":[\"https:\\\/\\\/diarioabcdemichoacan.com.mx\\\/lasnoticias\\\/festival-de-musica-de-morelia-2026-del-13-al-22-de-noviembre-reunira-artistas-de-13-paises\\\/\"]}]},{\"@type\":\"ImageObject\",\"inLanguage\":\"es\",\"@id\":\"https:\\\/\\\/diarioabcdemichoacan.com.mx\\\/lasnoticias\\\/festival-de-musica-de-morelia-2026-del-13-al-22-de-noviembre-reunira-artistas-de-13-paises\\\/#primaryimage\",\"url\":\"https:\\\/\\\/diarioabcdemichoacan.com.mx\\\/lasnoticias\\\/wp-content\\\/uploads\\\/2026\\\/09\\\/WhatsApp-Image-2026-09-03-at-2.11.00-PM.jpeg\",\"contentUrl\":\"https:\\\/\\\/diarioabcdemichoacan.com.mx\\\/lasnoticias\\\/wp-content\\\/uploads\\\/2026\\\/09\\\/WhatsApp-Image-2026-09-03-at-2.11.00-PM.jpeg\",\"width\":1280,\"height\":854},{\"@type\":\"BreadcrumbList\",\"@id\":\"https:\\\/\\\/diarioabcdemichoacan.com.mx\\\/lasnoticias\\\/festival-de-musica-de-morelia-2026-del-13-al-22-de-noviembre-reunira-artistas-de-13-paises\\\/#breadcrumb\",\"itemListElement\":[{\"@type\":\"ListItem\",\"position\":1,\"name\":\"Portada\",\"item\":\"https:\\\/\\\/diarioabcdemichoacan.com.mx\\\/lasnoticias\\\/\"},{\"@type\":\"ListItem\",\"position\":2,\"name\":\"Festival de M\u00fasica de Morelia 2026, del 13 al 22 de noviembre; reunir\u00e1 artistas de 13 pa\u00edses\"}]},{\"@type\":\"WebSite\",\"@id\":\"https:\\\/\\\/diarioabcdemichoacan.com.mx\\\/lasnoticias\\\/#website\",\"url\":\"https:\\\/\\\/diarioabcdemichoacan.com.mx\\\/lasnoticias\\\/\",\"name\":\"Diario ABC de Michoac\u00e1n\",\"description\":\"Las noticias al momento\",\"potentialAction\":[{\"@type\":\"SearchAction\",\"target\":{\"@type\":\"EntryPoint\",\"urlTemplate\":\"https:\\\/\\\/diarioabcdemichoacan.com.mx\\\/lasnoticias\\\/?s={search_term_string}\"},\"query-input\":{\"@type\":\"PropertyValueSpecification\",\"valueRequired\":true,\"valueName\":\"search_term_string\"}}],\"inLanguage\":\"es\"},{\"@type\":\"Person\",\"@id\":\"https:\\\/\\\/diarioabcdemichoacan.com.mx\\\/lasnoticias\\\/#\\\/schema\\\/person\\\/0546f9c3407148f7452ca932715c5e88\",\"name\":\"MB\",\"image\":{\"@type\":\"ImageObject\",\"inLanguage\":\"es\",\"@id\":\"https:\\\/\\\/secure.gravatar.com\\\/avatar\\\/ac036f018f6a8431a5687a020efaf39d914da6a3fc78ce6029ab7ae29c5130e2?s=96&d=mm&r=g\",\"url\":\"https:\\\/\\\/secure.gravatar.com\\\/avatar\\\/ac036f018f6a8431a5687a020efaf39d914da6a3fc78ce6029ab7ae29c5130e2?s=96&d=mm&r=g\",\"contentUrl\":\"https:\\\/\\\/secure.gravatar.com\\\/avatar\\\/ac036f018f6a8431a5687a020efaf39d914da6a3fc78ce6029ab7ae29c5130e2?s=96&d=mm&r=g\",\"caption\":\"MB\"},\"url\":\"https:\\\/\\\/diarioabcdemichoacan.com.mx\\\/lasnoticias\\\/author\\\/bomariano03\\\/\"}]}<\/script>\n<!-- \/ Yoast SEO plugin. -->","yoast_head_json":{"title":"Festival de M\u00fasica de Morelia 2026, del 13 al 22 de noviembre; reunir\u00e1 artistas de 13 pa\u00edses - Diario ABC de Michoac\u00e1n","robots":{"index":"index","follow":"follow","max-snippet":"max-snippet:-1","max-image-preview":"max-image-preview:large","max-video-preview":"max-video-preview:-1"},"canonical":"https:\/\/diarioabcdemichoacan.com.mx\/lasnoticias\/festival-de-musica-de-morelia-2026-del-13-al-22-de-noviembre-reunira-artistas-de-13-paises\/","og_locale":"es_ES","og_type":"article","og_title":"Festival de M\u00fasica de Morelia 2026, del 13 al 22 de noviembre; reunir\u00e1 artistas de 13 pa\u00edses - Diario ABC de Michoac\u00e1n","og_description":"El arte y la m\u00fasica, fundamentales ante el contexto que vive el mundo: Ver\u00f3nica Bernal Por Mariano Bola\u00f1os Monta\u00f1ez Morelia, Mich.- Del 13 al 22 de noviembre se realizar\u00e1 la edici\u00f3n 38 del Festival de M\u00fasica de Morelia \u201cMiguel Bernal Jim\u00e9nez\u201d, que en esta ocasi\u00f3n estar\u00e1 dedicada a Asia y contar\u00e1 con la participaci\u00f3n de [&hellip;]","og_url":"https:\/\/diarioabcdemichoacan.com.mx\/lasnoticias\/festival-de-musica-de-morelia-2026-del-13-al-22-de-noviembre-reunira-artistas-de-13-paises\/","og_site_name":"Diario ABC de Michoac\u00e1n","article_published_time":"2026-09-03T19:54:44+00:00","article_modified_time":"2026-09-04T19:56:06+00:00","og_image":[{"width":1280,"height":854,"url":"https:\/\/diarioabcdemichoacan.com.mx\/lasnoticias\/wp-content\/uploads\/2026\/09\/WhatsApp-Image-2026-09-03-at-2.11.00-PM.jpeg","type":"image\/jpeg"}],"author":"MB","twitter_card":"summary_large_image","twitter_misc":{"Escrito por":"MB","Tiempo de lectura":"2 minutos"},"schema":{"@context":"https:\/\/schema.org","@graph":[{"@type":"Article","@id":"https:\/\/diarioabcdemichoacan.com.mx\/lasnoticias\/festival-de-musica-de-morelia-2026-del-13-al-22-de-noviembre-reunira-artistas-de-13-paises\/#article","isPartOf":{"@id":"https:\/\/diarioabcdemichoacan.com.mx\/lasnoticias\/festival-de-musica-de-morelia-2026-del-13-al-22-de-noviembre-reunira-artistas-de-13-paises\/"},"author":{"name":"MB","@id":"https:\/\/diarioabcdemichoacan.com.mx\/lasnoticias\/#\/schema\/person\/0546f9c3407148f7452ca932715c5e88"},"headline":"Festival de M\u00fasica de Morelia 2026, del 13 al 22 de noviembre; reunir\u00e1 artistas de 13 pa\u00edses","datePublished":"2026-09-03T19:54:44+00:00","dateModified":"2026-09-04T19:56:06+00:00","mainEntityOfPage":{"@id":"https:\/\/diarioabcdemichoacan.com.mx\/lasnoticias\/festival-de-musica-de-morelia-2026-del-13-al-22-de-noviembre-reunira-artistas-de-13-paises\/"},"wordCount":302,"image":{"@id":"https:\/\/diarioabcdemichoacan.com.mx\/lasnoticias\/festival-de-musica-de-morelia-2026-del-13-al-22-de-noviembre-reunira-artistas-de-13-paises\/#primaryimage"},"thumbnailUrl":"https:\/\/diarioabcdemichoacan.com.mx\/lasnoticias\/wp-content\/uploads\/2026\/09\/WhatsApp-Image-2026-09-03-at-2.11.00-PM.jpeg","articleSection":["Cultura","Espect\u00e1culos","Estado","Gobierno de Michoac\u00e1n","Morelia"],"inLanguage":"es"},{"@type":"WebPage","@id":"https:\/\/diarioabcdemichoacan.com.mx\/lasnoticias\/festival-de-musica-de-morelia-2026-del-13-al-22-de-noviembre-reunira-artistas-de-13-paises\/","url":"https:\/\/diarioabcdemichoacan.com.mx\/lasnoticias\/festival-de-musica-de-morelia-2026-del-13-al-22-de-noviembre-reunira-artistas-de-13-paises\/","name":"Festival de M\u00fasica de Morelia 2026, del 13 al 22 de noviembre; reunir\u00e1 artistas de 13 pa\u00edses - Diario ABC de Michoac\u00e1n","isPartOf":{"@id":"https:\/\/diarioabcdemichoacan.com.mx\/lasnoticias\/#website"},"primaryImageOfPage":{"@id":"https:\/\/diarioabcdemichoacan.com.mx\/lasnoticias\/festival-de-musica-de-morelia-2026-del-13-al-22-de-noviembre-reunira-artistas-de-13-paises\/#primaryimage"},"image":{"@id":"https:\/\/diarioabcdemichoacan.com.mx\/lasnoticias\/festival-de-musica-de-morelia-2026-del-13-al-22-de-noviembre-reunira-artistas-de-13-paises\/#primaryimage"},"thumbnailUrl":"https:\/\/diarioabcdemichoacan.com.mx\/lasnoticias\/wp-content\/uploads\/2026\/09\/WhatsApp-Image-2026-09-03-at-2.11.00-PM.jpeg","datePublished":"2026-09-03T19:54:44+00:00","dateModified":"2026-09-04T19:56:06+00:00","author":{"@id":"https:\/\/diarioabcdemichoacan.com.mx\/lasnoticias\/#\/schema\/person\/0546f9c3407148f7452ca932715c5e88"},"breadcrumb":{"@id":"https:\/\/diarioabcdemichoacan.com.mx\/lasnoticias\/festival-de-musica-de-morelia-2026-del-13-al-22-de-noviembre-reunira-artistas-de-13-paises\/#breadcrumb"},"inLanguage":"es","potentialAction":[{"@type":"ReadAction","target":["https:\/\/diarioabcdemichoacan.com.mx\/lasnoticias\/festival-de-musica-de-morelia-2026-del-13-al-22-de-noviembre-reunira-artistas-de-13-paises\/"]}]},{"@type":"ImageObject","inLanguage":"es","@id":"https:\/\/diarioabcdemichoacan.com.mx\/lasnoticias\/festival-de-musica-de-morelia-2026-del-13-al-22-de-noviembre-reunira-artistas-de-13-paises\/#primaryimage","url":"https:\/\/diarioabcdemichoacan.com.mx\/lasnoticias\/wp-content\/uploads\/2026\/09\/WhatsApp-Image-2026-09-03-at-2.11.00-PM.jpeg","contentUrl":"https:\/\/diarioabcdemichoacan.com.mx\/lasnoticias\/wp-content\/uploads\/2026\/09\/WhatsApp-Image-2026-09-03-at-2.11.00-PM.jpeg","width":1280,"height":854},{"@type":"BreadcrumbList","@id":"https:\/\/diarioabcdemichoacan.com.mx\/lasnoticias\/festival-de-musica-de-morelia-2026-del-13-al-22-de-noviembre-reunira-artistas-de-13-paises\/#breadcrumb","itemListElement":[{"@type":"ListItem","position":1,"name":"Portada","item":"https:\/\/diarioabcdemichoacan.com.mx\/lasnoticias\/"},{"@type":"ListItem","position":2,"name":"Festival de M\u00fasica de Morelia 2026, del 13 al 22 de noviembre; reunir\u00e1 artistas de 13 pa\u00edses"}]},{"@type":"WebSite","@id":"https:\/\/diarioabcdemichoacan.com.mx\/lasnoticias\/#website","url":"https:\/\/diarioabcdemichoacan.com.mx\/lasnoticias\/","name":"Diario ABC de Michoac\u00e1n","description":"Las noticias al momento","potentialAction":[{"@type":"SearchAction","target":{"@type":"EntryPoint","urlTemplate":"https:\/\/diarioabcdemichoacan.com.mx\/lasnoticias\/?s={search_term_string}"},"query-input":{"@type":"PropertyValueSpecification","valueRequired":true,"valueName":"search_term_string"}}],"inLanguage":"es"},{"@type":"Person","@id":"https:\/\/diarioabcdemichoacan.com.mx\/lasnoticias\/#\/schema\/person\/0546f9c3407148f7452ca932715c5e88","name":"MB","image":{"@type":"ImageObject","inLanguage":"es","@id":"https:\/\/secure.gravatar.com\/avatar\/ac036f018f6a8431a5687a020efaf39d914da6a3fc78ce6029ab7ae29c5130e2?s=96&d=mm&r=g","url":"https:\/\/secure.gravatar.com\/avatar\/ac036f018f6a8431a5687a020efaf39d914da6a3fc78ce6029ab7ae29c5130e2?s=96&d=mm&r=g","contentUrl":"https:\/\/secure.gravatar.com\/avatar\/ac036f018f6a8431a5687a020efaf39d914da6a3fc78ce6029ab7ae29c5130e2?s=96&d=mm&r=g","caption":"MB"},"url":"https:\/\/diarioabcdemichoacan.com.mx\/lasnoticias\/author\/bomariano03\/"}]}},"_links":{"self":[{"href":"https:\/\/diarioabcdemichoacan.com.mx\/lasnoticias\/wp-json\/wp\/v2\/posts\/84151","targetHints":{"allow":["GET"]}}],"collection":[{"href":"https:\/\/diarioabcdemichoacan.com.mx\/lasnoticias\/wp-json\/wp\/v2\/posts"}],"about":[{"href":"https:\/\/diarioabcdemichoacan.com.mx\/lasnoticias\/wp-json\/wp\/v2\/types\/post"}],"author":[{"embeddable":true,"href":"https:\/\/diarioabcdemichoacan.com.mx\/lasnoticias\/wp-json\/wp\/v2\/users\/6"}],"replies":[{"embeddable":true,"href":"https:\/\/diarioabcdemichoacan.com.mx\/lasnoticias\/wp-json\/wp\/v2\/comments?post=84151"}],"version-history":[{"count":1,"href":"https:\/\/diarioabcdemichoacan.com.mx\/lasnoticias\/wp-json\/wp\/v2\/posts\/84151\/revisions"}],"predecessor-version":[{"id":84153,"href":"https:\/\/diarioabcdemichoacan.com.mx\/lasnoticias\/wp-json\/wp\/v2\/posts\/84151\/revisions\/84153"}],"wp:featuredmedia":[{"embeddable":true,"href":"https:\/\/diarioabcdemichoacan.com.mx\/lasnoticias\/wp-json\/wp\/v2\/media\/84152"}],"wp:attachment":[{"href":"https:\/\/diarioabcdemichoacan.com.mx\/lasnoticias\/wp-json\/wp\/v2\/media?parent=84151"}],"wp:term":[{"taxonomy":"category","embeddable":true,"href":"https:\/\/diarioabcdemichoacan.com.mx\/lasnoticias\/wp-json\/wp\/v2\/categories?post=84151"},{"taxonomy":"post_tag","embeddable":true,"href":"https:\/\/diarioabcdemichoacan.com.mx\/lasnoticias\/wp-json\/wp\/v2\/tags?post=84151"}],"curies":[{"name":"wp","href":"https:\/\/api.w.org\/{rel}","templated":true}]}}