{"id":9774,"date":"2024-06-09T13:04:38","date_gmt":"2024-06-09T19:04:38","guid":{"rendered":"https:\/\/diarioabcdemichoacan.com.mx\/lasnoticias\/?p=9774"},"modified":"2024-06-09T13:04:38","modified_gmt":"2024-06-09T19:04:38","slug":"integrantes-del-barrio-el-vergel-realizan-recorrido-al-centro-de-uruapan","status":"publish","type":"post","link":"https:\/\/diarioabcdemichoacan.com.mx\/lasnoticias\/integrantes-del-barrio-el-vergel-realizan-recorrido-al-centro-de-uruapan\/","title":{"rendered":"Integrantes del barrio El Vergel realizan recorrido al centro de Uruapan"},"content":{"rendered":"<h2>Con las tradicionales yuntas al t\u00e9rmino de la fiesta patronal.<\/h2>\n<h6>POR BLANCA SIM\u00d3N ORTIZ, DIARIO ABC DE MICHOAC\u00c1N, 09 DE JUNIO DE 2024.<\/h6>\n<hr \/>\n<p>URUAPAN MICH.- Habitantes del barrio El vergel tambi\u00e9n conocido como el de la Trinidad y del Sagrado Coraz\u00f3n de Jes\u00fas realizaron el tradicional recorrido hacia el centro de la ciudad de Uruapan d\u00f3nde mostraron lo mejor de sus danzas tradici\u00f3n m\u00fasica y vestimenta.<\/p>\n<p>Encabezados por la ireri purembe 2024 Ana Paulina Zacar\u00edas Ben\u00edtez los habitantes del barrio cumplieron as\u00ed la tradici\u00f3n de a\u00f1o con a\u00f1o dar a conocer lo mejor que tienen y agradecer por un a\u00f1o m\u00e1s de haber realizado su fiesta patronal.<\/p>\n","protected":false},"excerpt":{"rendered":"<p>Con las tradicionales yuntas al t\u00e9rmino de la fiesta patronal. POR BLANCA SIM\u00d3N ORTIZ, DIARIO ABC DE MICHOAC\u00c1N, 09 DE JUNIO DE 2024. URUAPAN MICH.- Habitantes del barrio El vergel tambi\u00e9n conocido como el de la Trinidad y del Sagrado Coraz\u00f3n de Jes\u00fas realizaron el tradicional recorrido hacia el centro de la ciudad de Uruapan [&hellip;]<\/p>\n","protected":false},"author":8,"featured_media":9775,"comment_status":"closed","ping_status":"closed","sticky":false,"template":"","format":"standard","meta":{"footnotes":""},"categories":[27,3],"tags":[],"class_list":{"0":"post-9774","1":"post","2":"type-post","3":"status-publish","4":"format-standard","5":"has-post-thumbnail","7":"category-slider","8":"category-uruapan"},"yoast_head":"<!-- This site is optimized with the Yoast SEO plugin v24.0 - https:\/\/yoast.com\/wordpress\/plugins\/seo\/ -->\n<title>Integrantes del barrio El Vergel realizan recorrido al centro de Uruapan - Diario ABC de Michoac\u00e1n<\/title>\n<meta name=\"robots\" content=\"index, follow, max-snippet:-1, max-image-preview:large, max-video-preview:-1\" \/>\n<link rel=\"canonical\" href=\"https:\/\/diarioabcdemichoacan.com.mx\/lasnoticias\/integrantes-del-barrio-el-vergel-realizan-recorrido-al-centro-de-uruapan\/\" \/>\n<meta property=\"og:locale\" content=\"es_ES\" \/>\n<meta property=\"og:type\" content=\"article\" \/>\n<meta property=\"og:title\" content=\"Integrantes del barrio El Vergel realizan recorrido al centro de Uruapan - Diario ABC de Michoac\u00e1n\" \/>\n<meta property=\"og:description\" content=\"Con las tradicionales yuntas al t\u00e9rmino de la fiesta patronal. POR BLANCA SIM\u00d3N ORTIZ, DIARIO ABC DE MICHOAC\u00c1N, 09 DE JUNIO DE 2024. URUAPAN MICH.- Habitantes del barrio El vergel tambi\u00e9n conocido como el de la Trinidad y del Sagrado Coraz\u00f3n de Jes\u00fas realizaron el tradicional recorrido hacia el centro de la ciudad de Uruapan [&hellip;]\" \/>\n<meta property=\"og:url\" content=\"https:\/\/diarioabcdemichoacan.com.mx\/lasnoticias\/integrantes-del-barrio-el-vergel-realizan-recorrido-al-centro-de-uruapan\/\" \/>\n<meta property=\"og:site_name\" content=\"Diario ABC de Michoac\u00e1n\" \/>\n<meta property=\"article:published_time\" content=\"2024-06-09T19:04:38+00:00\" \/>\n<meta property=\"og:image\" content=\"https:\/\/diarioabcdemichoacan.com.mx\/lasnoticias\/wp-content\/uploads\/2024\/06\/IMG-20240609-WA0089.jpg\" \/>\n\t<meta property=\"og:image:width\" content=\"1200\" \/>\n\t<meta property=\"og:image:height\" content=\"1600\" \/>\n\t<meta property=\"og:image:type\" content=\"image\/jpeg\" \/>\n<meta name=\"author\" content=\"MD\" \/>\n<meta name=\"twitter:card\" content=\"summary_large_image\" \/>\n<meta name=\"twitter:label1\" content=\"Escrito por\" \/>\n\t<meta name=\"twitter:data1\" content=\"MD\" \/>\n\t<meta name=\"twitter:label2\" content=\"Tiempo de lectura\" \/>\n\t<meta name=\"twitter:data2\" content=\"1 minuto\" \/>\n<script type=\"application\/ld+json\" class=\"yoast-schema-graph\">{\"@context\":\"https:\/\/schema.org\",\"@graph\":[{\"@type\":\"WebPage\",\"@id\":\"https:\/\/diarioabcdemichoacan.com.mx\/lasnoticias\/integrantes-del-barrio-el-vergel-realizan-recorrido-al-centro-de-uruapan\/\",\"url\":\"https:\/\/diarioabcdemichoacan.com.mx\/lasnoticias\/integrantes-del-barrio-el-vergel-realizan-recorrido-al-centro-de-uruapan\/\",\"name\":\"Integrantes del barrio El Vergel realizan recorrido al centro de Uruapan - Diario ABC de Michoac\u00e1n\",\"isPartOf\":{\"@id\":\"https:\/\/diarioabcdemichoacan.com.mx\/lasnoticias\/#website\"},\"primaryImageOfPage\":{\"@id\":\"https:\/\/diarioabcdemichoacan.com.mx\/lasnoticias\/integrantes-del-barrio-el-vergel-realizan-recorrido-al-centro-de-uruapan\/#primaryimage\"},\"image\":{\"@id\":\"https:\/\/diarioabcdemichoacan.com.mx\/lasnoticias\/integrantes-del-barrio-el-vergel-realizan-recorrido-al-centro-de-uruapan\/#primaryimage\"},\"thumbnailUrl\":\"https:\/\/diarioabcdemichoacan.com.mx\/lasnoticias\/wp-content\/uploads\/2024\/06\/IMG-20240609-WA0089.jpg\",\"datePublished\":\"2024-06-09T19:04:38+00:00\",\"dateModified\":\"2024-06-09T19:04:38+00:00\",\"author\":{\"@id\":\"https:\/\/diarioabcdemichoacan.com.mx\/lasnoticias\/#\/schema\/person\/657e7c20ff5297f317664d985712e8e8\"},\"breadcrumb\":{\"@id\":\"https:\/\/diarioabcdemichoacan.com.mx\/lasnoticias\/integrantes-del-barrio-el-vergel-realizan-recorrido-al-centro-de-uruapan\/#breadcrumb\"},\"inLanguage\":\"es\",\"potentialAction\":[{\"@type\":\"ReadAction\",\"target\":[\"https:\/\/diarioabcdemichoacan.com.mx\/lasnoticias\/integrantes-del-barrio-el-vergel-realizan-recorrido-al-centro-de-uruapan\/\"]}]},{\"@type\":\"ImageObject\",\"inLanguage\":\"es\",\"@id\":\"https:\/\/diarioabcdemichoacan.com.mx\/lasnoticias\/integrantes-del-barrio-el-vergel-realizan-recorrido-al-centro-de-uruapan\/#primaryimage\",\"url\":\"https:\/\/diarioabcdemichoacan.com.mx\/lasnoticias\/wp-content\/uploads\/2024\/06\/IMG-20240609-WA0089.jpg\",\"contentUrl\":\"https:\/\/diarioabcdemichoacan.com.mx\/lasnoticias\/wp-content\/uploads\/2024\/06\/IMG-20240609-WA0089.jpg\",\"width\":1200,\"height\":1600},{\"@type\":\"BreadcrumbList\",\"@id\":\"https:\/\/diarioabcdemichoacan.com.mx\/lasnoticias\/integrantes-del-barrio-el-vergel-realizan-recorrido-al-centro-de-uruapan\/#breadcrumb\",\"itemListElement\":[{\"@type\":\"ListItem\",\"position\":1,\"name\":\"Portada\",\"item\":\"https:\/\/diarioabcdemichoacan.com.mx\/lasnoticias\/\"},{\"@type\":\"ListItem\",\"position\":2,\"name\":\"Integrantes del barrio El Vergel realizan recorrido al centro de Uruapan\"}]},{\"@type\":\"WebSite\",\"@id\":\"https:\/\/diarioabcdemichoacan.com.mx\/lasnoticias\/#website\",\"url\":\"https:\/\/diarioabcdemichoacan.com.mx\/lasnoticias\/\",\"name\":\"Diario ABC de Michoac\u00e1n\",\"description\":\"Las noticias al momento\",\"potentialAction\":[{\"@type\":\"SearchAction\",\"target\":{\"@type\":\"EntryPoint\",\"urlTemplate\":\"https:\/\/diarioabcdemichoacan.com.mx\/lasnoticias\/?s={search_term_string}\"},\"query-input\":{\"@type\":\"PropertyValueSpecification\",\"valueRequired\":true,\"valueName\":\"search_term_string\"}}],\"inLanguage\":\"es\"},{\"@type\":\"Person\",\"@id\":\"https:\/\/diarioabcdemichoacan.com.mx\/lasnoticias\/#\/schema\/person\/657e7c20ff5297f317664d985712e8e8\",\"name\":\"MD\",\"image\":{\"@type\":\"ImageObject\",\"inLanguage\":\"es\",\"@id\":\"https:\/\/diarioabcdemichoacan.com.mx\/lasnoticias\/#\/schema\/person\/image\/\",\"url\":\"https:\/\/secure.gravatar.com\/avatar\/a769375eedc94419a5b67bc5d63567af?s=96&d=mm&r=g\",\"contentUrl\":\"https:\/\/secure.gravatar.com\/avatar\/a769375eedc94419a5b67bc5d63567af?s=96&d=mm&r=g\",\"caption\":\"MD\"},\"url\":\"https:\/\/diarioabcdemichoacan.com.mx\/lasnoticias\/author\/merelydpa\/\"}]}<\/script>\n<!-- \/ Yoast SEO plugin. -->","yoast_head_json":{"title":"Integrantes del barrio El Vergel realizan recorrido al centro de Uruapan - Diario ABC de Michoac\u00e1n","robots":{"index":"index","follow":"follow","max-snippet":"max-snippet:-1","max-image-preview":"max-image-preview:large","max-video-preview":"max-video-preview:-1"},"canonical":"https:\/\/diarioabcdemichoacan.com.mx\/lasnoticias\/integrantes-del-barrio-el-vergel-realizan-recorrido-al-centro-de-uruapan\/","og_locale":"es_ES","og_type":"article","og_title":"Integrantes del barrio El Vergel realizan recorrido al centro de Uruapan - Diario ABC de Michoac\u00e1n","og_description":"Con las tradicionales yuntas al t\u00e9rmino de la fiesta patronal. POR BLANCA SIM\u00d3N ORTIZ, DIARIO ABC DE MICHOAC\u00c1N, 09 DE JUNIO DE 2024. URUAPAN MICH.- Habitantes del barrio El vergel tambi\u00e9n conocido como el de la Trinidad y del Sagrado Coraz\u00f3n de Jes\u00fas realizaron el tradicional recorrido hacia el centro de la ciudad de Uruapan [&hellip;]","og_url":"https:\/\/diarioabcdemichoacan.com.mx\/lasnoticias\/integrantes-del-barrio-el-vergel-realizan-recorrido-al-centro-de-uruapan\/","og_site_name":"Diario ABC de Michoac\u00e1n","article_published_time":"2024-06-09T19:04:38+00:00","og_image":[{"width":1200,"height":1600,"url":"https:\/\/diarioabcdemichoacan.com.mx\/lasnoticias\/wp-content\/uploads\/2024\/06\/IMG-20240609-WA0089.jpg","type":"image\/jpeg"}],"author":"MD","twitter_card":"summary_large_image","twitter_misc":{"Escrito por":"MD","Tiempo de lectura":"1 minuto"},"schema":{"@context":"https:\/\/schema.org","@graph":[{"@type":"WebPage","@id":"https:\/\/diarioabcdemichoacan.com.mx\/lasnoticias\/integrantes-del-barrio-el-vergel-realizan-recorrido-al-centro-de-uruapan\/","url":"https:\/\/diarioabcdemichoacan.com.mx\/lasnoticias\/integrantes-del-barrio-el-vergel-realizan-recorrido-al-centro-de-uruapan\/","name":"Integrantes del barrio El Vergel realizan recorrido al centro de Uruapan - Diario ABC de Michoac\u00e1n","isPartOf":{"@id":"https:\/\/diarioabcdemichoacan.com.mx\/lasnoticias\/#website"},"primaryImageOfPage":{"@id":"https:\/\/diarioabcdemichoacan.com.mx\/lasnoticias\/integrantes-del-barrio-el-vergel-realizan-recorrido-al-centro-de-uruapan\/#primaryimage"},"image":{"@id":"https:\/\/diarioabcdemichoacan.com.mx\/lasnoticias\/integrantes-del-barrio-el-vergel-realizan-recorrido-al-centro-de-uruapan\/#primaryimage"},"thumbnailUrl":"https:\/\/diarioabcdemichoacan.com.mx\/lasnoticias\/wp-content\/uploads\/2024\/06\/IMG-20240609-WA0089.jpg","datePublished":"2024-06-09T19:04:38+00:00","dateModified":"2024-06-09T19:04:38+00:00","author":{"@id":"https:\/\/diarioabcdemichoacan.com.mx\/lasnoticias\/#\/schema\/person\/657e7c20ff5297f317664d985712e8e8"},"breadcrumb":{"@id":"https:\/\/diarioabcdemichoacan.com.mx\/lasnoticias\/integrantes-del-barrio-el-vergel-realizan-recorrido-al-centro-de-uruapan\/#breadcrumb"},"inLanguage":"es","potentialAction":[{"@type":"ReadAction","target":["https:\/\/diarioabcdemichoacan.com.mx\/lasnoticias\/integrantes-del-barrio-el-vergel-realizan-recorrido-al-centro-de-uruapan\/"]}]},{"@type":"ImageObject","inLanguage":"es","@id":"https:\/\/diarioabcdemichoacan.com.mx\/lasnoticias\/integrantes-del-barrio-el-vergel-realizan-recorrido-al-centro-de-uruapan\/#primaryimage","url":"https:\/\/diarioabcdemichoacan.com.mx\/lasnoticias\/wp-content\/uploads\/2024\/06\/IMG-20240609-WA0089.jpg","contentUrl":"https:\/\/diarioabcdemichoacan.com.mx\/lasnoticias\/wp-content\/uploads\/2024\/06\/IMG-20240609-WA0089.jpg","width":1200,"height":1600},{"@type":"BreadcrumbList","@id":"https:\/\/diarioabcdemichoacan.com.mx\/lasnoticias\/integrantes-del-barrio-el-vergel-realizan-recorrido-al-centro-de-uruapan\/#breadcrumb","itemListElement":[{"@type":"ListItem","position":1,"name":"Portada","item":"https:\/\/diarioabcdemichoacan.com.mx\/lasnoticias\/"},{"@type":"ListItem","position":2,"name":"Integrantes del barrio El Vergel realizan recorrido al centro de Uruapan"}]},{"@type":"WebSite","@id":"https:\/\/diarioabcdemichoacan.com.mx\/lasnoticias\/#website","url":"https:\/\/diarioabcdemichoacan.com.mx\/lasnoticias\/","name":"Diario ABC de Michoac\u00e1n","description":"Las noticias al momento","potentialAction":[{"@type":"SearchAction","target":{"@type":"EntryPoint","urlTemplate":"https:\/\/diarioabcdemichoacan.com.mx\/lasnoticias\/?s={search_term_string}"},"query-input":{"@type":"PropertyValueSpecification","valueRequired":true,"valueName":"search_term_string"}}],"inLanguage":"es"},{"@type":"Person","@id":"https:\/\/diarioabcdemichoacan.com.mx\/lasnoticias\/#\/schema\/person\/657e7c20ff5297f317664d985712e8e8","name":"MD","image":{"@type":"ImageObject","inLanguage":"es","@id":"https:\/\/diarioabcdemichoacan.com.mx\/lasnoticias\/#\/schema\/person\/image\/","url":"https:\/\/secure.gravatar.com\/avatar\/a769375eedc94419a5b67bc5d63567af?s=96&d=mm&r=g","contentUrl":"https:\/\/secure.gravatar.com\/avatar\/a769375eedc94419a5b67bc5d63567af?s=96&d=mm&r=g","caption":"MD"},"url":"https:\/\/diarioabcdemichoacan.com.mx\/lasnoticias\/author\/merelydpa\/"}]}},"_links":{"self":[{"href":"https:\/\/diarioabcdemichoacan.com.mx\/lasnoticias\/wp-json\/wp\/v2\/posts\/9774","targetHints":{"allow":["GET"]}}],"collection":[{"href":"https:\/\/diarioabcdemichoacan.com.mx\/lasnoticias\/wp-json\/wp\/v2\/posts"}],"about":[{"href":"https:\/\/diarioabcdemichoacan.com.mx\/lasnoticias\/wp-json\/wp\/v2\/types\/post"}],"author":[{"embeddable":true,"href":"https:\/\/diarioabcdemichoacan.com.mx\/lasnoticias\/wp-json\/wp\/v2\/users\/8"}],"replies":[{"embeddable":true,"href":"https:\/\/diarioabcdemichoacan.com.mx\/lasnoticias\/wp-json\/wp\/v2\/comments?post=9774"}],"version-history":[{"count":1,"href":"https:\/\/diarioabcdemichoacan.com.mx\/lasnoticias\/wp-json\/wp\/v2\/posts\/9774\/revisions"}],"predecessor-version":[{"id":9776,"href":"https:\/\/diarioabcdemichoacan.com.mx\/lasnoticias\/wp-json\/wp\/v2\/posts\/9774\/revisions\/9776"}],"wp:featuredmedia":[{"embeddable":true,"href":"https:\/\/diarioabcdemichoacan.com.mx\/lasnoticias\/wp-json\/wp\/v2\/media\/9775"}],"wp:attachment":[{"href":"https:\/\/diarioabcdemichoacan.com.mx\/lasnoticias\/wp-json\/wp\/v2\/media?parent=9774"}],"wp:term":[{"taxonomy":"category","embeddable":true,"href":"https:\/\/diarioabcdemichoacan.com.mx\/lasnoticias\/wp-json\/wp\/v2\/categories?post=9774"},{"taxonomy":"post_tag","embeddable":true,"href":"https:\/\/diarioabcdemichoacan.com.mx\/lasnoticias\/wp-json\/wp\/v2\/tags?post=9774"}],"curies":[{"name":"wp","href":"https:\/\/api.w.org\/{rel}","templated":true}]}}